{"id":578,"date":"2020-02-25T23:42:29","date_gmt":"2020-02-25T22:42:29","guid":{"rendered":"http:\/\/monika-karbowska-liberte-pour-julian-assange.ovh\/?p=578"},"modified":"2021-02-11T00:42:57","modified_gmt":"2021-02-10T23:42:57","slug":"proces-de-wikileaks-ou-proces-de-julian-assange-2","status":"publish","type":"post","link":"http:\/\/monika-karbowska-liberte-pour-julian-assange.ovh\/?p=578","title":{"rendered":"Proc\u00e8s de Wikileaks ou proc\u00e8s de Julian Assange? Mardi 25 f\u00e9vrier 2020 &#8211; Violences en r\u00e9union"},"content":{"rendered":"\n<p class=\"has-huge-font-size\"><em>Mardi 25 f\u00e9vrier 2020 &#8211; Violences en r\u00e9union<\/em><\/p>\n\n\n\n<figure class=\"wp-block-image size-large is-resized\"><img src=\"http:\/\/monika-karbowska-liberte-pour-julian-assange.ovh\/wp-content\/uploads\/2020\/12\/Assange1.jpg\" alt=\"\" class=\"wp-image-581\" height=\"700\" srcset=\"http:\/\/monika-karbowska-liberte-pour-julian-assange.ovh\/wp-content\/uploads\/2020\/12\/Assange1.jpg 720w, http:\/\/monika-karbowska-liberte-pour-julian-assange.ovh\/wp-content\/uploads\/2020\/12\/Assange1-225x300.jpg 225w\" sizes=\"(max-width: 720px) 100vw, 720px\" \/><figcaption>Photo vol\u00e9e fuit\u00e9e faite le 24 ou 25 f\u00e9vrier 2020<\/figcaption><\/figure>\n\n\n\n<p class=\"has-large-font-size\"><strong>Monika Karbowska<\/strong><\/p>\n\n\n\n<p>Le deuxi\u00e8me jour du proc\u00e8s il fait froid, mais ma chambre n\u2019est \u00e0 qu\u2019\u00e0 10 minutes de marche dans le lotissement en face de la prison, j\u2019arrive donc devant la grille du tribunal \u00e0 5h45. Je suis la sixi\u00e8me personne dans la file, derri\u00e8re Patrick Henningsen et un homme et une femme Am\u00e9ricains. L\u2019homme est volubile, il tente d\u2019\u00e9gayer l\u2019atmosph\u00e8re alors que le jour se l\u00e8ve et nous grelotons emmitoufl\u00e9s dans nos doudounes, manteaux, chapeaux et bonnets. Il chante des airs ironiques \u00e0 l\u2019attention des policiers et des agents de s\u00e9curit\u00e9. J&rsquo;apprends plus tard qu&rsquo;il s&rsquo;appelle Randy Credico. La conversation s\u2019engage alors cordialement, et je veux alors croire que nous sommes tous ensemble dans le m\u00eame but&nbsp;: la lib\u00e9ration de Julian Assange. C\u2019est une coll\u00e8gue qui me signale la pr\u00e9sence de Angela Richter qui munie d\u2019une b\u00e9quille passe devant nous et parvient \u00e0 se faire ouvrir la grille. Encore une bonne heure d\u2019attente et nous nous retrouverons devant la porte du b\u00e2timent avant d\u2019\u00eatre admis \u00e0 travers les portiques de s\u00e9curit\u00e9. Le deuxi\u00e8me jour il y a nettement moins de monde&nbsp;: les journalistes ont d\u00e9j\u00e0 d\u00e9sert\u00e9 les lieux ce matin et les cars de Gilets Jaunes n\u2019\u00e9taient pr\u00e9vus par leur organisateurs que pour une journ\u00e9e. Je pense donc ne pas avoir \u00e0 subir les bagarres de la veille, m\u00eame lorsqu\u2019arriv\u00e9e dans le fameux \u00ab&nbsp;sas d\u2019attente&nbsp;\u00bb je constate que je suis troisi\u00e8me derri\u00e8re Henningsen et Richter d\u00e9j\u00e0 appuy\u00e9e sur sa b\u00e9quille devant la porte de l\u2019escalier de secours. Le sas est vite rempli par notre file et nous patientons encore jusqu\u2019\u00e0 9h50. Je suis rassur\u00e9e \u00e9galement par le fait que Randy Credico, parti chercher un caf\u00e9, reprend naturellement sa place \u00e0 l\u2019avant m\u00eame si je vois \u00e0 l\u2019expression de son visage que la n\u00e9cessit\u00e9 de se battre pour conserver cette place ne l\u2019enchante gu\u00e8re.<\/p>\n\n\n\n<figure class=\"wp-block-image size-large\"><img loading=\"lazy\" width=\"1024\" height=\"576\" src=\"http:\/\/monika-karbowska-liberte-pour-julian-assange.ovh\/wp-content\/uploads\/2020\/12\/20200226_083530-1024x576.jpg\" alt=\"\" class=\"wp-image-582\" srcset=\"http:\/\/monika-karbowska-liberte-pour-julian-assange.ovh\/wp-content\/uploads\/2020\/12\/20200226_083530-1024x576.jpg 1024w, http:\/\/monika-karbowska-liberte-pour-julian-assange.ovh\/wp-content\/uploads\/2020\/12\/20200226_083530-300x169.jpg 300w, http:\/\/monika-karbowska-liberte-pour-julian-assange.ovh\/wp-content\/uploads\/2020\/12\/20200226_083530-768x432.jpg 768w, http:\/\/monika-karbowska-liberte-pour-julian-assange.ovh\/wp-content\/uploads\/2020\/12\/20200226_083530-1536x864.jpg 1536w, http:\/\/monika-karbowska-liberte-pour-julian-assange.ovh\/wp-content\/uploads\/2020\/12\/20200226_083530-2048x1152.jpg 2048w, http:\/\/monika-karbowska-liberte-pour-julian-assange.ovh\/wp-content\/uploads\/2020\/12\/20200226_083530-1568x882.jpg 1568w\" sizes=\"(max-width: 1024px) 100vw, 1024px\" \/><figcaption>Devant la Woolwich court dans le froid le 25 f\u00e9vrier 2020<\/figcaption><\/figure>\n\n\n\n<p>Ma surprise est donc grande lorsque, ayant justement entrevu l\u2019agent de s\u00e9curit\u00e9 charg\u00e9 de d\u00e9verrouiller la porte, <strong>je vois Patrick Henningsen fondre sur moi, me prendre par les \u00e9paules, et approcher son visage mena\u00e7ant tout pr\u00e8s du mien<\/strong>. \u00ab&nbsp;Tu ne dois pas \u00eatre l\u00e0, tu dois partir d\u2019ici&nbsp;\u00bb dit-il en substance. Avant que je n\u2019aies le temps de r\u00e9agir, un autre \u00e9v\u00e9nement se produit&nbsp;: <strong>Sevim Dagdelen, la d\u00e9put\u00e9e de die Linke entr\u00e9e avant nous avec une carte de presse, arrive en trombe dans le sas<\/strong>. Elle crie que Kristinn Hrafnsson a \u00e9t\u00e9 arr\u00eat\u00e9 par la s\u00e9curit\u00e9 \u00e0 l\u2019entr\u00e9e car il ne faisait pas partie des 18 premi\u00e8res personnes et qu\u2019il faut \u00ab&nbsp;donc&nbsp;\u00bb que quelqu\u2019un lui c\u00e8de sa place. C\u2019est alors que tous les regards de l\u2019hostile assistance se tournent vers moi, comme si j\u2019\u00e9tais la g\u00eaneuse dont il faut se d\u00e9barrasser \u00e0 tout prix. Sous le choc, je ne trouve pas d\u2019autres mots que mes arguments habituels \u00ab&nbsp;j\u2019ai le droit d\u2019\u00eatre l\u00e0 comme vous, nous sommes tous \u00e9gaux&nbsp;\u00bb mais le ton de la d\u00e9put\u00e9e se fait agressif.<\/p>\n\n\n\n<figure class=\"wp-block-image size-large\"><img loading=\"lazy\" width=\"1024\" height=\"642\" src=\"http:\/\/monika-karbowska-liberte-pour-julian-assange.ovh\/wp-content\/uploads\/2020\/12\/SDagdelen-1024x642.jpg\" alt=\"\" class=\"wp-image-583\" srcset=\"http:\/\/monika-karbowska-liberte-pour-julian-assange.ovh\/wp-content\/uploads\/2020\/12\/SDagdelen-1024x642.jpg 1024w, http:\/\/monika-karbowska-liberte-pour-julian-assange.ovh\/wp-content\/uploads\/2020\/12\/SDagdelen-300x188.jpg 300w, http:\/\/monika-karbowska-liberte-pour-julian-assange.ovh\/wp-content\/uploads\/2020\/12\/SDagdelen-768x482.jpg 768w, http:\/\/monika-karbowska-liberte-pour-julian-assange.ovh\/wp-content\/uploads\/2020\/12\/SDagdelen-1536x964.jpg 1536w, http:\/\/monika-karbowska-liberte-pour-julian-assange.ovh\/wp-content\/uploads\/2020\/12\/SDagdelen-1568x984.jpg 1568w, http:\/\/monika-karbowska-liberte-pour-julian-assange.ovh\/wp-content\/uploads\/2020\/12\/SDagdelen.jpg 1814w\" sizes=\"(max-width: 1024px) 100vw, 1024px\" \/><figcaption>Sevim Dagdelen, d\u00e9put\u00e9e de die Linke et mon agresseure du 25 f\u00e9vrier 2020<\/figcaption><\/figure>\n\n\n\n<p>Brusquement ce sont trois personnes qui me somment de d\u00e9guerpir comme si elles avaient un droit naturel \u00e0 d\u00e9cider de ce que je peux faire et de ce qui me serait interdit. Rebecca Vincent emboite le pas \u00e0 Sevim Dagdelen&nbsp;: elle crie \u00ab&nbsp;tu ne fais pas partie des soutiens de Wikileaks tu n\u2019as pas ta place ici&nbsp;\u00bb&nbsp;!&nbsp; J\u2019avais remarqu\u00e9 qu\u2019elle ne me portait aucune sympathie mais je n\u2019imaginais pas une seconde que des personnalit\u00e9s ayant des positions sociales aussi honorables (d\u00e9put\u00e9e au Bundestag, journaliste\u2026) puissent sonner une esp\u00e8ce d\u2019hallali contre la citoyenne lambda que je suis. On dirait une ambiance de secte ou seuls les initi\u00e9s ont le droit de passer la porte du saint des saints. Or, c\u2019est un tribunal, un lieu public et je ne suis pas oblig\u00e9e de \u00ab&nbsp;soutenir Wikileaks&nbsp;\u00bb pour avoir le droit d\u2019\u00eatre l\u00e0, n\u2019importe qui peut venir ici comme simple observateur. Je suis r\u00e9ellement effray\u00e9e mais j\u2019essaye de leur rappeler qu\u2019une association de d\u00e9fense des droits de l\u2019homme, telle que Wikijustice, n\u2019a vocation \u00e0 d\u00e9fendre que des \u00eatres humains, pas des organisations, en l\u2019occurrence un homme, Julian Assange, pour la d\u00e9fense duquel je suis ici. <strong>Les deux personnalit\u00e9s f\u00e9minines se font mena\u00e7antes et dans l\u2019\u00e9troitesse de l\u2019espace du sas je crains pour ma s\u00e9curit\u00e9 physique&nbsp;: \u00ab&nbsp;vous avez vu, elle ne soutient pas Wikileaks&nbsp;\u00bb&nbsp;! crient-elles.<\/strong> Devant moi Angela Richter a l\u2019air d\u2019\u00eatre de leur c\u00f4t\u00e9, les autres baissent la t\u00eate. Alors, je fais face \u00e0 mon premier assaillant et je hausse le ton \u00e9galement. Cela attire enfin l\u2019agent de s\u00e9curit\u00e9 qui cesse de se planquer dans les recoins et fait venir deux hommes habill\u00e9s d\u2019uniformes de police. Troisi\u00e8me surprise, les deux hommes me rendent responsable de la situation et menacent de m\u2019expulser des lieux alors m\u00eame que je me tais et que Patrick Hennigsen continue de m\u2019insulter tranquillement devant eux. La sc\u00e8ne est surr\u00e9aliste. C\u2019est la manageuse Rosie Sylvester qui me sauve du lynchage qui se pr\u00e9pare&nbsp;: elle apparait dans le sas, calme le jeu, donne des ordres \u00e0 l\u2019agent de s\u00e9curit\u00e9. Les policiers s\u2019en vont. Je reste silencieuse au milieu de la pi\u00e8ce, incapable de bouger.<\/p>\n\n\n\n<figure class=\"wp-block-image size-large\"><img loading=\"lazy\" width=\"1024\" height=\"659\" src=\"http:\/\/monika-karbowska-liberte-pour-julian-assange.ovh\/wp-content\/uploads\/2020\/12\/woolich2-1024x659.jpg\" alt=\"\" class=\"wp-image-584\" srcset=\"http:\/\/monika-karbowska-liberte-pour-julian-assange.ovh\/wp-content\/uploads\/2020\/12\/woolich2-1024x659.jpg 1024w, http:\/\/monika-karbowska-liberte-pour-julian-assange.ovh\/wp-content\/uploads\/2020\/12\/woolich2-300x193.jpg 300w, http:\/\/monika-karbowska-liberte-pour-julian-assange.ovh\/wp-content\/uploads\/2020\/12\/woolich2-768x494.jpg 768w, http:\/\/monika-karbowska-liberte-pour-julian-assange.ovh\/wp-content\/uploads\/2020\/12\/woolich2-1536x988.jpg 1536w, http:\/\/monika-karbowska-liberte-pour-julian-assange.ovh\/wp-content\/uploads\/2020\/12\/woolich2-1568x1009.jpg 1568w, http:\/\/monika-karbowska-liberte-pour-julian-assange.ovh\/wp-content\/uploads\/2020\/12\/woolich2.jpg 2000w\" sizes=\"(max-width: 1024px) 100vw, 1024px\" \/><figcaption>Sevim Dagdelen et Heike H\u00e4nsel, d\u00e9put\u00e9es de die Linke, hostiles et agressives vis \u00e0 vis de moi le 25 f\u00e9vrier 2020 au proc\u00e8s de Julian Assange<\/figcaption><\/figure>\n\n\n\n<p>Je crois malgr\u00e9 tout que la tension va se calmer et que nous allons bient\u00f4t entrer dans l\u2019escalier. D\u2019ailleurs, la raison du conflit a disparu car Kristinn Hrafnsson traverse le sas suivi par Jennifer Robinson, en robe verte et saluant les pr\u00e9sents, et par les avocats Summers, Fitzgerald, Peirce et Lyon. Tous se dirigent vers la salle d\u2019audience. Mais c\u2019\u00e9tait sans compter avec les furies d\u00e9clench\u00e9es&nbsp;: voil\u00e0 que Rebecca Vincent resquille toute la file pour se planter devant Rosie Sylvester. Elle me d\u00e9signe du doigt, lui dit \u00e0 quel point je suis ind\u00e9sirable et d\u2019autres horreurs que j\u2019essaye d\u2019oublier depuis. Je n\u2019en crois pas mes oreilles, je n\u2019ai pas v\u00e9cu pareil harc\u00e8lement direct et absurde depuis que j\u2019ai quitt\u00e9 l\u2019\u00e9cole\u2026 Je dois d\u00e9fendre mon honneur et l\u2019image de mon organisation. Toujours immobile au milieu du sas, entour\u00e9e d\u2019ennemis, je supplie Madame Sylvester de ne pas \u00e9couter ces propos diffamatoires\u2026 Elle me fait un signe m\u00eal\u00e9 de compr\u00e9hension et d\u2019impuissance. N\u00e9anmoins elle commence \u00e0 pr\u00e9parer le passage vers la galerie et demande \u00e0 \u00ab&nbsp;la famille&nbsp;\u00bb de se tenir pr\u00eate \u00e0 entrer. John Shipton, son fr\u00e8re, Gabriel Shipton et un autre jeune homme fendent la foule pour s\u2019approcher d\u2019elle et tout le monde les laisse passer. Mais alors encore un coup de th\u00e9\u00e2tre a lieu&nbsp;: l\u2019agent de s\u00e9curit\u00e9 pr\u00e9pos\u00e9 \u00e0 notre surveillance dans la galerie apparait dans le sas et crie \u00e0 tout va&nbsp;: \u00abMonsieur Kristinn Hrafnsson est interdit d\u2019entrer dans le public sur ordre du tribunal&nbsp;!&nbsp;\u00bb. Les exclamations d\u2019indignation fusent alors que Kristinn Hrafnsson revient de la salle d\u2019audience dans le sas. Il exprime sa col\u00e8re et son incompr\u00e9hension. Alors John Shipton dit qu\u2019il va annoncer aux m\u00e9dias que la famille boycottera l\u2019audience. Aussit\u00f4t dit, aussit\u00f4t fait. Entre temps, l\u2019agent de s\u00e9curit\u00e9 a enfin d\u00e9verrouill\u00e9 la porte menant \u00e0 l\u2019escalier de secours et je cours m\u2019assoir dans la galerie. Curieusement j\u2019acc\u00e8de \u00e0 une des meilleures places pour voir Julian le plus pr\u00e8s possible&nbsp;: le deuxi\u00e8me fauteuil du premier rang. Je ne suis pas inqui\u00e8te pour Kristinn Hrafnsson et j\u2019ai raison&nbsp;: \u00e0 peine tous les spectateurs assis, il revient avec les trois membres des Shipton s\u2019installer triomphalement sur les si\u00e8ges r\u00e9serv\u00e9s \u00e0 la famille, suivi de Fidel Narvaez et de Craig Murray. L\u2019audience se met en place laborieusement, la juge Baraitser n\u2019est pas l\u00e0 et Julian Assange est absent du box. Beaucoup de bruit pour pas grand-chose. D\u2019ailleurs, les d\u00e9put\u00e9es allemandes Heike H\u00e4nsel et Sevim Dagdelen continuent de twitter sur l\u2019incident sans que cela ne g\u00eane notre surveillant alors qu\u2019il est 10 heures pass\u00e9es.<\/p>\n\n\n\n<figure class=\"wp-block-embed is-type-video is-provider-youtube wp-block-embed-youtube wp-embed-aspect-16-9 wp-has-aspect-ratio\"><div class=\"wp-block-embed__wrapper\">\n<iframe title=\"Julian Assange\u2019s US extradition hearing report\" width=\"640\" height=\"360\" src=\"https:\/\/www.youtube.com\/embed\/FmL9wm2_p-Y?feature=oembed\" frameborder=\"0\" allow=\"accelerometer; autoplay; clipboard-write; encrypted-media; gyroscope; picture-in-picture\" allowfullscreen><\/iframe>\n<\/div><figcaption>Rebecca Vincent qui m&rsquo;a agress\u00e9e dans la Woolwich Court le 25 f\u00e9vrier 2020<\/figcaption><\/figure>\n\n\n\n<p>Le public se l\u00e8ve enfin pour la juge Baraitser. Le troisi\u00e8me jour, Kristinn Hrafnsson d\u00e9cidera que nous devons nous lever pour l\u2019arriv\u00e9e de Julian Assange ce qui est fait de bonne gr\u00e2ce. Mais ce mardi, avant son arriv\u00e9e, je vois la manageuse discuter avec la juge et Baraitser l\u00e8ve un regard interrogateur et courrouc\u00e9 vers le public. C\u2019est l\u2019une des rares fois o\u00f9 on la voit nous scruter. Peu apr\u00e8s Julian Assange arrive dans le box avec les deux gardiens. Il s\u2019assied au milieu du banc et je le vois de beaucoup plus pr\u00e8s, cinq \u00e0 six m\u00e8tres en dessous du balcon de la galerie. Il porte le m\u00eame costume gris que la veille et dans les mains non pas le volumineux classeur, mais un cahier A4. Il n\u2019a plus de lunettes, et fait tout de suite signe en portant sa main \u00e0 son oreille qu\u2019il n\u2019entend pas. Il a l\u2019air tr\u00e8s abattu et il ne salue ni ne regarde personne. Je vois son visage marqu\u00e9, ses yeux paraissent enfonc\u00e9s dans les orbites. Il a l\u2019air de souffrir int\u00e9rieurement, et son immobilit\u00e9 pendant la journ\u00e9e confirmera cette premi\u00e8re impression.<\/p>\n\n\n\n<figure class=\"wp-block-image size-large\"><img loading=\"lazy\" width=\"1024\" height=\"768\" src=\"http:\/\/monika-karbowska-liberte-pour-julian-assange.ovh\/wp-content\/uploads\/2020\/12\/IMG_9790-1024x768.jpg\" alt=\"\" class=\"wp-image-585\" srcset=\"http:\/\/monika-karbowska-liberte-pour-julian-assange.ovh\/wp-content\/uploads\/2020\/12\/IMG_9790-1024x768.jpg 1024w, http:\/\/monika-karbowska-liberte-pour-julian-assange.ovh\/wp-content\/uploads\/2020\/12\/IMG_9790-300x225.jpg 300w, http:\/\/monika-karbowska-liberte-pour-julian-assange.ovh\/wp-content\/uploads\/2020\/12\/IMG_9790-768x576.jpg 768w, http:\/\/monika-karbowska-liberte-pour-julian-assange.ovh\/wp-content\/uploads\/2020\/12\/IMG_9790-1536x1152.jpg 1536w, http:\/\/monika-karbowska-liberte-pour-julian-assange.ovh\/wp-content\/uploads\/2020\/12\/IMG_9790-1568x1176.jpg 1568w, http:\/\/monika-karbowska-liberte-pour-julian-assange.ovh\/wp-content\/uploads\/2020\/12\/IMG_9790.jpg 2048w\" sizes=\"(max-width: 1024px) 100vw, 1024px\" \/><figcaption>photo fuit\u00e9e de la salle d&rsquo;audience. Zoom sur l&rsquo;espace des journalistes. Assange est invisible au fond \u00e0 gauche<\/figcaption><\/figure>\n\n\n\n<p>Edward Hamilton Fitzgerald s\u2019engage d\u2019abord dans un dialogue avec la juge concernant la transcription des d\u00e9bats. Alors qu\u2019il objecte que c\u2019est une entreprise priv\u00e9e qui effectue ce compte-rendu, la juge Baraitser lui r\u00e9pond que cela ne fait pas de diff\u00e9rence. Pour l\u2019avocat c\u2019est une question de co\u00fbts qui devraient \u00eatre partag\u00e9s par les deux parties. Il n\u2019a pas tord&nbsp;: nous avons fait \u00e9tablir un devis pour la transcription de l\u2019audience du 23 janvier et il s\u2019\u00e9levait \u00e0 plus de 100 livres pour 45 minutes de proc\u00e8s, je n\u2019ose imaginer combien le public devrait payer pour b\u00e9n\u00e9ficier de l\u2019int\u00e9gralit\u00e9 des actes qui devraient \u00eatre gratuits et accessibles, la justice en d\u00e9mocratie devant demeurer un service public\u2026La pr\u00e9sence la veille de manifestants fran\u00e7ais aguerris dans les luttes contre les privatisation du service public prend alors tout son sens. D\u2019ailleurs, ils ont galvanis\u00e9 les manifestants anglais dont on entend ce matin les slogans et les chants dans cette salle m\u00eame.<\/p>\n\n\n\n<p>Ensuite Hamilton Fitzgerald aborde la question des violences auxquelles les gardiens auraient soumis Julian la veille&nbsp;: menottes et fouilles au corps r\u00e9p\u00e9t\u00e9es. Je sais que le dernier rapport d\u2019inspection de la prison Belmarsh stipule pourtant que les personnes en d\u00e9tention provisoire ne doivent pas \u00eatre menott\u00e9es et surtout le scanner corporel dont la prison est \u00e9quip\u00e9e rend d\u00e9sormais inutiles et interdites les fouilles au corps, ces pratiques sadiques d\u2019un autre \u00e2ge<a href=\"#_ftn1\">[1]<\/a>. Je suis surprise que la juge Baraitser renvoie l\u2019avocat \u00e0 \u00ab&nbsp;d\u2019autres autorit\u00e9s&nbsp;\u00bb alors qu\u2019elle est juge et garante du \u00ab&nbsp;fair trial&nbsp;\u00bb, du proc\u00e8s \u00e9quitable. Elle rajoute cependant qu\u2019il \u00ab&nbsp;doit \u00eatre bien trait\u00e9&nbsp;\u00bb comme si c\u2019\u00e9tait une faveur et non pas un droit essentiel dans un Etat de droit. L\u2019avocat b\u00e9gaye \u00ab&nbsp;qu\u2019il esp\u00e8re aussi que l\u2019autorit\u00e9 va se pencher sur le probl\u00e8me&nbsp;\u00bb. Julian Assange reste immobile et on ne sait s\u2019il entend ce qui est dit. <strong>Ses gestes r\u00e9p\u00e9titifs de douleurs reprennent&nbsp;: il frotte ses doigts, bascule la t\u00eate vers le plafond en clignant des yeux\u2026<\/strong> On sent encore plus fort qu\u2019il cherche \u00e0 s\u2019\u00e9vader de cet endroit et qu\u2019il ne peut le faire qu\u2019en quittant son corps dans une forme de dissociation. Quelques minutes plus tard, alors que Mark Summers commence sa plaidoirie, Julian Assange balance imperceptiblement son corps d\u2019avant en arri\u00e8re. Il ne se l\u00e8vera m\u00eame pas pour prendre le dossier que lui tend Gareth Peirce lorsque Summers aborde le vif du sujet.<\/p>\n\n\n\n<hr class=\"wp-block-separator\"\/>\n\n\n\n<p><a href=\"#_ftnref1\">[1]<\/a> <a href=\"https:\/\/www.justiceinspectorates.gov.uk\/hmiprisons\/wp-content\/uploads\/sites\/4\/2018\/06\/Belmarsh-Web-2018.pdf\" target=\"_blank\" rel=\"noreferrer noopener\">https:\/\/www.justiceinspectorates.gov.uk\/hmiprisons\/wp-content\/uploads\/sites\/4\/2018\/06\/Belmarsh-Web-2018.<\/a><a href=\"https:\/\/www.justiceinspectorates.gov.uk\/hmiprisons\/wp-content\/uploads\/sites\/4\/2018\/06\/Belmarsh-Web-2018.pdf\" data-type=\"URL\" data-id=\"https:\/\/www.justiceinspectorates.gov.uk\/hmiprisons\/wp-content\/uploads\/sites\/4\/2018\/06\/Belmarsh-Web-2018.pdf\" target=\"_blank\" rel=\"noreferrer noopener\">pdf<\/a><\/p>\n\n\n\n<p><a href=\"https:\/\/s3-eu-west-2.amazonaws.com\/imb-prod-storage-1ocod6bqky0vo\/uploads\/2018\/11\/Belmarsh-2017-18.pdf\" data-type=\"URL\" data-id=\"https:\/\/s3-eu-west-2.amazonaws.com\/imb-prod-storage-1ocod6bqky0vo\/uploads\/2018\/11\/Belmarsh-2017-18.pdf\">https:\/\/s3-eu-west-2.amazonaws.com\/imb-prod-storage-1ocod6bqky0vo\/uploads\/2018\/11\/Belmarsh-2017-18.pdf<\/a><\/p>\n\n\n\n<p class=\"has-large-font-size\"><strong><em>Points d\u2019orgues et zones d\u2019ombres de la plaidoirie \u2013 qui est le responsable pour \u00ab&nbsp;Wikileaks&nbsp;\u00bb<\/em><\/strong><\/p>\n\n\n\n<p>Mark John Summers annonce d\u2019une voix forte qu\u2019il va prouver que les trois accusations port\u00e9es par le procureur contre Julian Assange sont fausses&nbsp;: la premi\u00e8re concerne le hacking du mot de passe avec Chelsea Manning, la deuxi\u00e8me d\u2019avoir sollicit\u00e9 Manning pour la livraison de 4 bases de donn\u00e9es, la troisi\u00e8me d\u2019avoir pr\u00e9tendument mis des personnes en danger par les publications. Summers dit s\u2019appuyer sur l\u2019analyse du professeur Grotov qui a d\u00e9cortiqu\u00e9 les d\u00e9positions de Chelsea Manning lors de son proc\u00e8s. Il apparait selon ces d\u00e9positions, que Manning aurait eu acc\u00e8s aux documents incrimin\u00e9s via un \u00ab&nbsp;Protocoll SIPA&nbsp;\u00bb, c\u2019est-\u00e0-dire une base de donn\u00e9es accessible \u00e0 au moins 1000 analystes militaires sans qu\u2019il lui soit n\u00e9cessaire de forcer le moindre mot de passe. L\u2019avocat insiste que c\u2019est une preuve d\u2019innocence de Manning connue du gouvernement \u00e9tats-unien car confirm\u00e9e par l\u2019attorney (procureur). Concernant le fait que Julian Assange aurait \u00absollicit\u00e9&nbsp;\u00bb Manning pour lui fournir les documents, Summers explique \u00e0 la juge que Wikikeaks fonctionne sur le m\u00eame principe collaboratif que Wikipedia et que n\u2019importe qui peut \u00ab&nbsp;\u00e0 tout moment collaborer en fournissant des documents&nbsp;\u00bb. Ce n\u2019est pas tout \u00e0 fait exact, parce que du fait du syst\u00e8me de cryptage mis en place pour les documents soumis, <strong>le site \u00ab&nbsp;Wikileaks.org&nbsp;\u00bb fonctionne plut\u00f4t comme un portail que comme une plateforme. <\/strong>Dans une plateforme celui qui propose un service ou un bien en reste propri\u00e9taire et garde le contr\u00f4le de ce qui est publi\u00e9 alors que dans un portail l\u2019envoyeur de donn\u00e9es se dessaisit du contr\u00f4le et de la propri\u00e9t\u00e9 de ses documents au profit du propri\u00e9taire du site. Il est clair qu\u2019une fois les documents envoy\u00e9s \u00e0 Wikileaks, le lanceur d\u2019alerte ne d\u00e9cide plus de ce qui en sera fait. Je crains que cette description non pertinente du fonctionnement du site de \u00ab&nbsp;Wikileaks&nbsp;\u00bb par son avocat ne porte pr\u00e9judice \u00e0 Julian Assange. Il aurait \u00e9t\u00e9 plus judicieux de d\u00e9montrer que Julian Assange n\u2019est pas responsable des publications sur le site car ce n\u2019est pas lui mais John Shipton qui est propri\u00e9taire du nom de domaine du site. Par ailleurs il aurait \u00e9t\u00e9 possible de rappeler, sur <strong>la base du rapport d\u2019activit\u00e9 de la Wau Holland Stiftung, que Julian Assange avait sign\u00e9 le 21 d\u00e9cembre 2010 avec cette structure un contrat de coordinateur de projet assez l\u00e9onin qui lui liait les mains et ne lui donnait aucune latitude sur le choix des documents \u00e0 publier<\/strong>. Pis, dans la p\u00e9riode incrimin\u00e9e, selon les rapports m\u00eames de la fondation, il est litt\u00e9ralement pressur\u00e9 par ses donneurs d\u2019ordre, les chefs de la Wau Holland, pour publier le plus rapidement tous les documents fuit\u00e9s. Il ne maitrise ni le rythme du travail de publication, ni le budget du projet ni m\u00eame le choix de l\u2019embauche de ses collaborateurs<a href=\"#_ftn1\">[1]<\/a>. Dans son rapport d\u2019activit\u00e9 de 2010 la Fondation Wau Holland assume clairement la pleine responsabilit\u00e9 du projet Wikileaks&nbsp;: \u00ab&nbsp;Es ist das bisher gr\u00f6\u00dfte Projekt der Stiftung und stellt damit neue Anforderungen an die Abwicklung und das Controlling&nbsp;\u00bb<a href=\"#_ftn2\">[2]<\/a> (\u00ab&nbsp;C\u2019est jusqu\u2019\u00e0 pr\u00e9sent le plus grand projet de la Fondation et ainsi il nous pose de nouveaux d\u00e9fis en terme d\u2019impl\u00e9mentation et de contr\u00f4le de la r\u00e9alisation&nbsp;\u00bb).<\/p>\n\n\n\n<figure class=\"wp-block-image size-large\"><img loading=\"lazy\" width=\"1024\" height=\"500\" src=\"http:\/\/monika-karbowska-liberte-pour-julian-assange.ovh\/wp-content\/uploads\/2020\/12\/Muller-Maghun-illustration-CCC-1024x500.png\" alt=\"\" class=\"wp-image-586\" srcset=\"http:\/\/monika-karbowska-liberte-pour-julian-assange.ovh\/wp-content\/uploads\/2020\/12\/Muller-Maghun-illustration-CCC-1024x500.png 1024w, http:\/\/monika-karbowska-liberte-pour-julian-assange.ovh\/wp-content\/uploads\/2020\/12\/Muller-Maghun-illustration-CCC-300x146.png 300w, http:\/\/monika-karbowska-liberte-pour-julian-assange.ovh\/wp-content\/uploads\/2020\/12\/Muller-Maghun-illustration-CCC-768x375.png 768w, http:\/\/monika-karbowska-liberte-pour-julian-assange.ovh\/wp-content\/uploads\/2020\/12\/Muller-Maghun-illustration-CCC-1536x750.png 1536w, http:\/\/monika-karbowska-liberte-pour-julian-assange.ovh\/wp-content\/uploads\/2020\/12\/Muller-Maghun-illustration-CCC-1568x765.png 1568w, http:\/\/monika-karbowska-liberte-pour-julian-assange.ovh\/wp-content\/uploads\/2020\/12\/Muller-Maghun-illustration-CCC.png 1920w\" sizes=\"(max-width: 1024px) 100vw, 1024px\" \/><figcaption>Andy M\u00fcller Maghun, le pr\u00e9sident de la Wau Holland Stiftung, le vrai boss de Wikileaks. Absent au proc\u00e8s.<\/figcaption><\/figure>\n\n\n\n<p>Pour Summers, ce qui compte est le fait que les documents de Manning ne figuraient pas sur une liste pr\u00e9cise de publications \u00ab&nbsp;Wikileaks&nbsp;\u00bb et ainsi il n\u2019y aurait pas de preuve des sollicitations pour les obtenir, d\u2019autant plus que l\u2019analyste a toujours affirm\u00e9 les avoir t\u00e9l\u00e9charg\u00e9s de son propre chef. Pendant que l\u2019avocat r\u00e9cuse l\u2019appellation de \u00ab&nbsp;mat\u00e9riel sensible&nbsp;\u00bb puisque de nombreux salari\u00e9s de l\u2019arm\u00e9e am\u00e9ricaine auraient eu acc\u00e8s aux documents, Julian Assange a l\u2019air d\u2019aller de plus en plus mal. Il prend sa t\u00eate entre ses mains, croise les bras et serre ses mains sous ses aisselles, s\u2019agite doucement sur le banc, frotte encore ses doigts d\u2019un contre l\u2019autre\u2026 <strong>C\u2019est comme une protestation muette.<\/strong><\/p>\n\n\n\n<p>Son menton est fig\u00e9, ses traits crisp\u00e9s. Il prend son \u00e9tui \u00e0 lunettes, le repose, son avocat r\u00e9fute alors l\u2019accusation de \u00ab&nbsp;mise en danger d\u2019autrui&nbsp;\u00bb en expliquant le partenariat que \u00ab&nbsp;Wikileaks&nbsp;\u00bb avait sign\u00e9 avec des \u00ab&nbsp;organisations s\u00e9rieuses&nbsp;\u00bb, les grands m\u00e9dias comme le New York Times, le Guardian, El Pais et Le Monde afin que ceux-ci notifient \u00e0 \u00ab&nbsp;Wikileaks&nbsp;\u00bb les documents probl\u00e9matiques pour en expurger les noms. John Goetz est notamment cit\u00e9 comme t\u00e9moin qui certifiera comme journaliste du \u00ab&nbsp;Spiegel&nbsp;\u00bb que \u00ab&nbsp;Wikileaks prot\u00e9geaient les noms&nbsp;\u00bb alors que le professeur Grotov fournit la preuve que le comportement de l\u2019organisation n\u2019est pas coupable de \u00ab&nbsp;recklessness&nbsp;\u00bb, d\u2019indiff\u00e9rence face aux cons\u00e9quences. Pour moi, la lecture des comptes rendus annuels de la Wau Holland Stiftung montre que Julian Assange n\u2019avait pas un plein pouvoir de d\u00e9cision sur la fa\u00e7on dont les documents \u00e9taient r\u00e9\u00e9crits par l\u2019\u00e9quipe de 11 \u00e0 25 personnes qui ont \u00e9t\u00e9 salari\u00e9s sur le projet \u00ab&nbsp;<strong>04 Wikileaks Informationsfreiheit verteidigen\u00bb (\u00ab&nbsp;Projet 04 Wikileaks, d\u00e9fendre la libert\u00e9 d\u2019expression&nbsp;\u00bb)<\/strong> de d\u00e9cembre 2010 \u00e0 d\u00e9cembre 2011 (journalistes-r\u00e9dacteurs, chef de projet m\u00e9dias, production de vid\u00e9os, traduction, chefs de projet, assistant de direction, organisation \u00e9v\u00e9n\u00e9mentielle, d\u00e9veloppement informatique, pr\u00e9paration technique et mise en ligne des documents, chef de projets\u2026)<a href=\"#_ftn3\">[3]<\/a> mais le v\u00e9ritable responsable du projet, Andy M\u00fcller Maguhn, d\u00e9l\u00e9gu\u00e9 du CA de la fondation pour un suivi plut\u00f4t tatillon du projet. Par ailleurs, une analyse d\u00e9taill\u00e9e des t\u00e2ches sur chaque poste prouverait \u00e0 coup s\u00fbr que le travail de r\u00e9\u00e9criture des documents a effectivement \u00e9t\u00e9 tr\u00e8s important. Il devrait m\u00eame \u00eatre possible de prouver par quel processus et par quel salari\u00e9 de la fondation Wau Holland chaque nom incrimin\u00e9 par l\u2019accusation a \u00e9t\u00e9 expurg\u00e9 de la publication finale.<\/p>\n\n\n\n<figure class=\"wp-block-image size-large\"><img loading=\"lazy\" width=\"1024\" height=\"653\" src=\"http:\/\/monika-karbowska-liberte-pour-julian-assange.ovh\/wp-content\/uploads\/2020\/12\/Maguhn-a-Ellingham-Hall-en-2011-1024x653.png\" alt=\"\" class=\"wp-image-587\" srcset=\"http:\/\/monika-karbowska-liberte-pour-julian-assange.ovh\/wp-content\/uploads\/2020\/12\/Maguhn-a-Ellingham-Hall-en-2011-1024x653.png 1024w, http:\/\/monika-karbowska-liberte-pour-julian-assange.ovh\/wp-content\/uploads\/2020\/12\/Maguhn-a-Ellingham-Hall-en-2011-300x191.png 300w, http:\/\/monika-karbowska-liberte-pour-julian-assange.ovh\/wp-content\/uploads\/2020\/12\/Maguhn-a-Ellingham-Hall-en-2011-768x490.png 768w, http:\/\/monika-karbowska-liberte-pour-julian-assange.ovh\/wp-content\/uploads\/2020\/12\/Maguhn-a-Ellingham-Hall-en-2011-1536x980.png 1536w, http:\/\/monika-karbowska-liberte-pour-julian-assange.ovh\/wp-content\/uploads\/2020\/12\/Maguhn-a-Ellingham-Hall-en-2011-1568x1000.png 1568w, http:\/\/monika-karbowska-liberte-pour-julian-assange.ovh\/wp-content\/uploads\/2020\/12\/Maguhn-a-Ellingham-Hall-en-2011.png 1580w\" sizes=\"(max-width: 1024px) 100vw, 1024px\" \/><figcaption>Andy M\u00fcller Maguhn contr\u00f4le le travail de Julian Assange en 2011 <\/figcaption><\/figure>\n\n\n\n<p>Il est dommage que l\u2019avocat de Julian Assange laisse dans l\u2019ombre tant de pistes importantes pour l\u2019innocentement de son client. Mais h\u00e9las comme aucune collaboration entre l\u2019\u00e9quipe d\u2019avocat et les soutiens militants n\u2019est pr\u00e9vue, mon avis ne sera pas entendu. Vers 11h45 la juge Baraitser interrompt la plaidoirie pour la pause de 10 minutes. Je suis forc\u00e9e de redescendre dans le sas ou je crains d\u00e9sormais les d\u00e9bordements agressifs des personnalit\u00e9s. Je reste debout dans la partie centrale du sas, craignant qu\u2019on me pousse dehors si je reste derri\u00e8re. Cependant je glisse doucement en Allemand \u00e0 Madame Dagdelen quelque mots sur l\u2019\u00e9galit\u00e9, une notion qu\u2019elle devrait s\u2019approprier en tant que d\u00e9put\u00e9e du peuple allemand et \u00e9lue sur les listes du parti h\u00e9ritier de toutes les traditions historiques de la gauche allemande. J\u2019aurais aim\u00e9 aussi lui dire que je ne reconnais pas dans son comportement vis-\u00e0-vis de moi le parti dont j\u2019ai \u00e9t\u00e9 membre de 2007 \u00e0 2012. J\u2019y ai milit\u00e9 au sein de la section femmes LISA ou j\u2019ai \u0153uvr\u00e9 \u00e0 l\u2019\u00e9laboration du programme \u00ab&nbsp;pour un service public de la petite enfance&nbsp;\u00bb en coop\u00e9ration avec les f\u00e9ministes fran\u00e7aises et l\u2019\u00e9crivaine Frigga Haugg, j\u2019ai particip\u00e9 aux r\u00e9unions avec Lothar Bisky pour inclure ce document dans le programme g\u00e9n\u00e9ral du parti. J\u2019ai aussi beaucoup coop\u00e9r\u00e9 avec ma coll\u00e8gue Christiane Reymann \u00e0 la cr\u00e9ation de relations avec les f\u00e9ministes polonaises et les partis de gauche en Pologne. Je me demande ce qui est arriv\u00e9 depuis pour que j\u2019ai \u00e0 vivre des sc\u00e8nes aussi terribles qu\u2019absurdes de la part de l\u2019\u00e9lue d\u2019un parti o\u00f9 je garde des amiti\u00e9s. Un seul incident d\u00e9dramatise mes tristes constats: une coll\u00e8gue me d\u00e9signe Angela Richter qui d\u00e9lest\u00e9e de sa b\u00e9quille qu\u2019elle a utilis\u00e9e pour entrer la premi\u00e8re comme \u00ab&nbsp;handicap\u00e9e&nbsp;\u00bb, se d\u00e9gourdit les jambes tranquillement. Nous sourions de concert&nbsp;: \u00eatre actrice est un m\u00e9tier utile en toutes circonstances&nbsp;!<\/p>\n\n\n\n<hr class=\"wp-block-separator\"\/>\n\n\n\n<p><a href=\"#_ftnref1\">[1]<\/a> <a href=\"http:\/\/www.wauland.de\/media\/2011_Jahresbericht.pdf\">http:\/\/www.wauland.de\/media\/2011_Jahresbericht.pdf<\/a>, rapport d\u2019activit\u00e9 2011<\/p>\n\n\n\n<p><a href=\"https:\/\/www.facebook.com\/notes\/wikijustice-julian-assange\/conf\u00e9rence-de-presse-du-20022020-deux-infos-capitales-two-major-news\/493132691323050\/\">https:\/\/www.facebook.com\/notes\/wikijustice-julian-assange\/conf\u00e9rence-de-presse-du-20022020-deux-infos-capitales-two-major-news\/493132691323050\/<\/a><\/p>\n\n\n\n<p><a href=\"#_ftnref2\">[2]<\/a> Rapport d\u2019activit\u00e9 2010, <a href=\"http:\/\/www.wauland.de\/media\/2010_Jahresbericht.pdf\">http:\/\/www.wauland.de\/media\/2010_Jahresbericht.pdf<\/a>, page 2<\/p>\n\n\n\n<p><a href=\"#_ftnref3\">[3]<\/a> document \u00ab&nbsp;Projekt 04<strong>: Informationsfreiheit verteidigen\u00a0\u00bb Vorl\u00e4ufiger Transparenzbericht 2010&nbsp;\u00bb &#8211; \u00ab&nbsp;Projet 04, d\u00e9fendre la libert\u00e9 d\u2019expression, bilan de transparence 2010 provisoire&nbsp;\u00bb,<\/strong><\/p>\n\n\n\n<figure class=\"wp-block-image size-large\"><img loading=\"lazy\" width=\"1024\" height=\"681\" src=\"http:\/\/monika-karbowska-liberte-pour-julian-assange.ovh\/wp-content\/uploads\/2020\/12\/Transparenzbericht-2011-1024x681.png\" alt=\"\" class=\"wp-image-588\" srcset=\"http:\/\/monika-karbowska-liberte-pour-julian-assange.ovh\/wp-content\/uploads\/2020\/12\/Transparenzbericht-2011-1024x681.png 1024w, http:\/\/monika-karbowska-liberte-pour-julian-assange.ovh\/wp-content\/uploads\/2020\/12\/Transparenzbericht-2011-300x199.png 300w, http:\/\/monika-karbowska-liberte-pour-julian-assange.ovh\/wp-content\/uploads\/2020\/12\/Transparenzbericht-2011-768x510.png 768w, http:\/\/monika-karbowska-liberte-pour-julian-assange.ovh\/wp-content\/uploads\/2020\/12\/Transparenzbericht-2011.png 1521w\" sizes=\"(max-width: 1024px) 100vw, 1024px\" \/><\/figure>\n\n\n\n<p>Page 4 <a href=\"https:\/\/www.wauland.de\/media\/2010_Transparenzbericht-Projekt04_de.pdf\">https:\/\/www.wauland.de\/media\/2010_Transparenzbericht-Projekt04_de.pdf<\/a><\/p>\n\n\n\n<p>Et document \u00ab&nbsp;Jahresbericht 2011&nbsp;\u00bb, rapport d\u2019activit\u00e9 de 2011, page 1, <a href=\"https:\/\/www.wauland.de\/media\/2011_Jahresbericht.pdf\" data-type=\"URL\" data-id=\"https:\/\/www.wauland.de\/media\/2011_Jahresbericht.pdf\">https:\/\/www.wauland.de\/media\/2011_Jahresbericht.pdf<\/a><\/p>\n\n\n\n<p>Heureusement que la pause ne dure pas longtemps. Je me pr\u00e9cipite dans la galerie d\u00e8s que je peux, j\u2019y ai perdu ma bonne place mais je suis soulag\u00e9e de voir qu\u2019avant que les d\u00e9bats ne reprennent Julian Assange a l\u2019air un peu moins en souffrance. Il est vrai que Baltzar Garzon vient lui serrer la main avec empathie et qu\u2019il peut \u00e9changer quelques mots avec les avocats espagnols. <strong>De plus, ma place plus lointaine ne m\u2019emp\u00eache pas de remarquer que peu apr\u00e8s il me regarde droit dans les yeux. Je lui souris et je fais un signe de la main tout en prenant soin de ne pas me faire trop remarquer du surveillant<\/strong>.<\/p>\n\n\n\n<p>Pendant ce temps Summers narre la cyberattaque dont le site Wikileaks avait \u00e9t\u00e9 victime et raconte la sc\u00e8ne du film \u00ab&nbsp;Risk&nbsp;\u00bb dans laquelle Julian Assange t\u00e9l\u00e9phone \u00e0 Hillary Clinton en compagnie de Sarah Harrison, salari\u00e9e de \u00ab&nbsp;Wikileaks&nbsp;\u00bb. Puis il cite les m\u00e9dias et sites qui ont rediffus\u00e9 les m\u00eames documents (dont le Spiegel et Cryptome) et aucun n\u2019a \u00e9t\u00e9 accus\u00e9 par la justice \u00e9tats-unienne. Il conclut que la demande d\u2019extradition n\u2019est pas \u00ab&nbsp;fair, raisonnable, correcte\u00bb puisqu\u2019elle discrimine un des acteurs de la m\u00eame action. La plaidoirie continue mais certains ne tiennent plus en place dans le public. Gabriel Shipton prend cong\u00e9 des personnalit\u00e9s qu\u2019il connait et quitte la pi\u00e8ce. Les personnalit\u00e9s assises devant moi partagent une tablette de chocolat et discutent entre elles comme au spectacle. L\u2019avocat donne quelques pr\u00e9cisions pour r\u00e9futer l\u2019accusation d\u2019intrusion informatique. Assange \u00e9crit quelque chose dans le cahier et passe le petit mot \u00e0 Stella Morris. Summers aborde le t\u00e9l\u00e9chargement par Manning des \u00ab&nbsp;rules of engagement&nbsp;\u00bb, \u00ab&nbsp;le droit d\u2019engager&nbsp;\u00bb c\u2019est-\u00e0-dire le permis de tuer par les soldats am\u00e9ricains, directement li\u00e9, selon lui, au film \u00ab&nbsp;Collateral murder&nbsp;\u00bb. Manning aurait t\u00e9l\u00e9charg\u00e9 cette video du meurtre de civils irakiens et de journalistes de Reuters juste apr\u00e8s avoir pris connaissance des \u00abr\u00e8gles de tuer&nbsp;\u00bb et aurait d\u00e9cid\u00e9 seul de sa publication imm\u00e9diatement apr\u00e8s. <strong>C\u2019est un peu dommage que Summers fasse l\u2019impasse sur le travail des techniciens, journalistes et d\u00e9put\u00e9s islandais qui ont \u00abr\u00e9\u00e9crit&nbsp;\u00bb, ou \u00ab&nbsp;re-mont\u00e9&nbsp;\u00bb la vid\u00e9o<a href=\"#_ftn1\"><strong>[1]<\/strong><\/a>, qui figurent au g\u00e9n\u00e9rique du film et qui logiquement sont autant responsables pour sa publication que les Allemands de la Wau Holland pour leur \u00ab&nbsp;projet Wikileaks 04\u00bb en g\u00e9n\u00e9ra<\/strong>l<a href=\"#_ftn2\">[2]<\/a>. Mais cette omission me parait pour l&rsquo;heure moins grave du moment que Julian Assange n\u2019est pas poursuivi pour cette production, m\u00eame si dans la bouche de l\u2019avocat l\u2019homme accus\u00e9 disparait encore une fois au profit de \u00ab&nbsp;l\u2019entit\u00e9 inconnue Wikileaks&nbsp;\u00bb. Baraitser finit la s\u00e9ance en reconnaissant que le \u00ab&nbsp;gouvernement aurait effectivement d\u00fb mettre les publications dans leur contexte&nbsp;\u00bb. L\u2019avocat parait avoir gagn\u00e9 la bataille. Enfin. On aurait presque eu envie de l\u2019applaudir. Il est 13 heures, le juge Baraitser d\u00e9cide de la pause. Julian Assange s\u2019anime, se l\u00e8ve. Il salue Garzon, appelle Summers et lui dit quelque chose en affichant un air m\u00e9content. Je reste pour le voir partir entre deux gardes et je reconnais \u00e0 sa d\u00e9marche h\u00e9sitante qu\u2019il est fatigu\u00e9, puis je suis somm\u00e9e de quitter les lieux.<\/p>\n\n\n\n<figure class=\"wp-block-image size-large\"><img loading=\"lazy\" width=\"810\" height=\"558\" src=\"http:\/\/monika-karbowska-liberte-pour-julian-assange.ovh\/wp-content\/uploads\/2020\/12\/Assange-CIJ2.jpg\" alt=\"\" class=\"wp-image-598\" srcset=\"http:\/\/monika-karbowska-liberte-pour-julian-assange.ovh\/wp-content\/uploads\/2020\/12\/Assange-CIJ2.jpg 810w, http:\/\/monika-karbowska-liberte-pour-julian-assange.ovh\/wp-content\/uploads\/2020\/12\/Assange-CIJ2-300x207.jpg 300w, http:\/\/monika-karbowska-liberte-pour-julian-assange.ovh\/wp-content\/uploads\/2020\/12\/Assange-CIJ2-768x529.jpg 768w\" sizes=\"(max-width: 810px) 100vw, 810px\" \/><figcaption>Julian Assange en juillet 2010 &#8211; il n&rsquo;y  a plus aucune photo de lui nette et de pr\u00e8s en 2019 ni 2020<\/figcaption><\/figure>\n\n\n\n<p>Baraitser a d\u00e9j\u00e0 commenc\u00e9 \u00e0 \u00e9courter les d\u00e9bats&nbsp;: de 45 minutes le lundi, la pause midi rallonge \u00e0 une heure mardi et jusqu\u2019\u00e0 une heure et demie le dernier jour. Cela m\u2019arrange car je peux quitter le sas \u00e9touffant et rempli d\u2019agressivit\u00e9 pour m\u2019acheter un en-cas et un caf\u00e9 \u00e0 la petite caf\u00e9t\u00e9ria du tribunal. Je fais mon compte rendu des agressions subies en t\u00e9l\u00e9phonant \u00e0 la direction de Wikijustice et j\u2019observe par la baie vitr\u00e9e du premier \u00e9tage Baltazar Garzon quitter le b\u00e2timent d\u00e9finitivement avec son staff. Je remarque le personnel judiciaire de la Woolwich Crown Court habill\u00e9s de costumes noirs et de perruques sortir de l\u2019aile droite du b\u00e2timent pour passer leur pause dans le hall, la cafeteria ou le jardin. Puis je n\u2019ai pas d\u2019autre choix que de retourner dans le sas pour ne pas \u00eatre \u00e9ject\u00e9e de la file. Les \u00ab&nbsp;personnalit\u00e9s&nbsp;\u00bb occupent d\u00e9j\u00e0 la premi\u00e8re place, elles discutent entre elles de probl\u00e8mes familiaux et domestiques. Randy Credico, toujours un peu d\u00e9pass\u00e9 par l\u2019\u00e9trange atmosph\u00e8re, tente de d\u00e9tendre l\u2019ambiance par des blagues. Des journalistes venus de leur annexe ou ils disent avoir du mal \u00e0 entendre le proc\u00e8s, se sont pr\u00e9cipit\u00e9s pour occuper notre espace public si r\u00e9duit. Le risque d\u2019\u00eatre \u00e9limin\u00e9e revient, je dois \u00eatre donc pr\u00e9sente. Je remarque alors que les trois quarts des pr\u00e9sents dans ce sas sont des Allemands. C\u2019est curieux. La tension avec les \u00ab&nbsp;personnalit\u00e9s&nbsp;\u00bb de die Linke semble s\u2019\u00eatre calm\u00e9e mais je ne peux \u00e9viter une l\u00e9g\u00e8re altercation avec un jeune homme allemand qui me pousse sans m\u00e9nagement vers l\u2019arri\u00e8re. Il est surpris que je lui r\u00e9ponde en Allemand. Lorsque l\u2019heure tourne et que les avocats rentrent de pause, Angela Richter nous annonce qu\u2019elle a r\u00e9ussi \u00e0 obtenir une place dans la salle d\u2019audience parmi les journalistes. Elle exprime sa joie, reprend sa b\u00e9quille-outil de lutte et sort du sas en clopinant.<\/p>\n\n\n\n<figure class=\"wp-block-image size-large\"><img loading=\"lazy\" width=\"640\" height=\"640\" src=\"http:\/\/monika-karbowska-liberte-pour-julian-assange.ovh\/wp-content\/uploads\/2020\/12\/angela-richter-26931f25-5568-4363-a9f6-052953e5130-resize-750.jpg\" alt=\"\" class=\"wp-image-595\" srcset=\"http:\/\/monika-karbowska-liberte-pour-julian-assange.ovh\/wp-content\/uploads\/2020\/12\/angela-richter-26931f25-5568-4363-a9f6-052953e5130-resize-750.jpg 640w, http:\/\/monika-karbowska-liberte-pour-julian-assange.ovh\/wp-content\/uploads\/2020\/12\/angela-richter-26931f25-5568-4363-a9f6-052953e5130-resize-750-300x300.jpg 300w, http:\/\/monika-karbowska-liberte-pour-julian-assange.ovh\/wp-content\/uploads\/2020\/12\/angela-richter-26931f25-5568-4363-a9f6-052953e5130-resize-750-150x150.jpg 150w\" sizes=\"(max-width: 640px) 100vw, 640px\" \/><figcaption>Angela Richter, une des militantes agressives avec moi le 25 f\u00e9vrier 2020<\/figcaption><\/figure>\n\n\n\n<p>Cette fois l\u2019agent de s\u00e9curit\u00e9 demande leur pi\u00e8ce d\u2019identit\u00e9 \u00e0 la \u00ab&nbsp;famille&nbsp;\u00bb. John Shipton sort un passeport bleu marine neuf, mais je n\u2019ai pas le souvenir que Kristinn Hrafnsson ait d\u00fb pr\u00e9senter le sien. Le fr\u00e8re et le fils de Shipton sont partis, il y aura des places libres dans la pi\u00e8ce en g\u00e9n\u00e9ral, je presse mes amis rest\u00e9s dehors de tenter d\u2019entrer, mais les agents post\u00e9s devant le b\u00e2timent les en emp\u00eachent. D\u2019ailleurs, malgr\u00e9 quelques si\u00e8ges vides, je ne peux r\u00e9cup\u00e9rer dans la galerie qu\u2019une place assez \u00e9loign\u00e9e de Julian Assange.<\/p>\n\n\n\n<p>Quand Julian Assange entre dans le box, il ne salue pas ni ne regarde le public. Il s\u2019assied \u00e0 la m\u00eame place, jambes jointes et mains sur les cuisses. J\u2019ai l\u2019impression qu\u2019il a l\u2019air intimid\u00e9 cette fois ci. Et je me demande si dans la pause on lui donne \u00e0 manger, car il n\u2019a toujours pas de bouteille d\u2019eau dans le box que je devine inconfortable. D\u00e8s que la juge arrive, Mark Summers reprend son argumentation: prouver que Chelsea Manning n\u2019avait pas besoin de craquer un mot de passe pour acc\u00e9der aux documents classifi\u00e9s. En ce qui concerne les \u00ab&nbsp;war diaries&nbsp;\u00bb, les \u00ab&nbsp;journaux de guerre&nbsp;\u00bb, il existait un r\u00e9seau d\u2019\u00e9change de donn\u00e9es interne \u00e0 l\u2019arm\u00e9e, \u00ab&nbsp;Sydney I&nbsp;\u00bb pour l\u2019Irak et \u00ab&nbsp;Sydney A&nbsp;\u00bb pour Afghanistan. Il \u00e9tait possible d\u2019acc\u00e9der \u00e0 ces bases par un m\u00e9talien pour les t\u00e9l\u00e9charger et c\u2019est ce que Manning a fait, car \u00ab&nbsp;selon sa conscience il \u00e9tait n\u00e9cessaire que le public connaisse le nombre de victimes civiles et les assassinats par drone&nbsp;\u00bb. Pour l\u2019avocat, Julian Assange n\u2019a donc pas sollicit\u00e9 de poss\u00e9der ce mat\u00e9riel et le proc\u00e8s n\u2019est donc pas \u00ab&nbsp;juste \u00e9quitable et raisonnable&nbsp;\u00bb. Quant \u00e0 la r\u00e9currente question des \u00ab&nbsp;noms sensibles&nbsp;\u00bb contenus dans les documents, Summers explique que Manning n\u2019a jamais voulu garder les noms de code SIGAD (indicateur alphanum\u00e9rique qui identifie les stations d\u2019\u00e9coute des USA) et que 20% des documents sur l\u2019Afghanistan n\u2019ont pas \u00e9t\u00e9 publi\u00e9s pr\u00e9cis\u00e9ment \u00e0 cause des noms afghans y figurant.<\/p>\n\n\n\n<figure class=\"wp-block-image size-large\"><img loading=\"lazy\" width=\"1024\" height=\"646\" src=\"http:\/\/monika-karbowska-liberte-pour-julian-assange.ovh\/wp-content\/uploads\/2020\/12\/Jahresbericht-2011-1024x646.png\" alt=\"\" class=\"wp-image-591\" srcset=\"http:\/\/monika-karbowska-liberte-pour-julian-assange.ovh\/wp-content\/uploads\/2020\/12\/Jahresbericht-2011-1024x646.png 1024w, http:\/\/monika-karbowska-liberte-pour-julian-assange.ovh\/wp-content\/uploads\/2020\/12\/Jahresbericht-2011-300x189.png 300w, http:\/\/monika-karbowska-liberte-pour-julian-assange.ovh\/wp-content\/uploads\/2020\/12\/Jahresbericht-2011-768x484.png 768w, http:\/\/monika-karbowska-liberte-pour-julian-assange.ovh\/wp-content\/uploads\/2020\/12\/Jahresbericht-2011-1536x969.png 1536w, http:\/\/monika-karbowska-liberte-pour-julian-assange.ovh\/wp-content\/uploads\/2020\/12\/Jahresbericht-2011-1568x989.png 1568w, http:\/\/monika-karbowska-liberte-pour-julian-assange.ovh\/wp-content\/uploads\/2020\/12\/Jahresbericht-2011.png 1595w\" sizes=\"(max-width: 1024px) 100vw, 1024px\" \/><figcaption>Julian Assange en tant que coordinateur du projet 04 Wikileaks pour la fondation allemande Wau Holland &#8211; extrait du rapport d&rsquo;activit\u00e9 de la fondation 2011<\/figcaption><\/figure>\n\n\n\n<p>Julian Assange est rest\u00e9 immobile accoud\u00e9 au dossier du banc pendant toute la tirade. A ce moment pr\u00e9cis, John Shipton ne l\u00e8ve et quitte la galerie du public, son t\u00e9l\u00e9phone \u00e0 la main. <strong>C\u2019est alors qu\u2019Assange regarde vers nous et je peux croiser son regard. Il reste un moment dans cette position, le visage tendu vers le haut, comme lorsqu\u2019on fait pour se relaxer les \u00e9paules tendues.<\/strong> Mark Summers prend alors de la hauteur pour \u00abexpliquer l\u2019approche de Wikileaks&nbsp;\u00bb \u00e0 la juge. En fait il cite des conversations entre deux journalistes du \u00ab&nbsp;Spiegel&nbsp;\u00bb, Schmitt et Goetz, qui d\u00e9crivent \u00ab&nbsp;l\u2019assistance technique&nbsp;\u00bb dont \u00ab&nbsp;Wikileaks&nbsp;\u00bb aurait besoin pour que son \u00ab&nbsp;\u00e9quipe r\u00e9\u00e9crive les mauvais endroits&nbsp;\u00bb. Finalement selon eux \u00ab&nbsp;Wikileaks&nbsp;\u00bb aurait demand\u00e9 plus de temps et a fini par \u00eatre critiqu\u00e9 pour avoir \u00ab&nbsp;over-redacted&nbsp;\u00bb (modifi\u00e9 trop largement) les documents. Nous savons que ce n\u2019est pas pour rien que des acteurs allemands sont cit\u00e9s dans le dossier, puisque <strong>c\u2019est la Wau Holland Stiftung, fondation allemande, qui sous la houlette de Andy M\u00fcller Maguhn<\/strong>, d\u00e9l\u00e9gu\u00e9 du CA pour la supervision du projet 04 Wikileaks qui a dirig\u00e9 l\u2019\u00e9quipe charg\u00e9 de re-r\u00e9diger les documents. Les rapports d\u2019activit\u00e9s de 2010, 2011 et 2012 de la fondation nous apprennent m\u00eame que plusieurs journalistes \u00e9taient pay\u00e9s par la fondation pour ce travail et qu\u2019en 2011 ils ont touch\u00e9 pour ce faire<a href=\"#_ftn3\">[3]<\/a> <strong>58&nbsp;578 Euros<\/strong>. Malheureusement l\u2019avocat ne cite pas la Wau Holland comme t\u00e9moin cl\u00e9 voire acteur du processus de r\u00e9daction.<\/p>\n\n\n\n<hr class=\"wp-block-separator\"\/>\n\n\n\n<p><a href=\"#_ftnref1\">[1]<\/a> <img loading=\"lazy\" width=\"122\" height=\"217\" src=\"\"><\/p>\n\n\n\n<figure class=\"wp-block-image size-large\"><img loading=\"lazy\" width=\"1024\" height=\"902\" src=\"http:\/\/monika-karbowska-liberte-pour-julian-assange.ovh\/wp-content\/uploads\/2020\/12\/Collateral-Murder-generique-1-1024x902.png\" alt=\"\" class=\"wp-image-590\" srcset=\"http:\/\/monika-karbowska-liberte-pour-julian-assange.ovh\/wp-content\/uploads\/2020\/12\/Collateral-Murder-generique-1-1024x902.png 1024w, http:\/\/monika-karbowska-liberte-pour-julian-assange.ovh\/wp-content\/uploads\/2020\/12\/Collateral-Murder-generique-1-300x264.png 300w, http:\/\/monika-karbowska-liberte-pour-julian-assange.ovh\/wp-content\/uploads\/2020\/12\/Collateral-Murder-generique-1-768x677.png 768w, http:\/\/monika-karbowska-liberte-pour-julian-assange.ovh\/wp-content\/uploads\/2020\/12\/Collateral-Murder-generique-1.png 1058w\" sizes=\"(max-width: 1024px) 100vw, 1024px\" \/><\/figure>\n\n\n\n<p><a href=\"#_ftnref2\">[2]<\/a> Conseil d\u2019Administration de la Wau Holland Stiftung 28.12.2009, <a href=\"http:\/\/www.wauland.de\/media\/2009-12-28_Protokoll.pdf\">http:\/\/www.wauland.de\/media\/2009-12-28_Protokoll.pdf<\/a><\/p>\n\n\n\n<p>Rapport d\u2019activit\u00e9 2009, <a href=\"http:\/\/www.wauland.de\/media\/2009_Jahresbericht.pdf\">http:\/\/www.wauland.de\/media\/2009_Jahresbericht.pdf<\/a><\/p>\n\n\n\n<p>Rapport d\u2019activit\u00e9 2010, <a href=\"http:\/\/www.wauland.de\/media\/2010_Jahresbericht.pdf\">http:\/\/www.wauland.de\/media\/2010_Jahresbericht.pdf<\/a><\/p>\n\n\n\n<p>\u00ab&nbsp;Rapport de Transparence \u2013 projet 04, d\u00e9fendre la libert\u00e9 d\u2019expression 2010&nbsp;\u00bb, <a href=\"http:\/\/www.wauland.de\/media\/2010_Transparenzbericht-Projekt04_de.pdf\">http:\/\/www.wauland.de\/media\/2010_Transparenzbericht-Projekt04_de.pdf<\/a><\/p>\n\n\n\n<p>Rapport d\u2019activit\u00e9 2011, <a href=\"http:\/\/www.wauland.de\/media\/2011_Jahresbericht.pdf\">http:\/\/www.wauland.de\/media\/2011_Jahresbericht.pdf<\/a><\/p>\n\n\n\n<p>\u00ab&nbsp;Rapport de Transparence \u2013 projet 04, d\u00e9fendre la libert\u00e9 d\u2019expression 2011\u00bb,<\/p>\n\n\n\n<p><a href=\"http:\/\/www.wauland.de\/media\/2011_Transparenzbericht-Projekt04_de.pdf\">http:\/\/www.wauland.de\/media\/2011_Transparenzbericht-Projekt04_de.pdf<\/a><\/p>\n\n\n\n<p>\u00ab&nbsp;Rapport de transparence projet 04, d\u00e9fendre la libert\u00e9 d\u2019expression 2012 -rapport pour les 6 premiers mois de 2012&nbsp;\u00bb<\/p>\n\n\n\n<p><a href=\"http:\/\/www.wauland.de\/media\/2012_Transparenzbericht-Projekt04_de.pdf\">http:\/\/www.wauland.de\/media\/2012_Transparenzbericht-Projekt04_de.pdf<\/a><\/p>\n\n\n\n<p>\u00ab&nbsp;Rapport de transparence projet 04, d\u00e9fendre la libert\u00e9 d\u2019expression 2012&nbsp;\u00bb<\/p>\n\n\n\n<p><a href=\"http:\/\/www.wauland.de\/media\/2012-1_Transparenzbericht-Projekt04_de.pdf\">http:\/\/www.wauland.de\/media\/2012-1_Transparenzbericht-Projekt04_de.pdf<\/a><\/p>\n\n\n\n<p><a href=\"#_ftnref3\">[3]<\/a> \u00ab&nbsp;5.8 Journalistische Aufbereitung Zur journalistischen Aufbereitung, insbesondere der Kontextualisierung zugegangenen Materials und der erkl\u00e4renden Beleuchtung von Hintergr\u00fcnden und Zusammenh\u00e4ngen, wurden verschiedene Journalisten engagiert und ihr Aufwand entsprechend verg\u00fctet. Im Jahr 2011 waren damit insgesamt 6 Journalisten als Hilfskr\u00e4fte in diesem Aufgabenbereich t\u00e4tig.&nbsp;\u00bb,( \u00ab&nbsp;Pour la mise en forme journalistique, en particulier la mise en contexte des documents et l\u2019explication du contexte historique et des relations, diff\u00e9rents journalistes ont \u00e9t\u00e9 engag\u00e9s et leurs efforts indemnis\u00e9s en cons\u00e9quence. En 2011 en tout 6 journalistes ont \u00e9t\u00e9 actifs comme \u00ab&nbsp;personnel aidant&nbsp;\u00bb dans ce domaine&nbsp;\u00bb)<\/p>\n\n\n\n<p>Page 5, <a href=\"https:\/\/www.wauland.de\/media\/2011_Jahresbericht.pdf\">https:\/\/www.wauland.de\/media\/2011_Jahresbericht.pdf<\/a><\/p>\n\n\n\n<p class=\"has-large-font-size\"><strong><em>Wikileaks, l\u2019Allemagne, et la Wau Holland Stiftung<\/em><\/strong><\/p>\n\n\n\n<p>Sur ce la juge Baraitser d\u00e9cide d\u2019une pause de 10 minutes. Je suis fatigu\u00e9e car je ne me repose absolument pas dans l\u2019ambiance hostile du sas. Mais l\u2019apr\u00e8s-midi avance et l\u2019attrait du proc\u00e8s s\u2019\u00e9mousse visiblement. En effet, les d\u00e9put\u00e9es de die Linke ne reviennent plus ni dans le sas ni dans la galerie. Je sympathise avec Volker, un des militants allemands qui a t\u00e9moin de l\u2019agression du matin qui l\u2019a visiblement choqu\u00e9. Nous discutons un peu de l\u2019\u00e9tat de Julian Assange et de ce que nous voyons en partageant dans la pause un caf\u00e9 et une barre de c\u00e9r\u00e9ales. Il trouve int\u00e9ressante ma fa\u00e7on de prendre des notes. L\u2019ambiance s\u2019adoucit m\u00eame si le public reste \u00e9trangement \u00e0 plus de 80% compos\u00e9 d\u2019Allemands et de germanophones. Il en sera ainsi les jours suivants, le 26 et 27 f\u00e9vrier.<\/p>\n\n\n\n<p>A notre retour, Summers d\u00e9crit la messagerie Jabber que les soldats am\u00e9ricains utilisaient pour leurs loisirs et cite des sup\u00e9rieurs hi\u00e9rarchiques de Manning qui auraient certifi\u00e9 qu\u2019il \u00e9tait courant pour les soldats de jouer \u00e0 cracker mutuellement leurs mots de passe. Manning \u00e9tait m\u00eame tellement dou\u00e9e qu\u2019elle en aurait fait une activit\u00e9 commerciale, valid\u00e9e par une de ses chefs qui lui aurait demand\u00e9 carr\u00e9ment d\u2019installer un logiciel interdit. Conclusion&nbsp;: Manning n\u2019avait pas besoin des comp\u00e9tences informatiques d\u2019Assange pour s\u2019introduire dans des bases interdites. A cette \u00e9vocation visiblement douloureuse, Julian Assange se balance l\u00e9g\u00e8rement d\u2019avant en arri\u00e8re puis revient dans sa prostration initiale. L\u2019avocat conclut que les accusations n\u2019ont pas pris en compte le contexte et sont donc abusives. Pour le prouver, il abandonne la jurisprudence \u00e9tats-unienne qui \u00e9tait sa r\u00e9f\u00e9rence jusqu\u2019alors (toute l\u2019analyse du comportement de Manning \u00e9tant contenu dans son dossier juridique selon le droit am\u00e9ricain), mais d\u00e9taille la jurisprudence europ\u00e9enne en se servant des cas Castillo, Murua et le Polonais Sekrewski. Les deux plaignants auraient gagn\u00e9 \u00e0 la Cour Europ\u00e9enne des Droits de l\u2019Homme de Strasbourg contre une demande d\u2019extradition en prouvant les abus de proc\u00e9dures. Je v\u00e9rifie sur les jugements dans la base de donn\u00e9es HUDOC de la Cour de Strasbourg&nbsp;: <strong>seul le jugement de Algar Castillo est r\u00e9pertori\u00e9<\/strong><a href=\"#_ftn1\">[1]<\/a>. Pendant que l\u2019avocat invoque le droit europ\u00e9en pour juger un Australien poursuivi par les Etats Unis, Assange regarde les 25 journalistes assis derri\u00e8re des pupitres \u00e0 sa gauche. <strong>Ses gestes nerveux reviennent. Il n\u2019y a aucun signe de connivence avec ceux qui devraient \u00eatre ses confr\u00e8res de m\u00e9tier.<\/strong><\/p>\n\n\n\n<figure class=\"wp-block-image size-large\"><img loading=\"lazy\" width=\"1024\" height=\"695\" src=\"http:\/\/monika-karbowska-liberte-pour-julian-assange.ovh\/wp-content\/uploads\/2020\/12\/Jahresbericht-2009-1024x695.png\" alt=\"\" class=\"wp-image-592\" srcset=\"http:\/\/monika-karbowska-liberte-pour-julian-assange.ovh\/wp-content\/uploads\/2020\/12\/Jahresbericht-2009-1024x695.png 1024w, http:\/\/monika-karbowska-liberte-pour-julian-assange.ovh\/wp-content\/uploads\/2020\/12\/Jahresbericht-2009-300x204.png 300w, http:\/\/monika-karbowska-liberte-pour-julian-assange.ovh\/wp-content\/uploads\/2020\/12\/Jahresbericht-2009-768x521.png 768w, http:\/\/monika-karbowska-liberte-pour-julian-assange.ovh\/wp-content\/uploads\/2020\/12\/Jahresbericht-2009.png 1414w\" sizes=\"(max-width: 1024px) 100vw, 1024px\" \/><figcaption>Rapport d&rsquo;activit\u00e9 de la fondation allemande Wau Holland en 2009 &#8211; les projets TOR, Jabber et Wikileaks sont d\u00e9cid\u00e9s <\/figcaption><\/figure>\n\n\n\n<p>Baraitser interrompt alors l\u2019avocat pour lui demander si Manning avait \u00e9t\u00e9 d\u00e9clar\u00e9e coupable. Oui, doit admettre Summers, mais le proc\u00e8s a \u00e9t\u00e9 contest\u00e9, reprend-il. Mais il n\u2019argumente pas que les aveux de Manning ont \u00e9t\u00e9 arrach\u00e9s apr\u00e8s torture ce qui les rend en r\u00e9alit\u00e9 non recevables&#8230; du fait justement de la torture. Il reprend son discours sur la jurisprudence europ\u00e9enne et rappelle la d\u00e9j\u00e0 longue histoire des abus juridiques que subit Julian Assange&nbsp;: les \u00ab&nbsp;accusations su\u00e9doises&nbsp;\u00bb, l\u2019impossibilit\u00e9 de quitter les locaux de l\u2019Equateur\u2026 Face \u00e0 l\u2019historique connu qui l\u2019agace peut-\u00eatre, Baraitser questionne l\u2019avocat sur les faits&nbsp;: oui ou non la page internet Wikileaks sollicitait elle le public pour lui envoyer des documents secrets&nbsp;? Le procureur intervient alors: pour lui les sollicitations sont clairement exprim\u00e9s sur la page internet \u00ab&nbsp;Wikileaks&nbsp;\u00bb. Dans un vrai proc\u00e8s, il est d\u2019usage de produire devant le public les passages discut\u00e9s&nbsp;: le grand \u00e9cran qui tr\u00f4ne dans la salle aurait pu servir \u00e0 voir le site incrimin\u00e9, mais il reste \u00e9teint et le juge ne demande pas au procureur de prouver ses dires. De m\u00eame l\u2019avocat ne se sert pas du fait que le propri\u00e9taire du site n\u2019est pas Julian Assange mais John Shipton pour invalider l\u2019accusation de \u00ab&nbsp;sollicitation actives&nbsp;\u00bb, alors m\u00eame que John Shipton ne risque rien puisqu\u2019qu\u2019il a d\u00e9j\u00e0 gagn\u00e9 en f\u00e9vrier 2009 en Californie le proc\u00e8s contre la banque Julius Baer. <strong>Le jugement du tribunal californien a bien invoqu\u00e9 le premier Amendement, le\u00ab&nbsp;droit de recevoir des informations&nbsp;\u00bb pour d\u00e9bouter Julius Baer de sa demande de fermeture du site Wikileaks appartenant \u00e0 John Shipton apr\u00e8s publication de ses listings bancaires<\/strong><a href=\"#_ftn2\">[2]<\/a>. Le jugement californien est valide alors m\u00eame que Wikileaks y est qualifi\u00e9e \u00ab&nbsp;d\u2019entit\u00e9 inconnue&nbsp;\u00bb, ne poss\u00e9dant donc ni si\u00e8ge social ni structure. <strong>Julian Assange ne devrait donc pas \u00eatre condamn\u00e9 pour la m\u00eame chose pour laquelle son p\u00e8re a \u00e9t\u00e9 relax\u00e9<\/strong>. H\u00e9las, en ne posant pas ces arguments, j\u2019ai le sentiment que Mark Summers donne quartier libre au procureur qui affirme que Julian Assange aurait dit \u00e0 Manning \u00ab&nbsp;je suis curieux de voir tous les documents&nbsp;\u00bb, l\u00e0 encore sans amener la moindre preuve mat\u00e9rielle (une retranscription des conversations sur Jabber par exemple). Le procureur mart\u00e8le que le sort de Julian Assange doit \u00eatre d\u00e9termin\u00e9 aux Etats Unis car \u00ab&nbsp;Julian Assange d\u00e9cidait de publier sur le site internet Wikileaks&nbsp;\u00bb. Le r\u00f4le des Allemands de la Wau Holland Stiftung est pass\u00e9 ainsi \u00e0 la trappe. <strong>On comprend que l\u2019accusation am\u00e9ricaine ne veut pas brusquer son plus pr\u00e9cieux alli\u00e9 en Europe, l\u2019Allemagne, en l\u2019impliquant dans un proc\u00e8s g\u00eanant.<\/strong> Mais j\u2019avoue que je comprends moins la strat\u00e9gie des avocats de plut\u00f4t sauver Andy M\u00fcller Maghun et les autres membres du CA de la Wau Holland Stiftung que Julian Assange qui est leur client.<\/p>\n\n\n\n<figure class=\"wp-block-image size-large\"><img loading=\"lazy\" width=\"1024\" height=\"675\" src=\"http:\/\/monika-karbowska-liberte-pour-julian-assange.ovh\/wp-content\/uploads\/2020\/12\/Shipton-Baer-Wikileaks-1024x675.png\" alt=\"\" class=\"wp-image-593\" srcset=\"http:\/\/monika-karbowska-liberte-pour-julian-assange.ovh\/wp-content\/uploads\/2020\/12\/Shipton-Baer-Wikileaks-1024x675.png 1024w, http:\/\/monika-karbowska-liberte-pour-julian-assange.ovh\/wp-content\/uploads\/2020\/12\/Shipton-Baer-Wikileaks-300x198.png 300w, http:\/\/monika-karbowska-liberte-pour-julian-assange.ovh\/wp-content\/uploads\/2020\/12\/Shipton-Baer-Wikileaks-768x506.png 768w, http:\/\/monika-karbowska-liberte-pour-julian-assange.ovh\/wp-content\/uploads\/2020\/12\/Shipton-Baer-Wikileaks.png 1403w\" sizes=\"(max-width: 1024px) 100vw, 1024px\" \/><figcaption>John Shipton comme propri\u00e9taire de l&rsquo;entit\u00e9 inconnu Wikileaks<\/figcaption><\/figure>\n\n\n\n<p>Pendant la tirade du procureur, alors qu\u2019il paraissait tr\u00e8s fatigu\u00e9, Julian Assange se l\u00e8ve et appelle Gareth Peirce. Elle met un certain temps \u00e0 l\u2019entendre et \u00e0 venir vers lui, puis elle se rassied. Assange parle alors \u00e0 Jennifer Robinson qui a pris le si\u00e8ge laiss\u00e9 par Garzon. Jennifer Robinson incite Peirce \u00e0 sortir de sa r\u00e9ticence et revenir \u00e9couter son client m\u00eame si elle ne le regarde toujours pas lorsqu\u2019elle s\u2019adresse \u00e0 lui. Enfin, lorsque Summers a fini son argumentation, Edward Hamilton reprend l\u2019organisation de la d\u00e9fense. Il propose \u00e0 la juge de d\u00e9poser un \u00ab&nbsp;sommaire des vices de proc\u00e9dures&nbsp;\u00bb le lendemain. H\u00e9las, en l\u2019absence de micro on n\u2019entend pas ce que dit Julian Assange \u00e0 ses conseils. Il est 16 heures, Baraitser se l\u00e8ve. Nous sommes tous tr\u00e8s fatigu\u00e9s et la c\u00e9r\u00e9monie du d\u00e9part est r\u00e9duite. Mais demain, je serais fid\u00e8le \u00e0 mon poste ici.<\/p>\n\n\n\n<figure class=\"wp-block-image size-large\"><img loading=\"lazy\" width=\"1024\" height=\"576\" src=\"http:\/\/monika-karbowska-liberte-pour-julian-assange.ovh\/wp-content\/uploads\/2020\/12\/causelistWoolwich25.02-1024x576.png\" alt=\"\" class=\"wp-image-603\" srcset=\"http:\/\/monika-karbowska-liberte-pour-julian-assange.ovh\/wp-content\/uploads\/2020\/12\/causelistWoolwich25.02-1024x576.png 1024w, http:\/\/monika-karbowska-liberte-pour-julian-assange.ovh\/wp-content\/uploads\/2020\/12\/causelistWoolwich25.02-300x169.png 300w, http:\/\/monika-karbowska-liberte-pour-julian-assange.ovh\/wp-content\/uploads\/2020\/12\/causelistWoolwich25.02-768x432.png 768w, http:\/\/monika-karbowska-liberte-pour-julian-assange.ovh\/wp-content\/uploads\/2020\/12\/causelistWoolwich25.02-1536x864.png 1536w, http:\/\/monika-karbowska-liberte-pour-julian-assange.ovh\/wp-content\/uploads\/2020\/12\/causelistWoolwich25.02-1568x882.png 1568w, http:\/\/monika-karbowska-liberte-pour-julian-assange.ovh\/wp-content\/uploads\/2020\/12\/causelistWoolwich25.02.png 1920w\" sizes=\"(max-width: 1024px) 100vw, 1024px\" \/><figcaption>Pour la Woolwich Court, le proc\u00e8s Assange n&rsquo;existe pas. Le planning ne pr\u00e9voit pas d&rsquo;audience salle 2 pour le 25 f\u00e9vrier 2020<\/figcaption><\/figure>\n\n\n\n<hr class=\"wp-block-separator\"\/>\n\n\n\n<p><a href=\"#_ftnref1\">[1]<\/a> https:\/\/hudoc.echr.coe.int\/eng#{\u00ab\u00a0fulltext\u00a0\u00bb:[\u00ab\u00a0Castillo\u00a0\u00bb],\u00a0\u00bbdocumentcollectionid2&Prime;:[\u00ab\u00a0GRANDCHAMBER\u00a0\u00bb,\u00a0\u00bbCHAMBER\u00a0\u00bb]}<\/p>\n\n\n\n<p><a href=\"#_ftnref2\">[2]<\/a> <a href=\"http:\/\/www.dmlp.org\/sites\/citmedialaw.org\/files\/2008-02-26-Brief%20of%20Intervenors%20to%20Dismiss%20for%20Lack%20of%20Subject%20Matter%20Jurisdiction.pdf\" data-type=\"URL\" data-id=\"http:\/\/www.dmlp.org\/sites\/citmedialaw.org\/files\/2008-02-26-Brief%20of%20Intervenors%20to%20Dismiss%20for%20Lack%20of%20Subject%20Matter%20Jurisdiction.pdf\">http:\/\/www.dmlp.org\/sites\/citmedialaw.org\/files\/2008-02-26-Brief%20of%20Intervenors%20to%20Dismiss%20for%20Lack%20of%20Subject%20Matter%20Jurisdiction.pdf<\/a><\/p>\n\n\n\n<p><a href=\"http:\/\/www.dmlp.org\/sites\/citmedialaw.org\/files\/2008-02-28-Notice%20by%20John%20Shipton%20of%20Intent%20to%20Appear%20and%20Joinder%20in%20Motions%20and%20Oppositions%20of%20Amici-Intervenors.pdf\" data-type=\"URL\" data-id=\"http:\/\/www.dmlp.org\/sites\/citmedialaw.org\/files\/2008-02-28-Notice%20by%20John%20Shipton%20of%20Intent%20to%20Appear%20and%20Joinder%20in%20Motions%20and%20Oppositions%20of%20Amici-Intervenors.pdf\">http:\/\/www.dmlp.org\/sites\/citmedialaw.org\/files\/2008-02-28-Notice%20by%20John%20Shipton%20of%20Intent%20to%20Appear%20and%20Joinder%20in%20Motions%20and%20Oppositions%20of%20Amici-Intervenors.pdf<\/a><\/p>\n\n\n\n<p><a href=\"https:\/\/www.facebook.com\/notes\/wikijustice-julian-assange\/conf\u00e9rence-de-presse-du-20022020-deux-infos-capitales-two-major-news\/493132691323050\/\">https:\/\/www.facebook.com\/notes\/wikijustice-julian-assange\/conf\u00e9rence-de-presse-du-20022020-deux-infos-capitales-two-major-news\/493132691323050\/<\/a><\/p>\n\n\n\n<p><a href=\"https:\/\/www.courtlistener.com\/opinion\/1737559\/bank-julius-baer-co-ltd-v-wikileaks\/?fbclid=IwAR3hpvyy6MfaKv84HnVWNeR1oMu6wvJosyK9gBhFcUGyFrlxGQSBmlYpYas\">https:\/\/www.courtlistener.com\/opinion\/1737559\/bank-julius-baer-co-ltd-v-wikileaks\/?fbclid=IwAR3hpvyy6MfaKv84HnVWNeR1oMu6wvJosyK9gBhFcUGyFrlxGQSBmlYpYas<\/a><\/p>\n","protected":false},"excerpt":{"rendered":"<p>Mardi 25 f\u00e9vrier 2020 &#8211; Violences en r\u00e9union Monika Karbowska Le deuxi\u00e8me jour du proc\u00e8s il fait froid, mais ma chambre n\u2019est \u00e0 qu\u2019\u00e0 10 minutes de marche dans le lotissement en face de la prison, j\u2019arrive donc devant la grille du tribunal \u00e0 5h45. Je suis la sixi\u00e8me personne dans la file, derri\u00e8re Patrick [&hellip;]<\/p>\n","protected":false},"author":1,"featured_media":0,"comment_status":"open","ping_status":"open","sticky":false,"template":"","format":"standard","meta":[],"categories":[4],"tags":[],"_links":{"self":[{"href":"http:\/\/monika-karbowska-liberte-pour-julian-assange.ovh\/index.php?rest_route=\/wp\/v2\/posts\/578"}],"collection":[{"href":"http:\/\/monika-karbowska-liberte-pour-julian-assange.ovh\/index.php?rest_route=\/wp\/v2\/posts"}],"about":[{"href":"http:\/\/monika-karbowska-liberte-pour-julian-assange.ovh\/index.php?rest_route=\/wp\/v2\/types\/post"}],"author":[{"embeddable":true,"href":"http:\/\/monika-karbowska-liberte-pour-julian-assange.ovh\/index.php?rest_route=\/wp\/v2\/users\/1"}],"replies":[{"embeddable":true,"href":"http:\/\/monika-karbowska-liberte-pour-julian-assange.ovh\/index.php?rest_route=%2Fwp%2Fv2%2Fcomments&post=578"}],"version-history":[{"count":9,"href":"http:\/\/monika-karbowska-liberte-pour-julian-assange.ovh\/index.php?rest_route=\/wp\/v2\/posts\/578\/revisions"}],"predecessor-version":[{"id":1208,"href":"http:\/\/monika-karbowska-liberte-pour-julian-assange.ovh\/index.php?rest_route=\/wp\/v2\/posts\/578\/revisions\/1208"}],"wp:attachment":[{"href":"http:\/\/monika-karbowska-liberte-pour-julian-assange.ovh\/index.php?rest_route=%2Fwp%2Fv2%2Fmedia&parent=578"}],"wp:term":[{"taxonomy":"category","embeddable":true,"href":"http:\/\/monika-karbowska-liberte-pour-julian-assange.ovh\/index.php?rest_route=%2Fwp%2Fv2%2Fcategories&post=578"},{"taxonomy":"post_tag","embeddable":true,"href":"http:\/\/monika-karbowska-liberte-pour-julian-assange.ovh\/index.php?rest_route=%2Fwp%2Fv2%2Ftags&post=578"}],"curies":[{"name":"wp","href":"https:\/\/api.w.org\/{rel}","templated":true}]}}