{"id":2093,"date":"2022-03-09T14:34:59","date_gmt":"2022-03-09T13:34:59","guid":{"rendered":"http:\/\/monika-karbowska-liberte-pour-julian-assange.ovh\/?p=2093"},"modified":"2022-11-06T14:41:34","modified_gmt":"2022-11-06T13:41:34","slug":"fin-ultime-du-storytelling-julian-assange-rendez-vous-a-londres-du-25-octobre-au-2-novembre-2021","status":"publish","type":"post","link":"http:\/\/monika-karbowska-liberte-pour-julian-assange.ovh\/?p=2093","title":{"rendered":"Fin ultime du storytelling Julian Assange ? La libert\u00e9 \u00e0 Londres du 25 octobre au 2 novembre 2021. Stella Morris, Tracy Ward et les ducs de Beaufort"},"content":{"rendered":"\n<figure class=\"wp-block-image size-large\"><img loading=\"lazy\" width=\"408\" height=\"612\" src=\"http:\/\/monika-karbowska-liberte-pour-julian-assange.ovh\/wp-content\/uploads\/2022\/03\/Assange-prince-3.jpg\" alt=\"\" class=\"wp-image-2156\" srcset=\"http:\/\/monika-karbowska-liberte-pour-julian-assange.ovh\/wp-content\/uploads\/2022\/03\/Assange-prince-3.jpg 408w, http:\/\/monika-karbowska-liberte-pour-julian-assange.ovh\/wp-content\/uploads\/2022\/03\/Assange-prince-3-200x300.jpg 200w\" sizes=\"(max-width: 408px) 100vw, 408px\" \/><figcaption>LONDON<\/figcaption><\/figure>\n\n\n\n<p class=\"has-large-font-size\"><em>Monika Karbowska<\/em><\/p>\n\n\n\n<p><em>J\u2019ai effectu\u00e9 mon 23 voyage en Angleterre en 2 ans et demi pour le proc\u00e8s de Julian Assange. J\u2019ai s\u00e9journ\u00e9 \u00e0 Londres du 25 octobre 2021 au 3 novembre dernier et ce voyage, dans une Europe ravag\u00e9e par la dictature covidienne depuis 2 ans, me fut une mesure salutaire, une v\u00e9ritable bouff\u00e9e d\u2019oxyg\u00e8ne de la Libert\u00e9, malgr\u00e9 l\u2019objectif toujours difficile de veiller au respect des droits de l\u2019Homme de l\u2019homme Julian Assange. Ne jamais l\u00e2cher malgr\u00e9 la vie difficile que le r\u00e9gime nous m\u00e8ne et malgr\u00e9 les violations terribles auxquelles nous sommes nous-m\u00eame confront\u00e9s en France.<\/em><\/p>\n\n\n\n<figure class=\"wp-block-image size-large is-resized\"><img src=\"http:\/\/monika-karbowska-liberte-pour-julian-assange.ovh\/wp-content\/uploads\/2022\/03\/P1090138-1024x576.jpg\" alt=\"\" class=\"wp-image-2103\" width=\"700\" srcset=\"http:\/\/monika-karbowska-liberte-pour-julian-assange.ovh\/wp-content\/uploads\/2022\/03\/P1090138-1024x576.jpg 1024w, http:\/\/monika-karbowska-liberte-pour-julian-assange.ovh\/wp-content\/uploads\/2022\/03\/P1090138-300x169.jpg 300w, http:\/\/monika-karbowska-liberte-pour-julian-assange.ovh\/wp-content\/uploads\/2022\/03\/P1090138-768x432.jpg 768w, http:\/\/monika-karbowska-liberte-pour-julian-assange.ovh\/wp-content\/uploads\/2022\/03\/P1090138-1536x864.jpg 1536w, http:\/\/monika-karbowska-liberte-pour-julian-assange.ovh\/wp-content\/uploads\/2022\/03\/P1090138-2048x1152.jpg 2048w, http:\/\/monika-karbowska-liberte-pour-julian-assange.ovh\/wp-content\/uploads\/2022\/03\/P1090138-1568x882.jpg 1568w\" sizes=\"(max-width: 1024px) 100vw, 1024px\" \/><figcaption>Gilles Chambault, mon compagnon 2007-2013, d\u00e9c\u00e9d\u00e9 le 30 octobre 2021 \u00e0 cause de la folie covidienne<\/figcaption><\/figure>\n\n\n\n<p><em>Je n\u2019ai h\u00e9las pas imm\u00e9diatement pu \u00e9crire mon article car \u00e0 mon retour je fus confronter aux terrible frappes de la dictature dans l\u2019Union Europ\u00e9enne&nbsp;: le d\u00e9c\u00e8s brutal de mon ancien compagnon, <strong>Gilles Chambault,<\/strong> ancien militant du Parti de Gauche et du CADTM, le 30 octobre, puis la terrible lutte que j\u2019engageais pour sauver de la mort mon amie <strong>Alicja Tysiac, militante f\u00e9ministe polonaise <\/strong>s\u00e9questr\u00e9e dans un h\u00f4pital covidien mafieux de Varsovie qui m\u2019a appel\u00e9 \u00e0 l\u2019aide le 29 novembre. Puis le syst\u00e8me s\u2019en prit \u00e0 d\u2019autres personnes proches, dont le p\u00e8re d\u2019une militante contre la dictature, <strong>Marian Kurmel, <\/strong>dans la ville de Szczytno en Pologne. En France \u00e9galement nous avons d\u00fb faire face \u00e0 des poursuites judiciaires ill\u00e9gales et des maladies bizarres qui ressemblent fort \u00e0 des empoisonnements.<\/em><\/p>\n\n\n\n<figure class=\"wp-block-image size-large is-resized\"><img loading=\"lazy\" src=\"http:\/\/monika-karbowska-liberte-pour-julian-assange.ovh\/wp-content\/uploads\/2022\/03\/DSC05645-1024x768.jpg\" alt=\"\" class=\"wp-image-2104\" width=\"700\" height=\"600\"\/><figcaption>Alicja Tysiac, mon amie f\u00e9ministe polonaise, d\u00e9c\u00e9d\u00e9e \u00e0 cause de la dictature covidienne le 12 d\u00e9cembre 2021 (photo de 2010)<\/figcaption><\/figure>\n\n\n\n<p><em>Je soup\u00e7onne que Gilles fut victime de l\u2019injection covidienne qu\u2019il a accept\u00e9 pour fournir le pass sanitaire exig\u00e9 par son club a\u00e9ronautique de la Fert\u00e9 Alais.  J\u2019ai assist\u00e9 en direct par messenger interpos\u00e9 \u00e0 la terrible agonie de mon amie Alicja priv\u00e9e de soins et s\u00e9questr\u00e9e par l\u2019h\u00f4pital Praski \u00e0 Varsovie. Elle est d\u00e9c\u00e9d\u00e9e le 12 d\u00e9cembre. Nous avons obtenu l&rsquo;ouverture d&rsquo;une enqu\u00eate judiciaire. <\/em><\/p>\n\n\n\n<p><em>Il est logique qu\u2019avec ces \u00e9preuves je n\u2019aie pas pu \u00e9crire mon article \u00e0 temps. Si je le reprends aujourd\u2019hui c\u2019est parce que ce qui est positif et optimiste doit toujours \u00eatre fix\u00e9 sur papier et nous donner la force de lutter.<\/em><\/p>\n\n\n\n<p><em>Et je n\u2019oublie pas pour autant mes chers disparus, auxquels le promets solennellement, justice et vengeance.<\/em><\/p>\n\n\n\n<p>Le 24 octobre je finissais le travail \u00e9ditorial sur mes articles du d\u00e9but de l\u2019affaire Assange, ao\u00fbt et septembre 2019, sur mon premier voyage \u00e0 Londres pour l\u2019audience du 20 septembre 2019, tandis que la France bruissait des intenses manifestations populaires contre la s\u00e9gr\u00e9gation sanitaire et le pass dit \u00ab&nbsp;nazitaire&nbsp;\u00bb. <strong>Ce 24 au soir je devais prendre le Flixbus pour Londres afin d\u2019assister \u00e0 l\u2019audience de Julian Assange en appel \u00e0 la cour administrative. <\/strong>Cette audience fut annonc\u00e9 le 10 ao\u00fbt 2021 par des publications sur twitter et par des articles de grands m\u00e9dias comme d\u2019habitude, car les \u00ab&nbsp;avocats&nbsp;\u00bb de Julian Assange ne parlent jamais publiquement au cours d\u2019une conf\u00e9rence de presse.<\/p>\n\n\n\n<p class=\"has-large-font-size\"><strong><em>Comment la secte covidienne infiltre les structures publiques et  les entreprises priv\u00e9es<\/em><\/strong><\/p>\n\n\n\n<figure class=\"wp-block-video\"><video controls src=\"http:\/\/monika-karbowska-liberte-pour-julian-assange.ovh\/wp-content\/uploads\/2022\/03\/film-pub-Paddington.mp4\"><\/video><figcaption>Petit film d&rsquo;un bonheur simple dans Londres ville libre<\/figcaption><\/figure>\n\n\n\n<p>Lorsque j\u2019ai d\u00e9cid\u00e9 en septembre de m\u2019organiser pour effectuer le voyage \u00e0 Londres malgr\u00e9 les menaces covidiennes perp\u00e9tuelles du r\u00e9gime Macron sur les voyages impossibles et les fronti\u00e8res ferm\u00e9es, je m\u2019\u00e9tais assur\u00e9e que le 4 octobre 2021 toutes les restrictions \u00e0 l\u2019entr\u00e9e sur le territoire seraient abolies \u00e0 cette date. La France \u00e9tait indiqu\u00e9e comme \u00e9tant sur la liste \u00ab&nbsp;orange&nbsp;\u00bb (amber) donc exempt\u00e9e de quarantaine quoique non exempt\u00e9e de test PCR.<\/p>\n\n\n\n<p>Ce fut donc une mauvaise surprise lorsque, le samedi 23 octobre, au moment de remplir le \u00ab&nbsp;passenger locator form&nbsp;\u00bb, je constatais que le site <a href=\"https:\/\/www.gov.uk\/guidance\/travel-to-england-from-another-country-during-coronavirus-covid-19\">Travel to England from another country during coronavirus (COVID-19) &#8211; GOV.UK (www.gov.uk)<\/a> avait mis la quarantaine \u00e0 180 pays&nbsp;! Les listes vertes oranges et rouges sont abolies et les non vaccin\u00e9s de ces 180 pays doivent non seulement de montrer un test PCR n\u00e9gatif, mais aussi effectuer des quarantaines et des tests PCR \u00e0 r\u00e9p\u00e9titions dits du 2<sup>\u00e8me<\/sup> et du 8<sup>\u00e8me<\/sup> jour. Certes, je me doutais que comme en d\u00e9but d\u2019ann\u00e9e le syst\u00e8me britannique n\u2019avait ni le droit ni la possibilit\u00e9 de contr\u00f4ler les quarantaines, mais la perspective de me soumettre aux tortures permanentes et couteuses des tests PCR entachait la joie de mon d\u00e9part. De plus, m\u00eame si le site ne disait pas que les \u00ab&nbsp;vaccins covid&nbsp;\u00bb seraient obligatoires pour entrer en Grande Bretagne, ces changements permanents de r\u00e8gles me faisait craindre les pires abus.<\/p>\n\n\n\n<p>Mais j\u2019ai tellement besoin de m\u2019a\u00e9rer, de quitter un peu la France confite dans la violence de la dictature covido-macroniste. Quitter l\u2019ambiance d\u2019angoisse dans laquelle nous sommes enferm\u00e9s malgr\u00e9 la force de nos protestations massives. Que faire alors&nbsp;? Ne pas y aller, laisser tomber ces inepties violentes et me concentrer sur notre Lib\u00e9ration en France&nbsp;? Ou partir du principe que nous avions d\u00e9j\u00e0 maintes fois v\u00e9rifi\u00e9 que le gouvernement de Boris Johnson n\u2019est pas un adepte du Covid mais que les structures de l\u2019Etat son infiltr\u00e9s par la secte covidiste qui tente de faire du \u00ab<strong>&nbsp;faux droit&nbsp;\u00bb avec une politique typiquement nazie de \u00ab&nbsp;faits accomplis&nbsp;\u00bb qui sont nulles en droit car elles sont contraires aux droits de l\u2019Homme, aux Constitutions, \u00e0 la Charte des Nations Unis<\/strong>&nbsp;? Par exemple nous savons que c\u2019est le \u00ab&nbsp;NHS&nbsp;\u00bb National Health System, la v\u00e9n\u00e9rable S\u00e9cu anglaise qui est le plus infiltr\u00e9s par les managers issus du priv\u00e9e et c\u2019est elle qui est la plus covidienne. C\u2019est la NHS qui est responsable des tests et des quarantaines, c\u2019est elle qui les veut et les impose.<\/p>\n\n\n\n<p>Or, en droit, <strong>une institution de sant\u00e9 ne contr\u00f4le pas les fronti\u00e8res d\u2019un Etat. Ceci est, dans la tradition de l\u2019Etat de droit souverain et d\u00e9mocratique, du ressort des services du Minist\u00e8re des Affaires Etrang\u00e8res<\/strong> pour les d\u00e9cisions juridiques et des Polices aux Fronti\u00e8res pour l\u2019application des principes. Une fronti\u00e8re d\u2019un Etat n\u2019existe pas \u00e0 l\u2019\u00e9tat pur&nbsp;: elle est toujours la fronti\u00e8re <strong>AVEC quelqu\u2019un d\u2019AUTRE.<\/strong> Selon le principe de r\u00e9ciprocit\u00e9 la circulation entre deux Etats se fait selon les accords conclut par les Affaires Etrang\u00e8res avec les services diplomatiques de l\u2019Etat voisin. Une fois cet accord conclus, le minist\u00e8re de l\u2019Int\u00e9rieur et sa police sont charg\u00e9 d\u2019appliquer ses modalit\u00e9s aux fronti\u00e8res avec plus ou moins de collaboration avec leurs homologues de l\u2019Etat voisin.<\/p>\n\n\n\n<p>M\u00eame les vaccins obligatoires pour entrer dans un Etat doivent \u00eatre et sont jusqu\u2019\u00e0 pr\u00e9sent r\u00e9gul\u00e9s par des trait\u00e9s bilat\u00e9raux ou multilat\u00e9raux entre Etats, sinon ce sera le chaos et la fin du droit international.<\/p>\n\n\n\n<p>Les relations franco-britanniques sont historiquement r\u00e9gl\u00e9s par d\u2019innombrables trait\u00e9s bilat\u00e9raux. Le dernier en date fixe en d\u00e9cembre 2020 la libert\u00e9 de circulation des citoyens fran\u00e7ais et britanniques sur la base du simple passeport apr\u00e8s le Brexit. La Grande Bretagne a sign\u00e9 ce type d\u2019accord avec de nombreux Etats europ\u00e9ens ou a laiss\u00e9 les accords anciens perdurer (en diplomatie tout accord qui n\u2019a pas \u00e9t\u00e9 formellement d\u00e9nonc\u00e9 ou rompu s\u2019applique toujours, m\u00eame s\u2019il a \u00e9t\u00e9 sign\u00e9 50, 100 ou 200 ans auparavant\u2026).<\/p>\n\n\n\n<p>Mais entre-temps, la secte covidienne a frapp\u00e9 dans tous les Etats d\u2019Europe et a invent\u00e9 le tests PCR obligatoire aux fronti\u00e8res a<strong>lors que cette obligation n\u2019est r\u00e9gul\u00e9e par AUCUN accord, aucun trait\u00e9, aucune convention<\/strong>. <strong>Les tests PCR sont donc ill\u00e9gaux du point de vue du droit international. <\/strong>Ils constituent une esp\u00e8ce de voie de fait typique des guerres qui entraine des repr\u00e9sailles analogues des pays vis\u00e9s en vertus du principe de r\u00e9ciprocit\u00e9.<\/p>\n\n\n\n<p>Lorsque Macron impose un blocus des chauffeurs routiers europ\u00e9ens qui se rendent en Angleterre par Douvres en d\u00e9cembre 2020 en instituant le test PCR obligatoire aux fronti\u00e8res de la France, l\u2019Angleterre se voit oblig\u00e9e d\u2019imposer ce m\u00eame test PCR aux voyageurs venant de France. Seuls les pays soumis, colonis\u00e9s dont les \u00e9lites ont une mentalit\u00e9 d\u2019esclaves n\u2019osent pas appliquer le principe de r\u00e9ciprocit\u00e9. (Par exemple la Pologne soumise aux USA n\u2019applique pas de visa \u00e0 l\u2019entr\u00e9e des citoyens am\u00e9ricains sur son territoire alors que les USA ferment drastiquement leur pays aux ressortissants polonais\u2026).<\/p>\n\n\n\n<p>La Grande Bretagne n\u2019a certes pas quitt\u00e9 la structure dictatoriale de l\u2019Union Europ\u00e9enne pour se soumettre aux diktat de son voisin avec lequel la lient des si\u00e8cles de conflits et de rivalit\u00e9 mais aussi une si forte fraternit\u00e9 d\u2019armes et de destins de deux Guerre Mondiales. La France de Macron semble avoir tout oubli\u00e9 que les Fran\u00e7ais doivent leur survie physique aux Anglais en 1940-44 et s\u2019enfonce dans une politique d\u2019hostilit\u00e9 incompr\u00e9hensible et incoh\u00e9rente face \u00e0 son voisin.<\/p>\n\n\n\n<p>Mes ennemis au cours de ce voyage sont mon propre pays et la secte covidiste qui infiltre les structures \u00e9tatiques des pays souverains. Je sais aussi que l\u2019Angleterre en tant qu\u2019\u00eele a besoin de fronti\u00e8res ouvertes et d\u2019un trafic fluide de voyageurs et de marchandises. Le NHS n\u2019a donc en fait pas le droit de contr\u00f4ler les fronti\u00e8res malgr\u00e9 qu\u2019il tente de s\u2019arroger ce droit en intimidant les futures voyageurs sur le site \u00ab&nbsp;Enter to UK&nbsp;\u00bb. Mais l\u2019Angleterre est une ile, je ne peux y aller \u00e0 pieds, ce sont donc les transporteurs qui sont charg\u00e9s d\u2019exiger le tests PCR alors que, selon les principes du droit, <strong>une entreprise priv\u00e9e de transports n\u2019a aucun droit d\u2019acc\u00e8s aux dossiers de sant\u00e9 des citoyens, et donc n\u2019a aucun droit de regard sur les vaccins, les quarantaines ni les analyses m\u00e9dicales<\/strong>&nbsp;!<\/p>\n\n\n\n<p><strong>Que faire donc&nbsp;?<\/strong><\/p>\n\n\n\n<p>J\u2019ai \u00e9t\u00e9 contrainte d\u2019effectuer le test PCR vendredi 22 octobre car Flixbus n\u2019est pas du tout une compagnie r\u00e9sistante et elle appliquera de toute fa\u00e7on le pass sanitaire de Macron. Ils ne m\u2019accepterons pas \u00e0 bord sans cela.<\/p>\n\n\n\n<p>En examinant le \u00ab&nbsp;Passanger Locator Form&nbsp;\u00bb je m\u2019aper\u00e7ois qu\u2019il comporte une case des \u00ab&nbsp;exempt of self isolation&nbsp;\u00bb. Parmi les quelques professions exempt\u00e9s (diplomates, fonctionnaires internationaux, routiers\u2026) il y a une case \u00ab&nbsp;<strong>COP26 UNFCCC registered participant (England and Scotland only) &#8211; HMG Letter required&nbsp;\u00bb (COP26 enregistrement de participant, Angleterre et Ecosse seulement, HMG lettre exig\u00e9e).<\/strong><\/p>\n\n\n\n<figure class=\"wp-block-image size-large\"><img loading=\"lazy\" width=\"1024\" height=\"594\" src=\"http:\/\/monika-karbowska-liberte-pour-julian-assange.ovh\/wp-content\/uploads\/2022\/03\/Londres-24.10.2021-1-1024x594.png\" alt=\"\" class=\"wp-image-2098\" srcset=\"http:\/\/monika-karbowska-liberte-pour-julian-assange.ovh\/wp-content\/uploads\/2022\/03\/Londres-24.10.2021-1-1024x594.png 1024w, http:\/\/monika-karbowska-liberte-pour-julian-assange.ovh\/wp-content\/uploads\/2022\/03\/Londres-24.10.2021-1-300x174.png 300w, http:\/\/monika-karbowska-liberte-pour-julian-assange.ovh\/wp-content\/uploads\/2022\/03\/Londres-24.10.2021-1-768x446.png 768w, http:\/\/monika-karbowska-liberte-pour-julian-assange.ovh\/wp-content\/uploads\/2022\/03\/Londres-24.10.2021-1.png 1499w\" sizes=\"(max-width: 1024px) 100vw, 1024px\" \/><figcaption>Premier Passanger Locator Form le 24 octobre 2021<\/figcaption><\/figure>\n\n\n\n<p><strong>Les participants \u00e0 la COP26 <\/strong>\u00e0 Glasgow du 2 au 12 novembre 2021 sont donc exempt\u00e9s de quarantaine&nbsp;! Int\u00e9ressant&nbsp;! Tout d\u2019abord, je remplis honn\u00eatement le papier&nbsp;: date de d\u00e9part, d\u2019arriv\u00e9e, num\u00e9ro du bus et compagnie, adresse de r\u00e9sidence amie, passeport. Je dois donc faire le maudit test PCR au 2<sup>\u00e8me<\/sup> et 8<sup>\u00e8me<\/sup> jour d\u2019arriv\u00e9e. C\u2019est douloureux et contraignant, mais peut \u00eatre vais-je \u00eatre oblig\u00e9e de le faire. L\u2019affaire se corse lorsque je d\u00e9couvre que le site m\u2019impose de r\u00e9server et payer un test par avance\u2026 Une liste de compagnies est donn\u00e9e, mais certains tests co\u00fbtent 50 et d\u2019autres 300 livres. Pourquoi une telle diff\u00e9rence&nbsp;? Lequel est le bon&nbsp;? Je choisis une compagnie moyennement ch\u00e8re, mais les deux tests co\u00fbtent 200 livres, 230 Euros&nbsp;!<strong> Cela fait cher le mille marin de Calais \u00e0 Douvres<\/strong>\u2026 Je d\u00e9cide alors de ne payer que le premier test, 77 Euros quand m\u00eame. Je paye sur le site de la compagnie, je r\u00e9cup\u00e8re la facture, je me dis que cela me fera le test de retour, je ne compte m\u00eame pas rester assez longtemps pour \u00eatre oblig\u00e9e de faire le test du 8<sup>\u00e8me<\/sup> jour&nbsp;!<\/p>\n\n\n\n<p>Ce site des compagnies de test est un tel foutoir qu\u2019on n\u2019y comprend rien et \u00e9videment il n\u2019y a aucun num\u00e9ro de t\u00e9l\u00e9phone pour se renseigner. Je d\u00e9cide de mettre sous le nez des contr\u00f4leurs les captures d\u2019\u00e9cran des sites incompr\u00e9hensibles et de me d\u00e9fendre en cas de probl\u00e8me.<\/p>\n\n\n\n<p>Je dois introduire un num\u00e9ro r\u00e9cup\u00e9r\u00e9 sur la facture du test pour valider le \u00ab&nbsp;Passanger locator form&nbsp;\u00bb. Peine perdu, le site refuse. Le num\u00e9ro de marche pas. Alors je d\u00e9cide de valider <strong>\u00ab&nbsp;Cop26<\/strong><strong> UNFCCC registered participant<\/strong><strong>\u00bb (participants associatifs \u00e0 la COP26<\/strong>) tout en cochant \u00ab&nbsp;Testing exemption declared&nbsp;\u00bb (d\u00e9clare une exemption de test ) et &nbsp;\u00ab&nbsp;I need to self isolate&nbsp;\u00bb (\u00ab&nbsp;je dois m\u2019auto-isoler). Plus loin je confirme que je suis exempt\u00e9e de test sur place&nbsp;:<strong> \u00ab&nbsp;<\/strong>Are you required to book a COVID-19 test package for when you arrive in the UK? No, I am exempt&nbsp;\u00bb (\u00ab&nbsp;\u00eates-vous oblig\u00e9e de r\u00e9server un test Covid19 \u00e0 \u00e0 l\u2019arriv\u00e9e en UK&nbsp;? Non je suis exempt\u00e9e&nbsp;\u00bb).<\/p>\n\n\n\n<p>J\u2019ai donc coup\u00e9 la poire en deux ou en trois&nbsp;: je d\u00e9clare la COP26, mais j\u2019accepte la quarantaine en d\u00e9clarant que je ne suis pas oblig\u00e9e de me tester. Mais au cas o\u00f9, j\u2019ai l\u2019attestation du test pay\u00e9 sous la main&nbsp;!<\/p>\n\n\n\n<p>Apr\u00e8s tout ce serait une tr\u00e8s bonne id\u00e9e de me rendre \u00e0 Glasgow\u2026 En tant qu\u2019association des Droits de l\u2019Homme nous avons notre mot \u00e0 dire sur les politiques de plus en plus liberticides impos\u00e9es sous couvert de \u00ab&nbsp;sauver le climat&nbsp;\u00bb et puisque Johnson nous incite \u00e0 y aller <strong>en d\u00e9cidant que le Covid ne touche pas les participants de la COP26\u2026<\/strong> pourquoi ne pas r\u00e9pondre \u00e0 son invitation&nbsp;? En cas de probl\u00e8me j\u2019ai pourtant toujours la facture du test.<\/p>\n\n\n\n<p>Je passe ma derni\u00e8re soir\u00e9e \u00e0 Paris le 24 octobre \u00e0 boire m\u00e9lancoliquement des verres de vin dans un caf\u00e9 r\u00e9sistant du quartier non loin de la gare des Flixbus\u2026. J\u2019ai h\u00e2te de partir mais le voyage n\u2019est plus un plaisir, une d\u00e9couverte et un renouvellement des sens et d\u2019identit\u00e9, mais une source intense de stress par lequel la secte covidienne torture les gens libres.<\/p>\n\n\n\n<p>J\u2019arrive \u00e0 la gare des bus de Bercy une demi-heure avant le d\u00e9part \u00e0 22h30. Mais voil\u00e0 qu\u2019en chemin vers la gare que je re\u00e7ois un SMS bizarre \u00abvous devez changer le passanger locator form&nbsp;\u00bb. Qu\u2019est-ce que c\u2019est encore que cela&nbsp;? &nbsp;Le bus 700 est d\u00e9j\u00e0 en place, \u00e0 c\u00f4t\u00e9 de lui officient deux employ\u00e9s en gilets jaune marqu\u00e9s \u00ab&nbsp;Flixbus&nbsp;\u00bb. Avec une certaine appr\u00e9hension (que vont-ils encore me demander&nbsp;?) je pr\u00e9sente mon passeport, mon ticket, le test PCR et le Passanger Locator Form imprim\u00e9. Mais voil\u00e0 que le jeune homme black me dit \u00ab&nbsp;vous devez changer le Passanger Locator Form. Vous ne pouvez pas marquer \u00ab&nbsp;Flixbus&nbsp;\u00bb, mais il faut mettre P and O, la compagnie de bateau assurant le trajet Calais-Douvres&nbsp;\u00bb.<\/p>\n\n\n\n<figure class=\"wp-block-image size-large\"><img loading=\"lazy\" width=\"1024\" height=\"602\" src=\"http:\/\/monika-karbowska-liberte-pour-julian-assange.ovh\/wp-content\/uploads\/2022\/03\/Londres-P-et-O-25.10.21-1024x602.png\" alt=\"\" class=\"wp-image-2099\" srcset=\"http:\/\/monika-karbowska-liberte-pour-julian-assange.ovh\/wp-content\/uploads\/2022\/03\/Londres-P-et-O-25.10.21-1024x602.png 1024w, http:\/\/monika-karbowska-liberte-pour-julian-assange.ovh\/wp-content\/uploads\/2022\/03\/Londres-P-et-O-25.10.21-300x176.png 300w, http:\/\/monika-karbowska-liberte-pour-julian-assange.ovh\/wp-content\/uploads\/2022\/03\/Londres-P-et-O-25.10.21-768x452.png 768w, http:\/\/monika-karbowska-liberte-pour-julian-assange.ovh\/wp-content\/uploads\/2022\/03\/Londres-P-et-O-25.10.21.png 1399w\" sizes=\"(max-width: 1024px) 100vw, 1024px\" \/><figcaption>Le second Passanger Locator Forum impos\u00e9 par Flixbus avec la fausse information de P and O<\/figcaption><\/figure>\n\n\n\n<p>Pourquoi&nbsp;? C\u2019est comme \u00e7a sinon vous ne montez pas. Mais comment faire&nbsp;? Je ne pourrai plus imprimer le document. En vitesse je dois m\u2019asseoir dehors dans le froid de la nuit, retrouver le site \u00ab&nbsp;travel to UK&nbsp;\u00bb, <strong>mais je remplis alors avec appr\u00e9hension les cases \u00ab&nbsp;exempted of self isolation<\/strong>&nbsp;\u00bb (et s\u2019ils me demandent le certificat de participation \u00e0 la COP26&nbsp;?), indiquer que je prends le P and O, cl\u00f4turer, archiver, garder l\u2019ordinateur ouvert d\u2019une main, ma valise et mes papiers, mon t\u00e9l\u00e9phone de l\u2019autre\u2026Et ne pas arriver en retard&nbsp;!<\/p>\n\n\n\n<p><strong>Je r\u00e9fl\u00e9chis encore que tout cela est ill\u00e9gal.<\/strong> Pourquoi Flixbus d\u00e9nie toute responsabilit\u00e9 sur le trajet qu\u2019il effectue face aux autorit\u00e9s britanniques alors que j\u2019ai bien achet\u00e9 un billet <strong>CHEZ EUX<\/strong> et que le monte dans <strong>LEUR v\u00e9hicule<\/strong>&nbsp;? Pourquoi devons-nous mentir&nbsp;? O\u00f9 est l\u2019entourloupe&nbsp;? Et si quelque chose arrive, qui va prendre la responsabilit\u00e9&nbsp;? Qui va payer&nbsp;? <strong>Flixbus circule-t-il ill\u00e9galement vers l\u2019Angleterre et a donc besoin de se dissimuler derri\u00e8re l\u2019armateur des ferries&nbsp;?<\/strong> Et pourquoi Flixbus ne prend-il plus l\u2019Eurostar&nbsp;?<\/p>\n\n\n\n<p>J\u2019aimerais bien poser ces questions g\u00eanantes aux employ\u00e9s mais je crains qu\u2019ils ne se vengent en me refusant l&rsquo;acc\u00e8s \u00e0 bord. Mes appr\u00e9hensions sont fond\u00e9es, car le jeune homme salari\u00e9 de la compagnie allemande raconte que <strong>de nombreuses personnes sont refus\u00e9es \u00e0 bord quotidiennement et cela donne lieu \u00e0 des esclandres violentes<\/strong>, d\u2019o\u00f9 la pr\u00e9sences d\u2019agents de s\u00e9curit\u00e9 patibulaires lourdement masqu\u00e9s, v\u00eatus de noir et tenant des chiens peu commodes en laisse. <strong>On est vraiment loin de la libert\u00e9 de circulation qui fut le fer de lance de l\u2019imposition de l\u2019Union Europ\u00e9enne dans nos vies\u2026<\/strong><\/p>\n\n\n\n<p>Le jeune employ\u00e9 v\u00e9rifie que j\u2019ai bien effac\u00e9 Flixbus de mon document au profit de la compagne P and O. Puis tout s\u2019acc\u00e9l\u00e8re car nous ne sommes pas nombreux. Le chauffeur qui est tout seul, il jette un coup d\u2019\u0153il \u00e0 mon passeport et mon test PCR et ne demande rien d\u2019autre\u2026 Mon bagage est d\u00e9pos\u00e9 et je file m\u2019installer<strong>\u2026 J\u2019ai eu chaud avec mon exemption de tests PCR et de quarantaine<\/strong>. Mais pour l\u2019officialiser, je me dissimule sous mon voile pour enlever le masque (un bon signe est que le chauffeur porte le sien sous le nez de fa\u00e7on ostensible\u2026) et j\u2019ouvre mon ordinateur pour inscrire notre association sur le site de la COP26. C\u2019est une op\u00e9ration assez simple \u00e0 faire et le site de la conf\u00e9rence est int\u00e9ressant. Si j\u2019ai le temps, je serais bien inspir\u00e9e de faire un tour \u00e0 Glasgow. <\/p>\n\n\n\n<p>On voit que <strong>le gouvernement de Boris Johnson a besoin d\u2019associations citoyennes vari\u00e9es pour contrebalancer le poids des \u00abclimato-sectaires&nbsp;\u00bb<\/strong> dans les n\u00e9gociations qui engagent l\u2019avenir de son pays et de nos vies. Le moins qu\u2019on puisse dire est que le Premier ministre britannique se satisfera de l\u2019accord flou et non contraignant qui sera l\u2019issue du grand raout ridicule de la \u00ab&nbsp;Conference of Parties&nbsp;\u00bb de Glasgow (Que recouvre d\u2019ailleurs exactement ce vocable qui n\u2019a aucune r\u00e9alit\u00e9 juridique&nbsp;?).<\/p>\n\n\n\n<p>Alors que je r\u00e9cup\u00e8re mon certificat d\u2019inscription sur le site de la COP, le temps passe. Il est presque minuit nous ne sommes toujours pas partis. J\u2019entends des cris dehors. Avec d\u2019autres voyageurs, inquiets, nous essayons de comprendre ce qui se passe. Il apparait que des passagers refus\u00e9s \u00e0 bord faute de test PCR auraient violent\u00e9 le jeune chauffeur. Celui-ci a donc refus\u00e9 de travailler et a quitt\u00e9 son poste. Je ne savais pas que Flixbus, compagnie allemande low cost qui jusqu\u2019\u00e0 pr\u00e9sent n\u2019employait quasiment que des travailleurs d\u00e9tach\u00e9s polonais, accepte en 2021 des droits de retrait&nbsp;! Je suis tr\u00e8s inqui\u00e8te. Je sais que Flixbus se moque totalement de ce que nous, les voyageurs, allons devenir. Nous avons pay\u00e9 nos places, mais ils vont probablement annuler le trajet purement et simplement comme ils l\u2019ont fait des dizaines de fois au cours de l\u2019ann\u00e9e 2020. <strong>A ce jour Flixbus me doit DEJA 350 Euros de frais de bus annul\u00e9s de mars \u00e0 d\u00e9cembre 2021<\/strong>\u2026 L\u2019homme refoul\u00e9 crie d\u2019ailleurs \u00e0 pleins poumons <strong>\u00ab&nbsp;mais j\u2019ai pay\u00e9 ma place&nbsp;! Vous n\u2019avez pas le droit de me virer&nbsp;! Vous devez me rembourser&nbsp;\u00bb<\/strong>&nbsp;!<\/p>\n\n\n\n<p>Nous sommes tout \u00e0 fait d\u2019accord avec lui. <strong>Mais dans la dictature covid nos droits humains \u00e0 la libre disposition de nos corps sont bafou\u00e9s, comment donc faire valoir nos droits de consommateurs qui semblent si secondaires&nbsp;? <\/strong>Je t\u00e9l\u00e9phone \u00e0 mes amis qui me conseillent d\u2019attendre. Le temps passe, les autres voyageurs sont de plus en plus inquiets mais restent tr\u00e8s soumis. A 1 heure du matin alors que la gare est vide un homme blond d\u2019une quarantaine d\u2019ann\u00e9e arrive. D\u2019une voix imp\u00e9rative il nous somme de sortir et d\u2019enlever nos bagages. Il ne va pas recommencer \u00e0 contr\u00f4ler les tickets, passeports, tests, et le passanger locator form&nbsp;? Non, il nous ordonne de sortir nos bagages puis de les rentrer \u00e0 nouveau. Nous nous ex\u00e9cutons comme des somnambules, exc\u00e9d\u00e9s et inquiets. Cette manoeuvre ne rime \u00e0 rien mais nous ne pouvons rien dire, sinon il nous virera hors du bus et je suis trop contente qu\u2019il ne contr\u00f4le plus les papiers.<\/p>\n\n\n\n<p>Enfin, il nous ordonne de remonter dans le bus, s\u2019installe derri\u00e8re le volant, ferme la porte et d\u00e9marre. Nous sommes partis. Sous mon voile je tombe, soulag\u00e9e, dans un profond sommeil peupl\u00e9 de cauchemars.<\/p>\n\n\n\n<p>Je me r\u00e9veille deux heures plus tard en sursaut. Il est 4 heures du matin et nous nous trouvons dans la zone de contr\u00f4le du port de Calais, devant les gu\u00e9rites de la PAF. <strong>Le chauffeur crie \u00ab&nbsp;tout le monde debout&nbsp;! Pr\u00e9parez vos passeports et vos certificats de vaccination&nbsp;\u00bb&nbsp;!<\/strong> Des voyageurs se regardent terroris\u00e9s. J\u2019entends une famille anglo-pakistanaise assise \u00e0 c\u00f4t\u00e9 de moi s\u2019interroger&nbsp;: il faut donc le vaccin covid pour sortir de France&nbsp;? Je suis tr\u00e8s irrit\u00e9e.<\/p>\n\n\n\n<p><strong>C\u2019est ill\u00e9gal&nbsp;! Il n\u2019a pas le droit de faire ainsi peur aux gens&nbsp;! Personne ne peut obliger quelqu\u2019un \u00e0 un vaccin pour SORTIR d\u2019un territoire, seulement pour y rentrer&nbsp;! La Police n\u2019a pas le droit d\u2019emp\u00eacher un Fran\u00e7ais de SORTIR du pays ni poser des conditions \u00e0 sa sortie<\/strong>&nbsp;! C\u2019est de la s\u00e9questration&nbsp;! Personne n\u2019a le droit d\u2019ailleurs d\u2019emp\u00eacher quelqu\u2019un de sortir d\u2019un pays&nbsp;! C\u2019est une violation de l\u2019article 13 de la D\u00e9claration Universelle des Droits de l\u2019Homme et des principe du droit international&nbsp;!<\/p>\n\n\n\n<p>Je maudis le chauffeur pour son ton de gestapiste donnant des ordres \u00e0 des prisonniers de camp mais aussi parce qu\u2019il nous a pris par surprise. Je n\u2019ai pas le temps de trouver dans mon ordinateur <strong>le texte de la DUDH \u00e0 mettre sous le nez des flics fran\u00e7ais.<\/strong> Les kapos covidiens mettent toujours en \u0153uvre la tactique d\u2019\u00e9puiser les r\u00e9sistances et de terroriser les gens \u00e0 la derni\u00e8re minute. Je dois sortir du bus munie de mes papiers et faire la queue dans le local de la Police Aux Fronti\u00e8res que j\u2019ai travers\u00e9 plus 20 fois en 2 ans. Les policiers fran\u00e7ais sont jeunes et certains portent le masque nonchalamment. Surprise, cela va tr\u00e8s vite. Le jeune policier examine mon visage que j\u2019extrais du masque et me rend mon passeport. C\u2019est fini. Nous traversons le couloir et regagnons le bus qui s\u2019avancera quelques centaines de mettre vers le local des Britanniques.<\/p>\n\n\n\n<p>Le chauffeur nous regarde goguenard. Je suis hors de moi. <strong>Il nous a bien terroris\u00e9 et bien menti.<\/strong> Evidemment que j\u2019ai raison et que le droit s\u2019applique. La police n\u2019a pas le droit de poser des conditions de vaccinage \u00e0 la sortie du territoire fran\u00e7ais. J\u2019ai envie de lui dire quelque chose, mais je ne peux pas encore. Visiblement cet homme, employ\u00e9 de Flixbus, a eu la consigne de faire <strong>CROIRE que le vaccinage covid est obligatoire pour sortir de France.<\/strong> <strong>Re\u00e7oit-il des commissions covid pour mentir de la sorte, pour faire la propagande du vaccinage<\/strong>&nbsp;? Et si oui, qui le corrompt&nbsp;? Les compagnies pharmaceutiques directement ou Flixbus qui re\u00e7oit d\u2019elle son obole ill\u00e9gale&nbsp;?<\/p>\n\n\n\n<p>Mais je dois ravaler ma col\u00e8re, nous devons traverser le poste de la police aux fronti\u00e8res britannique. Je ne suis pas retourn\u00e9e au poste britannique du port de Calais depuis octobre 2020. D\u00e9sormais des affiches covidiennes mena\u00e7antes ornent les murs du poste et les employ\u00e9s, plus \u00e2g\u00e9s que les flics fran\u00e7ais, portent des masques. <strong>Mais la femme qui me re\u00e7oit est tr\u00e8s aimable, elle scanne mon passeport, ne demande rien<\/strong> et je ne crois pas que mon Passanger Locator Form s\u2019affiche sur son \u00e9cran. <strong>Welcome et bon voyage. C\u2019est tout.<\/strong> La Grande Bretagne apparait imm\u00e9diatement comme le seul pays normal de toute cette folie covidienne en Europe. Les policiers aux fronti\u00e8res respectent le Droit. Ils v\u00e9rifient les passeports.<\/p>\n\n\n\n<p>Je suis sonn\u00e9e mais je n\u2019ai pas le temps d\u2019exulter d\u2019\u00eatre pass\u00e9e si facilement. La masse noire du bateau se rapproche doucement des quais noy\u00e9s dans le nuit d\u2019automne. L\u2019homme ignoble de Flixbus nous somme de remonter dans le bus et d\u00e9clare&nbsp;: \u00ab&nbsp;<em><strong>Maintenant ce sont les choses s\u00e9rieuse qui vont commencer. Le transporteur va v\u00e9rifier vos papiers. Tout doit concorder sinon nous ne pourrons pas partir. Celui qui n\u2019a pas son vaccin, je le laisse l\u00e0<\/strong>&nbsp;<\/em>\u00bb. En plus il nous soumet \u00e0 de la responsabilit\u00e9 collective&nbsp;!<\/p>\n\n\n\n<p>Je reste au t\u00e9l\u00e9phone avec mes amis sur haut-parleur, ils seront t\u00e9moins. Nous avons compris l\u2019entourloupe. Les polices des deux pays respectent la Loi, mais <strong>la secte covidienne a accapar\u00e9 les transports et c\u2019est par leur biais de que la secte veut imposer les vaccins aux voyageurs pris en otage de Flixbus et de la compagnie maritime P and O<\/strong>. Je me rappelle que c\u2019est cette compagnie qui en d\u00e9cembre 2020 m\u2019avait refus\u00e9 \u00e0 Douvres parce que je n\u2019avais pas de v\u00e9lo et n\u2019a jamais rembours\u00e9 le billet\u2026Ils se permettent tout car ils sont une compagnie priv\u00e9e et que contrairement aux fronti\u00e8res du continent on ne peut traverser une fronti\u00e8re maritime par ses propres moyens.<\/p>\n\n\n\n<p>Je cherche sur internet le site \u00ab&nbsp;enter to UK&nbsp;\u00bb et je suis la derni\u00e8re \u00e0 sortir. Une femme blonde est assise dans une gu\u00e9rite de type autoroute toute neuve. Je lui donne mon \u00ab&nbsp;passanger locator form&nbsp;\u00bb et mon passeport. Elle me dit durement&nbsp;: &nbsp;\u00ab&nbsp;<em>Ou est votre vaccination&nbsp;<\/em>\u00bb&nbsp;? Je la contre&nbsp;: <strong>\u00ab&nbsp;<em>Le vaccin covid n\u2019est pas obligatoire pour entrer en Angleterre&nbsp;\u00bb.<\/em><\/strong> Elle hausse le ton&nbsp;:\u00ab&nbsp;<em>Bien s\u00fbr que si&nbsp;! La preuve&nbsp;!&nbsp;\u00bb<\/em> Elle me d\u00e9signe son ordinateur sur lequel se trouve un intranet de la compagnie maritime mais pas le site gouvernemental.<\/p>\n\n\n\n<p>Je garde mon t\u00e9l\u00e9phone \u00e0 la main et je raconte \u00e0 mes amis ce qui se passe. L\u2019homme de Flixbus est irrit\u00e9 et a un mouvement de recul. Je d\u00e9clare&nbsp;: \u00ab&nbsp;<em>Je suis membre d\u2019une association de d\u00e9fense des droits de l\u2019homme et nos avocats vous \u00e9coutent. Aucun vaccin covid n\u2019est exig\u00e9 pour entrer au Royaume Uni. <strong>Seule la police aux fronti\u00e8res est habilit\u00e9e \u00e0 v\u00e9rifier les documents exigibles. Je viens de traverser la fronti\u00e8re. La police britannique ne ma demand\u00e9 de vaccin<\/strong>. Si je suis devant vous c\u2019est bien parce que la police britannique m\u2019a laiss\u00e9 passer&nbsp;<\/em>\u00bb.<\/p>\n\n\n\n<p>La femme se tient co\u00eete. Elle consulte le chauffeur du regard qui se met \u00e0 hurler&nbsp;: <em>\u00abVous nous retardez&nbsp;! Je vais vous laisser ici&nbsp;! Si elle vous dit que c\u2019est comme \u00e7a, c\u2019est comme \u00e7a&nbsp;\u00bb&nbsp;!<\/em><\/p>\n\n\n\n<p>Je r\u00e9ponds&nbsp;: \u00ab<em>&nbsp;<strong>Mais elle n\u2019est pas la police britannique mais une employ\u00e9 de P and O. P and O n\u2019a pas le droit d\u2019effectuer les contr\u00f4le aux fronti\u00e8res car c\u2019est une compagnie priv\u00e9e qui ne peut se substituer \u00e0 l\u2019Etat<\/strong>. Et Flixbus pour lequel vous travaillez ne mentionne pas sur son site, ni sur le billet Flixbus Paris-Londres que j\u2019ai achet\u00e9 et que vous avez contr\u00f4l\u00e9, que le vaccin est obligatoire pour effectuer le trajet de Paris \u00e0 Londres avec Flixbus. Vous \u00eates responsable de ne pas m\u2019avoir inform\u00e9e en tant que compagnie Flixbus&nbsp;<\/em>\u00bb.<\/p>\n\n\n\n<p>J\u2019insiste lourdement sur \u00ab&nbsp;Flixbus&nbsp;\u00bb car il sait que ses coll\u00e8gues nous ont oblig\u00e9s de gommer Flixbus de nos documents et de mentionner \u00ab&nbsp;P and O&nbsp;\u00bb. <strong>Il y a bien une entourloupe et je vais la mettre dans la balance.<\/strong><\/p>\n\n\n\n<p>Mes amis me conseillent par haut-parleur. La femme de P and O prend finalement mes documents. J\u2019y ai adjoint le test PCR et l\u2019attestation d\u2019achat du second test pour le 2<sup>\u00e8me<\/sup> jour. Elle me dit \u00ab<em>&nbsp;Nous sommes le transporteur et nous pouvons nous opposer \u00e0 ce que vous montiez \u00e0 bord<\/em>&nbsp;\u00bb.<\/p>\n\n\n\n<p>Je r\u00e9ponds \u00ab&nbsp;<em>Certes, en tant que compagnie priv\u00e9e vous avez le droit. <strong>Mais l\u2019obligation vaccinale doit \u00eatre clairement mentionn\u00e9e dans vos documents, sur votre ticket. Or je n\u2019ai pas achet\u00e9 de ticket chez vous mais bien chez Flixbus<\/strong>. Et vous avez la preuve &nbsp;sur mon ticket que Flixbus n\u2019informe pas ses passagers de l\u2019obligation de pr\u00e9senter un vaccin covid pour monter \u00e0 bord. Vous travaillez bien \u00e0 Flixbus&nbsp;?<\/em>&nbsp;\u00bb &#8211; Avec cette derni\u00e8re question je me tourne vers le chauffeur.<\/p>\n\n\n\n<figure class=\"wp-block-image size-large is-resized\"><img loading=\"lazy\" src=\"http:\/\/monika-karbowska-liberte-pour-julian-assange.ovh\/wp-content\/uploads\/2022\/03\/Flixbus-octobre-Londres-2021-1024x746.png\" alt=\"\" class=\"wp-image-2158\" width=\"768\" height=\"559\" srcset=\"http:\/\/monika-karbowska-liberte-pour-julian-assange.ovh\/wp-content\/uploads\/2022\/03\/Flixbus-octobre-Londres-2021-1024x746.png 1024w, http:\/\/monika-karbowska-liberte-pour-julian-assange.ovh\/wp-content\/uploads\/2022\/03\/Flixbus-octobre-Londres-2021-300x219.png 300w, http:\/\/monika-karbowska-liberte-pour-julian-assange.ovh\/wp-content\/uploads\/2022\/03\/Flixbus-octobre-Londres-2021-768x560.png 768w, http:\/\/monika-karbowska-liberte-pour-julian-assange.ovh\/wp-content\/uploads\/2022\/03\/Flixbus-octobre-Londres-2021.png 1290w\" sizes=\"(max-width: 768px) 100vw, 768px\" \/><\/figure>\n\n\n\n<p>Coup de th\u00e9\u00e2tre&nbsp;! Il baisse le ton et me dit doucement: <strong>\u00ab&nbsp;<em>En fait, je suis auto-entrepreneur, je ne suis pas un salari\u00e9 de Flixbus mais un sous-traitant. Je perds de l\u2019argent si on rate le bateau et je ne d\u00e9cide pas de ce que fait Flixbus\u00bb<\/em>.<\/strong> Ah, nous y voil\u00e0&nbsp;! Si \u00e7a se trouve, toute cette op\u00e9ration est ill\u00e9gale et du travail au noir pur\u2026<\/p>\n\n\n\n<p>Le mec se retire du jeu de pouvoir, <strong>je sens qu\u2019il a envie que je passe, il ne me reste que l\u2019employ\u00e9e rev\u00eache de P and O \u00e0 convaincre<\/strong>. Entre temps elle a compris que je repr\u00e9sente une association des droits de l\u2019homme et que des t\u00e9moins entendent notre conversation par t\u00e9l\u00e9phone interpos\u00e9. Je lui r\u00e9p\u00e8te que le site gouvernemental ne mentionne pas de vaccin obligatoire contre le covid, je lui indique le site, \u00e0 d\u00e9faut de lui mettre le site sous le nez, je persiste avec mon \u00ab&nbsp;passenger locator form&nbsp;\u00bb vierge de toute d\u2019obligation vaccinale. Je laisse dans l\u2019ombre les autres incongruit\u00e9s du site britannique avec les quarantaines, les tests et leur contr\u00f4le par la National Health System.<\/p>\n\n\n\n<p>Soudainement le chauffeur regarde mon test PCR dans mes mains <strong>et dit \u00ab&nbsp;<em>Mais si, vous l\u2019avez, le vaccin&nbsp;\u00bb<\/em>&nbsp;! Il appelle le test PCR \u00ab&nbsp;vaccin&nbsp;\u00bb&nbsp;!<\/strong> Je ne sais pas s\u2019il est sinc\u00e8re et b\u00eate ou si c\u2019est la seule parade qu\u2019il a trouv\u00e9 pour se sortir de cette discussion tendue. Il prend mon papier et le tend \u00e0 l\u2019employ\u00e9e de P and O. \u00ab&nbsp;<em>Elle a ce qu\u2019il faut<\/em>&nbsp;\u00bb dit-il. Celle-ci joue le jeu et prend le document. Il me regarde et je ne dis rien. Elle devient soudain aimable, v\u00e9rifie, dit \u00ab&nbsp;il est n\u00e9gatif&nbsp;\u00bb, note quelque chose \u00e0 la main et ne me pose plus de questions. Je suis libre.<\/p>\n\n\n\n<p><strong>Tous les deux ont feint que le test PCR voulaient dire \u00ab&nbsp;vaccin&nbsp;\u00bb&nbsp;!<\/strong> &nbsp;P and O et Flixbus violent la Loi \u00e9videmment, font la propagande des vaccins de Pfizer en prenant les voyageurs en otage\u2026 Des sous-traitants sont complices\u2026 <strong>Mais cet homme et cette femme ont fini par craindre que le proc\u00e9d\u00e9 de leur compagnie soit d\u00e9voil\u00e9<\/strong>. Je reste sous le choc.<\/p>\n\n\n\n<p>Puis l\u2019ambiance se d\u00e9tend. Nous remontons dans le bus, l\u2019homme s\u2019est radoucit. Il fait entrer son v\u00e9hicule dans le bateau, nous sortons dans le garage et nous gagnons les ponts sup\u00e9rieurs au son des commandes de s\u00e9curit\u00e9 famili\u00e8res. Contrairement au bus o\u00f9 le chauffeur a abandonn\u00e9 le terrorisme du masque, chez P and O est d\u2019une rigueur implacable sur le sujet. Je retrouve le bar ou j\u2019aime m\u2019installer. J\u2019ach\u00e8te un th\u00e9 au lait et des biscuits anglais et je me couche sur une banquette cach\u00e9e sous mon foulard et sans masque devant la grande baie vitr\u00e9e donnant sur la mer. Je n\u2019ai pas le temps de profiter de la travers\u00e9e, je dors comme une masse. Nous sommes tellement en retard que le jour se l\u00e8ve sur les majestueuses falaises de craie blanches de Douvres quand je me r\u00e9veille.<\/p>\n\n\n\n<figure class=\"wp-block-image size-large\"><img loading=\"lazy\" width=\"1024\" height=\"768\" src=\"http:\/\/monika-karbowska-liberte-pour-julian-assange.ovh\/wp-content\/uploads\/2022\/03\/IMG_2998-1024x768.jpg\" alt=\"\" class=\"wp-image-2168\" srcset=\"http:\/\/monika-karbowska-liberte-pour-julian-assange.ovh\/wp-content\/uploads\/2022\/03\/IMG_2998-1024x768.jpg 1024w, http:\/\/monika-karbowska-liberte-pour-julian-assange.ovh\/wp-content\/uploads\/2022\/03\/IMG_2998-300x225.jpg 300w, http:\/\/monika-karbowska-liberte-pour-julian-assange.ovh\/wp-content\/uploads\/2022\/03\/IMG_2998-768x576.jpg 768w, http:\/\/monika-karbowska-liberte-pour-julian-assange.ovh\/wp-content\/uploads\/2022\/03\/IMG_2998-1536x1152.jpg 1536w, http:\/\/monika-karbowska-liberte-pour-julian-assange.ovh\/wp-content\/uploads\/2022\/03\/IMG_2998-2048x1536.jpg 2048w, http:\/\/monika-karbowska-liberte-pour-julian-assange.ovh\/wp-content\/uploads\/2022\/03\/IMG_2998-1568x1176.jpg 1568w\" sizes=\"(max-width: 1024px) 100vw, 1024px\" \/><\/figure>\n\n\n\n<p>Je suis heureuse de les voir d\u2019autant plus que le soleil est splendide. J\u2019examine les petites maisons nich\u00e9es sous la falaise que j\u2019ai vues de pr\u00e8s lors de mon p\u00e9riple dans ce port en d\u00e9cembre 2020 et les baies vitr\u00e9s du poste de commandement l\u2019arm\u00e9e britannique de la Seconde Guerre Mondiale situ\u00e9 dans la falaise sous le ch\u00e2teau. <\/p>\n\n\n\n<figure class=\"wp-block-image size-large\"><img loading=\"lazy\" width=\"1024\" height=\"768\" src=\"http:\/\/monika-karbowska-liberte-pour-julian-assange.ovh\/wp-content\/uploads\/2022\/03\/IMG_3008-1024x768.jpg\" alt=\"\" class=\"wp-image-2169\" srcset=\"http:\/\/monika-karbowska-liberte-pour-julian-assange.ovh\/wp-content\/uploads\/2022\/03\/IMG_3008-1024x768.jpg 1024w, http:\/\/monika-karbowska-liberte-pour-julian-assange.ovh\/wp-content\/uploads\/2022\/03\/IMG_3008-300x225.jpg 300w, http:\/\/monika-karbowska-liberte-pour-julian-assange.ovh\/wp-content\/uploads\/2022\/03\/IMG_3008-768x576.jpg 768w, http:\/\/monika-karbowska-liberte-pour-julian-assange.ovh\/wp-content\/uploads\/2022\/03\/IMG_3008-1536x1152.jpg 1536w, http:\/\/monika-karbowska-liberte-pour-julian-assange.ovh\/wp-content\/uploads\/2022\/03\/IMG_3008-2048x1536.jpg 2048w, http:\/\/monika-karbowska-liberte-pour-julian-assange.ovh\/wp-content\/uploads\/2022\/03\/IMG_3008-1568x1176.jpg 1568w\" sizes=\"(max-width: 1024px) 100vw, 1024px\" \/><\/figure>\n\n\n\n<p>Le spectacle de la mer, des falaises et de la ville est grandiose. Le bus entame la mont\u00e9e de l\u2019\u00e9changeur d\u2019autoroute du port sur la falaise et nous voila partis \u00e0 Londres. Je me rendors aussit\u00f4t.<\/p>\n\n\n\n<p class=\"has-large-font-size\"><strong><em>Londres la Libre<\/em><\/strong><\/p>\n\n\n\n<figure class=\"wp-block-image size-large\"><img loading=\"lazy\" width=\"301\" height=\"167\" src=\"http:\/\/monika-karbowska-liberte-pour-julian-assange.ovh\/wp-content\/uploads\/2022\/03\/Observatoire-Greenwich.jpg\" alt=\"\" class=\"wp-image-2160\"\/><\/figure>\n\n\n\n<p>Le temps est \u00e9clatant d\u2019une belle couleur dor\u00e9e lorsque le bus aborde les faubourgs sud du Grand Londres. Je me r\u00e9veille et je contemple la belle pelouse du jardin public the Blackheath entre l\u2019entr\u00e9e de l\u2019Observatoire de Greenwich et la commune de Lewisham, puis les petites maisons de New Cross avec les restaurants carib\u00e9ens et les librairies la Goldsmith University toute proche. Je reconnais sur l\u2019avenue les pubs chaleureux et \u00e9l\u00e9gants que nous avions fr\u00e9quent\u00e9s il y deux ans, en octobre 2019 lorsque nous nous sommes lanc\u00e9s \u00e0 l\u2019assaut du pouvoir pour lib\u00e9rer Julian Assange. Ce sont d\u2019excellents souvenirs d\u2019une \u00e9poque \u00e0 la fois si proche et si lointaine. La dictature covidienne nous a tous fait entrer dans un autre espace-temps en effa\u00e7ant avec violence ce que la vie avait de beau et de libre dans la p\u00e9riode de la mondialisation accomplie de 1999 \u00e0 2019. Mais l\u2019Histoire nous enseigne qu\u2019aucun espace-temps fut-il le plus violent, n\u2019est \u00e9ternel. Je lutte depuis 1989 mais aujourd\u2019hui encore plus fort que pendant ces 30 ann\u00e9es pour un \u00ab&nbsp;autre monde possible&nbsp;\u00bb celui de la justice et de la fraternit\u00e9 et je sais que nous gagnerons.<\/p>\n\n\n\n<p>Le bus aborde Londres la d\u00e9truite par les nazis et mal reconstruite apr\u00e8s la guerre du quartier de Elephant Castle, puis le pont de Vauxhall et enfin les h\u00f4tels particuliers victoriens de Pimlico. Nous arrivons \u00e0 Victoria Coach Station et l\u2019\u00e9motion m\u2019\u00e9treint.<\/p>\n\n\n\n<p>Les voyageurs ont h\u00e2te de quitter le v\u00e9hicule, je r\u00e9cup\u00e8re mon bagage, puis je me plante devant le chauffeur debout devant sa porti\u00e8re. Je lui dis d\u2019un air d\u00e9tach\u00e9 que puisqu\u2019il m\u2019a inform\u00e9e qu\u2019il poss\u00e8de une entreprise de transports, j\u2019aimerais avoir ses coordonn\u00e9es pour voyager avec lui, Flixbus me paraissant trop incertain par les temps qui courent. Le visage de l\u2019homme se teinte d\u2019une expression ironique&nbsp;: \u00ab&nbsp;<em>Je n\u2019ai pas de site internet&nbsp;<\/em>\u00bb. Alors je l\u2019attaque&nbsp;: <strong>\u00ab&nbsp;<\/strong><em><strong>Pourquoi avez-vous menti en faisant croire aux gens qu\u2019il faut \u00eatre vaccin\u00e9 pour quitter le territoire fran\u00e7ais&nbsp;? Vous savez bien que c\u2019est faux. Personne n\u2019a le droit de poser de conditions \u00e0 quelqu\u2019un qui veut quitter un territoire, de quitter son propre pays. C\u2019est contraire \u00e0 la Constitution et \u00e0 la D\u00e9claration Universelle des Droits de l\u2019Homme. Pourquoi terrorisez-vous les gens&nbsp;? Vous faites la propagande de Pfizer&nbsp;? Ils vous payent<\/strong>&nbsp;<\/em>?&nbsp;\u00bb.<\/p>\n\n\n\n<p>L\u2019homme ne parait pas surpris. Il prend son air de kapo pour hurler \u00ab&nbsp;<em>Mais si c\u2019est vrai&nbsp;<\/em>!&nbsp;\u00bb. Je hausse le ton \u00e9galement&nbsp;: \u00ab&nbsp;<em>Vous vous moquez de moi&nbsp;? Ni les policiers anglais ni fran\u00e7ais n\u2019ont exig\u00e9 de vaccin. Et pour cause, eux respectent la Loi, contrairement \u00e0 vous, votre bo\u00eete et Flixbus. Vous violez la Loi. Vous n\u2019avez pas le droit de terroriser vos clients. Notre association de d\u00e9fense des Droits de l\u2019Homme va le faire savoir&nbsp;<\/em>\u00bb.<\/p>\n\n\n\n<p>Je suis surprise de voir le visage de l\u2019homme s\u2019adoucir. Il esquisse m\u00eame un sourire&nbsp;: <strong><em>\u00ab&nbsp;Mais je vous ai pourtant amen\u00e9e \u00e0 bon port&nbsp;<\/em>\u00bb &#8211; dit-il d\u2019une voix presque complice. Je le d\u00e9visage. Par ces mots il a act\u00e9 que j\u2019ai raison<\/strong>. Je r\u00e9ponds&nbsp;: \u00ab&nbsp;<em>Oui. C\u2019est vrai. Bonne route&nbsp;\u00bb.<\/em><\/p>\n\n\n\n<p>&nbsp;Je lui tourne le dos, je prends mon sac et je me dirige vers la sortie. D\u00e8s que je respire dans la rue devant les immeubles en briques rouges et les platanes de Buckingham Palace road, je me d\u00e9barrasse du b\u00e2illon ha\u00ef. Ce que je viens de vivre est d\u00e9routant. Pourtant, je respire un air diff\u00e9rent, un air de libert\u00e9. Je n\u2019en crois pas mes yeux&nbsp;: tout a l\u2019air normal&nbsp;! Personne ne porte de masque, les gens circulent tranquillement, on sent de la l\u00e9g\u00e8ret\u00e9 dans l\u2019air. Je rentre dans la gare Victoria par l\u2019entr\u00e9e de derri\u00e8re, je longe les magasins dont le Barett and Noles ou j\u2019ach\u00e8te mes huiles essentiels de rose, les fleurs de Bach et d\u2019autres produits naturels trop chers ou inaccessibles en France. Mon c\u0153ur se remplit de joie&nbsp;: aucun masque nulle part&nbsp;! Je me sens presque nue sans le mien, comme se sentent les femmes saoudiennes, afghanes ou iraniennes quand elles quittent les pays soumis au voile et arrivent dans les contr\u00e9es ou il est permis de disposer librement de son corps\u2026 M\u00eame dans le grand hall de la gare Victoria, alors qu\u2019en janvier les agents de s\u00e9curit\u00e9 chassaient le sans masque, il n\u2019y a plus de trace de l\u2019oppression covidienne&nbsp;! C\u2019est g\u00e9ant&nbsp;!<\/p>\n\n\n\n<figure class=\"wp-block-image size-large\"><img loading=\"lazy\" width=\"1024\" height=\"768\" src=\"http:\/\/monika-karbowska-liberte-pour-julian-assange.ovh\/wp-content\/uploads\/2022\/03\/IMG_2130-1024x768.jpg\" alt=\"\" class=\"wp-image-2105\" srcset=\"http:\/\/monika-karbowska-liberte-pour-julian-assange.ovh\/wp-content\/uploads\/2022\/03\/IMG_2130-1024x768.jpg 1024w, http:\/\/monika-karbowska-liberte-pour-julian-assange.ovh\/wp-content\/uploads\/2022\/03\/IMG_2130-300x225.jpg 300w, http:\/\/monika-karbowska-liberte-pour-julian-assange.ovh\/wp-content\/uploads\/2022\/03\/IMG_2130-768x576.jpg 768w, http:\/\/monika-karbowska-liberte-pour-julian-assange.ovh\/wp-content\/uploads\/2022\/03\/IMG_2130-1536x1152.jpg 1536w, http:\/\/monika-karbowska-liberte-pour-julian-assange.ovh\/wp-content\/uploads\/2022\/03\/IMG_2130-1568x1176.jpg 1568w, http:\/\/monika-karbowska-liberte-pour-julian-assange.ovh\/wp-content\/uploads\/2022\/03\/IMG_2130.jpg 2048w\" sizes=\"(max-width: 1024px) 100vw, 1024px\" \/><figcaption>Londres, quartier Seymour place Marble Arch<\/figcaption><\/figure>\n\n\n\n<figure class=\"wp-block-image size-large\"><img loading=\"lazy\" width=\"1024\" height=\"768\" src=\"http:\/\/monika-karbowska-liberte-pour-julian-assange.ovh\/wp-content\/uploads\/2022\/03\/IMG_2127-1024x768.jpg\" alt=\"\" class=\"wp-image-2106\" srcset=\"http:\/\/monika-karbowska-liberte-pour-julian-assange.ovh\/wp-content\/uploads\/2022\/03\/IMG_2127-1024x768.jpg 1024w, http:\/\/monika-karbowska-liberte-pour-julian-assange.ovh\/wp-content\/uploads\/2022\/03\/IMG_2127-300x225.jpg 300w, http:\/\/monika-karbowska-liberte-pour-julian-assange.ovh\/wp-content\/uploads\/2022\/03\/IMG_2127-768x576.jpg 768w, http:\/\/monika-karbowska-liberte-pour-julian-assange.ovh\/wp-content\/uploads\/2022\/03\/IMG_2127-1536x1152.jpg 1536w, http:\/\/monika-karbowska-liberte-pour-julian-assange.ovh\/wp-content\/uploads\/2022\/03\/IMG_2127-1568x1176.jpg 1568w, http:\/\/monika-karbowska-liberte-pour-julian-assange.ovh\/wp-content\/uploads\/2022\/03\/IMG_2127.jpg 2048w\" sizes=\"(max-width: 1024px) 100vw, 1024px\" \/><figcaption>piscine de Seymour Place<\/figcaption><\/figure>\n\n\n\n<figure class=\"wp-block-image size-large\"><img loading=\"lazy\" width=\"1024\" height=\"768\" src=\"http:\/\/monika-karbowska-liberte-pour-julian-assange.ovh\/wp-content\/uploads\/2022\/03\/IMG_2134-1024x768.jpg\" alt=\"\" class=\"wp-image-2107\" srcset=\"http:\/\/monika-karbowska-liberte-pour-julian-assange.ovh\/wp-content\/uploads\/2022\/03\/IMG_2134-1024x768.jpg 1024w, http:\/\/monika-karbowska-liberte-pour-julian-assange.ovh\/wp-content\/uploads\/2022\/03\/IMG_2134-300x225.jpg 300w, http:\/\/monika-karbowska-liberte-pour-julian-assange.ovh\/wp-content\/uploads\/2022\/03\/IMG_2134-768x576.jpg 768w, http:\/\/monika-karbowska-liberte-pour-julian-assange.ovh\/wp-content\/uploads\/2022\/03\/IMG_2134-1536x1152.jpg 1536w, http:\/\/monika-karbowska-liberte-pour-julian-assange.ovh\/wp-content\/uploads\/2022\/03\/IMG_2134-1568x1176.jpg 1568w, http:\/\/monika-karbowska-liberte-pour-julian-assange.ovh\/wp-content\/uploads\/2022\/03\/IMG_2134.jpg 2048w\" sizes=\"(max-width: 1024px) 100vw, 1024px\" \/><figcaption>Seymour place derri\u00e8re la Westminster Court<\/figcaption><\/figure>\n\n\n\n<p>Je descends avec \u00e9motion dans le m\u00e9tro, le bastion ultime du covidianisme car il d\u00e9pendant du tr\u00e8s covidien maire de Londres. Mais la non plus, la foule est bon enfant, seuls un tiers des voyageurs sont masqu\u00e9s. <strong>La grande majorit\u00e9 vit normalement<\/strong>. C\u2019est bien l\u2019exp\u00e9rience du m\u00e9tro qui me fait prendre conscience \u00e0 quel point je vis dans l\u2019oppression du corps en France. J\u2019exulte de pouvoir enfin contempler les visages de toutes les couleurs de la grande capitale britannique&nbsp;: les jeunes, les vieux, les enfants, les cadres, les Blacks, les Indiens, les Polonais, les travailleurs en gilets jaunes et orange\u2026 Je ne m\u2019en lasse pas de regarder les visages humains. C\u2019est ce qui me d\u00e9truit en France depuis deux ans&nbsp;: ne plus voir les visages, la personnalit\u00e9 des \u00eatres humains. Ne plus les reconnaitre, ne plus me refl\u00e9ter dans leur visage. Oui plus que jamais l\u2019\u00eatre humain n\u2019existe que parce qu\u2019il est en LIEN avec les autres&nbsp;!<\/p>\n\n\n\n<figure class=\"wp-block-image size-large\"><img loading=\"lazy\" width=\"1024\" height=\"768\" src=\"http:\/\/monika-karbowska-liberte-pour-julian-assange.ovh\/wp-content\/uploads\/2022\/03\/IMG_2137-1024x768.jpg\" alt=\"\" class=\"wp-image-2108\" srcset=\"http:\/\/monika-karbowska-liberte-pour-julian-assange.ovh\/wp-content\/uploads\/2022\/03\/IMG_2137-1024x768.jpg 1024w, http:\/\/monika-karbowska-liberte-pour-julian-assange.ovh\/wp-content\/uploads\/2022\/03\/IMG_2137-300x225.jpg 300w, http:\/\/monika-karbowska-liberte-pour-julian-assange.ovh\/wp-content\/uploads\/2022\/03\/IMG_2137-768x576.jpg 768w, http:\/\/monika-karbowska-liberte-pour-julian-assange.ovh\/wp-content\/uploads\/2022\/03\/IMG_2137-1536x1152.jpg 1536w, http:\/\/monika-karbowska-liberte-pour-julian-assange.ovh\/wp-content\/uploads\/2022\/03\/IMG_2137-1568x1176.jpg 1568w, http:\/\/monika-karbowska-liberte-pour-julian-assange.ovh\/wp-content\/uploads\/2022\/03\/IMG_2137.jpg 2048w\" sizes=\"(max-width: 1024px) 100vw, 1024px\" \/><figcaption>Caf\u00e9s arabes derri\u00e8re la Westminster Court<\/figcaption><\/figure>\n\n\n\n<p>En marchant de Marble Arch au nord du Hyde Park vers la petite maison victorienne ou se niche mon Oyo h\u00f4tel j\u2019ai la sensation grisante d\u2019\u00eatre dans la capitale de la Libert\u00e9. Cette sensation que les Fran\u00e7ais libres d\u00e9crivent si bien dans les livres sur la R\u00e9sistance, \u00e0 la fois enivr\u00e9s par la Libert\u00e9, soulag\u00e9s de savoir qu\u2019il existe des pays libres, mais inquiets pour leur pays et pour la fragile Angleterre. J\u2019ai enfin compris ce que ces descriptions veulent dire. Je suis heureuse d\u2019\u00eatre moi libre ici et triste de savoir ma France captive.<\/p>\n\n\n\n<figure class=\"wp-block-image size-large\"><img loading=\"lazy\" width=\"1024\" height=\"768\" src=\"http:\/\/monika-karbowska-liberte-pour-julian-assange.ovh\/wp-content\/uploads\/2022\/03\/IMG_2138-1024x768.jpg\" alt=\"\" class=\"wp-image-2110\" srcset=\"http:\/\/monika-karbowska-liberte-pour-julian-assange.ovh\/wp-content\/uploads\/2022\/03\/IMG_2138-1024x768.jpg 1024w, http:\/\/monika-karbowska-liberte-pour-julian-assange.ovh\/wp-content\/uploads\/2022\/03\/IMG_2138-300x225.jpg 300w, http:\/\/monika-karbowska-liberte-pour-julian-assange.ovh\/wp-content\/uploads\/2022\/03\/IMG_2138-768x576.jpg 768w, http:\/\/monika-karbowska-liberte-pour-julian-assange.ovh\/wp-content\/uploads\/2022\/03\/IMG_2138-1536x1152.jpg 1536w, http:\/\/monika-karbowska-liberte-pour-julian-assange.ovh\/wp-content\/uploads\/2022\/03\/IMG_2138-1568x1176.jpg 1568w, http:\/\/monika-karbowska-liberte-pour-julian-assange.ovh\/wp-content\/uploads\/2022\/03\/IMG_2138.jpg 2048w\" sizes=\"(max-width: 1024px) 100vw, 1024px\" \/><figcaption>Harcourt Street derri\u00e8re la Westminster Court, avec l&rsquo;impasse Shillibeer Street et vue sur la porte arri\u00e8re du tribunal<\/figcaption><\/figure>\n\n\n\n<p>Mon h\u00f4tel se trouve plus au sud de la Westminster Court et de Paddington o\u00f9 je prends d\u2019habitude mes quartiers. Mais une fois la dictature covidienne combattue, le capitalisme reprend ses droits et les prix des h\u00f4tels sont revenus \u00e0 leur niveau de 2019, c\u2019est-\u00e0-dire 100 livres par nuit plut\u00f4t que 40-50. Seul cet h\u00f4tel excentr\u00e9 entour\u00e9 de petits caf\u00e9s fleuris et enti\u00e8rement r\u00e9nov\u00e9s n\u2019a pas encore retrouv\u00e9 sa client\u00e8le et son prix est abordable. A une encablure se trouve le quartier \u00ab&nbsp;arabophone&nbsp;\u00bb ou les Irakiens, Egyptiens, Marocains et Libanais tiennent sur l\u2019avenue Edgeware des restaurants, des \u00e9piceries et des pharmacies. Le masque n\u2019existe plus ni dans l\u2019h\u00f4tel ou le g\u00e9rant pakistanais m\u2019accueille aimablement et ne me pose aucune question covidienne. Je me r\u00e9gale d\u2019un festin copieux dans un restaurant libanais populaire et je ne me lasse pas d\u2019observer les visages des convives. <\/p>\n\n\n\n<figure class=\"wp-block-image size-large is-resized\"><img src=\"http:\/\/monika-karbowska-liberte-pour-julian-assange.ovh\/wp-content\/uploads\/2022\/03\/20211025_114239-768x1024.jpg\" alt=\"\" class=\"wp-image-2165\" height=\"700\" srcset=\"http:\/\/monika-karbowska-liberte-pour-julian-assange.ovh\/wp-content\/uploads\/2022\/03\/20211025_114239-768x1024.jpg 768w, http:\/\/monika-karbowska-liberte-pour-julian-assange.ovh\/wp-content\/uploads\/2022\/03\/20211025_114239-225x300.jpg 225w, http:\/\/monika-karbowska-liberte-pour-julian-assange.ovh\/wp-content\/uploads\/2022\/03\/20211025_114239-1152x1536.jpg 1152w, http:\/\/monika-karbowska-liberte-pour-julian-assange.ovh\/wp-content\/uploads\/2022\/03\/20211025_114239-1536x2048.jpg 1536w, http:\/\/monika-karbowska-liberte-pour-julian-assange.ovh\/wp-content\/uploads\/2022\/03\/20211025_114239-1568x2091.jpg 1568w, http:\/\/monika-karbowska-liberte-pour-julian-assange.ovh\/wp-content\/uploads\/2022\/03\/20211025_114239-scaled.jpg 1920w\" sizes=\"(max-width: 768px) 100vw, 768px\" \/><figcaption>Londres premier jour le bonheur du restaurant libanais<\/figcaption><\/figure>\n\n\n\n<p>Quel contraste avec la France triste, tendue et soucieuse&nbsp;! Je me prends m\u00eame en photo avec une vue du restaurant et je l\u2019envoie aux amis en France&nbsp;: il est tr\u00e8s important de diffuser l\u2019information qu\u2019on vit normalement, sans pass nazitaire et sans masque en Angleterre.<\/p>\n\n\n\n<figure class=\"wp-block-image size-large\"><img loading=\"lazy\" width=\"1024\" height=\"768\" src=\"http:\/\/monika-karbowska-liberte-pour-julian-assange.ovh\/wp-content\/uploads\/2022\/03\/IMG_2139-1024x768.jpg\" alt=\"\" class=\"wp-image-2111\" srcset=\"http:\/\/monika-karbowska-liberte-pour-julian-assange.ovh\/wp-content\/uploads\/2022\/03\/IMG_2139-1024x768.jpg 1024w, http:\/\/monika-karbowska-liberte-pour-julian-assange.ovh\/wp-content\/uploads\/2022\/03\/IMG_2139-300x225.jpg 300w, http:\/\/monika-karbowska-liberte-pour-julian-assange.ovh\/wp-content\/uploads\/2022\/03\/IMG_2139-768x576.jpg 768w, http:\/\/monika-karbowska-liberte-pour-julian-assange.ovh\/wp-content\/uploads\/2022\/03\/IMG_2139-1536x1152.jpg 1536w, http:\/\/monika-karbowska-liberte-pour-julian-assange.ovh\/wp-content\/uploads\/2022\/03\/IMG_2139-1568x1176.jpg 1568w, http:\/\/monika-karbowska-liberte-pour-julian-assange.ovh\/wp-content\/uploads\/2022\/03\/IMG_2139.jpg 2048w\" sizes=\"(max-width: 1024px) 100vw, 1024px\" \/><figcaption>Notre \u00ab\u00a0caf\u00e9s des avocats\u00a0\u00bb de la Westminster Court, Harcourt Street<\/figcaption><\/figure>\n\n\n\n<figure class=\"wp-block-image size-large\"><img loading=\"lazy\" width=\"1024\" height=\"768\" src=\"http:\/\/monika-karbowska-liberte-pour-julian-assange.ovh\/wp-content\/uploads\/2022\/03\/IMG_2154-1024x768.jpg\" alt=\"\" class=\"wp-image-2112\" srcset=\"http:\/\/monika-karbowska-liberte-pour-julian-assange.ovh\/wp-content\/uploads\/2022\/03\/IMG_2154-1024x768.jpg 1024w, http:\/\/monika-karbowska-liberte-pour-julian-assange.ovh\/wp-content\/uploads\/2022\/03\/IMG_2154-300x225.jpg 300w, http:\/\/monika-karbowska-liberte-pour-julian-assange.ovh\/wp-content\/uploads\/2022\/03\/IMG_2154-768x576.jpg 768w, http:\/\/monika-karbowska-liberte-pour-julian-assange.ovh\/wp-content\/uploads\/2022\/03\/IMG_2154-1536x1152.jpg 1536w, http:\/\/monika-karbowska-liberte-pour-julian-assange.ovh\/wp-content\/uploads\/2022\/03\/IMG_2154-1568x1176.jpg 1568w, http:\/\/monika-karbowska-liberte-pour-julian-assange.ovh\/wp-content\/uploads\/2022\/03\/IMG_2154.jpg 2048w\" sizes=\"(max-width: 1024px) 100vw, 1024px\" \/><figcaption>La Westminster Court telle que nous l&rsquo;avons connue pour le proc\u00e8s Assange de septembre 2019 \u00e0 d\u00e9cembre 2020<\/figcaption><\/figure>\n\n\n\n<figure class=\"wp-block-image size-large\"><img loading=\"lazy\" width=\"1024\" height=\"768\" src=\"http:\/\/monika-karbowska-liberte-pour-julian-assange.ovh\/wp-content\/uploads\/2022\/03\/IMG_2144-1024x768.jpg\" alt=\"\" class=\"wp-image-2113\" srcset=\"http:\/\/monika-karbowska-liberte-pour-julian-assange.ovh\/wp-content\/uploads\/2022\/03\/IMG_2144-1024x768.jpg 1024w, http:\/\/monika-karbowska-liberte-pour-julian-assange.ovh\/wp-content\/uploads\/2022\/03\/IMG_2144-300x225.jpg 300w, http:\/\/monika-karbowska-liberte-pour-julian-assange.ovh\/wp-content\/uploads\/2022\/03\/IMG_2144-768x576.jpg 768w, http:\/\/monika-karbowska-liberte-pour-julian-assange.ovh\/wp-content\/uploads\/2022\/03\/IMG_2144-1536x1152.jpg 1536w, http:\/\/monika-karbowska-liberte-pour-julian-assange.ovh\/wp-content\/uploads\/2022\/03\/IMG_2144-1568x1176.jpg 1568w, http:\/\/monika-karbowska-liberte-pour-julian-assange.ovh\/wp-content\/uploads\/2022\/03\/IMG_2144.jpg 2048w\" sizes=\"(max-width: 1024px) 100vw, 1024px\" \/><figcaption>Travaux \u00e0 l&rsquo;arri\u00e8re de la Westminster Court apr\u00e8s la destruction du b\u00e2timent d\u00e9saffect\u00e9 de la Church Army<\/figcaption><\/figure>\n\n\n\n<figure class=\"wp-block-image size-large\"><img loading=\"lazy\" width=\"1024\" height=\"768\" src=\"http:\/\/monika-karbowska-liberte-pour-julian-assange.ovh\/wp-content\/uploads\/2022\/03\/IMG_2158-1024x768.jpg\" alt=\"\" class=\"wp-image-2114\" srcset=\"http:\/\/monika-karbowska-liberte-pour-julian-assange.ovh\/wp-content\/uploads\/2022\/03\/IMG_2158-1024x768.jpg 1024w, http:\/\/monika-karbowska-liberte-pour-julian-assange.ovh\/wp-content\/uploads\/2022\/03\/IMG_2158-300x225.jpg 300w, http:\/\/monika-karbowska-liberte-pour-julian-assange.ovh\/wp-content\/uploads\/2022\/03\/IMG_2158-768x576.jpg 768w, http:\/\/monika-karbowska-liberte-pour-julian-assange.ovh\/wp-content\/uploads\/2022\/03\/IMG_2158-1536x1152.jpg 1536w, http:\/\/monika-karbowska-liberte-pour-julian-assange.ovh\/wp-content\/uploads\/2022\/03\/IMG_2158-1568x1176.jpg 1568w, http:\/\/monika-karbowska-liberte-pour-julian-assange.ovh\/wp-content\/uploads\/2022\/03\/IMG_2158.jpg 2048w\" sizes=\"(max-width: 1024px) 100vw, 1024px\" \/><\/figure>\n\n\n\n<p>Puis je monte \u00e0 Paddington \u00e0 Norfolk place. Le Frontline Club est ouvert, il a l\u2019air de fonctionner normalement mais dans l\u2019apr\u00e8s midi son restaurant est d\u00e9sert. C\u2019est normal, je sais que sa client\u00e8le est celle des cadres de l\u2019Imperial College of London en face et qu\u2019elle ne se r\u00e9unit ici que tard dans la soir\u00e9e. Je savoure un th\u00e9 en \u00e9coutant de la musique l\u00e9g\u00e8re des ann\u00e9es 80 dans le pub styl\u00e9 de Fountain Abbey \u00e0 l\u2019angle de Praed street et de Norfolk place en face du laboratoire de Alexander Fleming au St Mary\u2019s Hospital. Cela fait si longtemps que je n\u2019ai pas pu vivre ce simple plaisir d\u2019aller au caf\u00e9 et d\u2019observer les gens s\u2019amuser et discuter&nbsp;!<\/p>\n\n\n\n<figure class=\"wp-block-image size-large\"><img loading=\"lazy\" width=\"1024\" height=\"768\" src=\"http:\/\/monika-karbowska-liberte-pour-julian-assange.ovh\/wp-content\/uploads\/2022\/03\/IMG_2169-1024x768.jpg\" alt=\"\" class=\"wp-image-2115\" srcset=\"http:\/\/monika-karbowska-liberte-pour-julian-assange.ovh\/wp-content\/uploads\/2022\/03\/IMG_2169-1024x768.jpg 1024w, http:\/\/monika-karbowska-liberte-pour-julian-assange.ovh\/wp-content\/uploads\/2022\/03\/IMG_2169-300x225.jpg 300w, http:\/\/monika-karbowska-liberte-pour-julian-assange.ovh\/wp-content\/uploads\/2022\/03\/IMG_2169-768x576.jpg 768w, http:\/\/monika-karbowska-liberte-pour-julian-assange.ovh\/wp-content\/uploads\/2022\/03\/IMG_2169-1536x1152.jpg 1536w, http:\/\/monika-karbowska-liberte-pour-julian-assange.ovh\/wp-content\/uploads\/2022\/03\/IMG_2169-1568x1176.jpg 1568w, http:\/\/monika-karbowska-liberte-pour-julian-assange.ovh\/wp-content\/uploads\/2022\/03\/IMG_2169.jpg 2048w\" sizes=\"(max-width: 1024px) 100vw, 1024px\" \/><figcaption>P\u00e2tisserie marocaine \u00e0 Paddington<\/figcaption><\/figure>\n\n\n\n<figure class=\"wp-block-image size-large\"><img loading=\"lazy\" width=\"1024\" height=\"768\" src=\"http:\/\/monika-karbowska-liberte-pour-julian-assange.ovh\/wp-content\/uploads\/2022\/03\/IMG_2171-1024x768.jpg\" alt=\"\" class=\"wp-image-2116\" srcset=\"http:\/\/monika-karbowska-liberte-pour-julian-assange.ovh\/wp-content\/uploads\/2022\/03\/IMG_2171-1024x768.jpg 1024w, http:\/\/monika-karbowska-liberte-pour-julian-assange.ovh\/wp-content\/uploads\/2022\/03\/IMG_2171-300x225.jpg 300w, http:\/\/monika-karbowska-liberte-pour-julian-assange.ovh\/wp-content\/uploads\/2022\/03\/IMG_2171-768x576.jpg 768w, http:\/\/monika-karbowska-liberte-pour-julian-assange.ovh\/wp-content\/uploads\/2022\/03\/IMG_2171-1536x1152.jpg 1536w, http:\/\/monika-karbowska-liberte-pour-julian-assange.ovh\/wp-content\/uploads\/2022\/03\/IMG_2171-1568x1176.jpg 1568w, http:\/\/monika-karbowska-liberte-pour-julian-assange.ovh\/wp-content\/uploads\/2022\/03\/IMG_2171.jpg 2048w\" sizes=\"(max-width: 1024px) 100vw, 1024px\" \/><figcaption>Edgeware Road \u00e0 Paddington<\/figcaption><\/figure>\n\n\n\n<figure class=\"wp-block-image size-large\"><img loading=\"lazy\" width=\"1024\" height=\"768\" src=\"http:\/\/monika-karbowska-liberte-pour-julian-assange.ovh\/wp-content\/uploads\/2022\/03\/IMG_2183-1024x768.jpg\" alt=\"\" class=\"wp-image-2117\" srcset=\"http:\/\/monika-karbowska-liberte-pour-julian-assange.ovh\/wp-content\/uploads\/2022\/03\/IMG_2183-1024x768.jpg 1024w, http:\/\/monika-karbowska-liberte-pour-julian-assange.ovh\/wp-content\/uploads\/2022\/03\/IMG_2183-300x225.jpg 300w, http:\/\/monika-karbowska-liberte-pour-julian-assange.ovh\/wp-content\/uploads\/2022\/03\/IMG_2183-768x576.jpg 768w, http:\/\/monika-karbowska-liberte-pour-julian-assange.ovh\/wp-content\/uploads\/2022\/03\/IMG_2183-1536x1152.jpg 1536w, http:\/\/monika-karbowska-liberte-pour-julian-assange.ovh\/wp-content\/uploads\/2022\/03\/IMG_2183-1568x1176.jpg 1568w, http:\/\/monika-karbowska-liberte-pour-julian-assange.ovh\/wp-content\/uploads\/2022\/03\/IMG_2183.jpg 2048w\" sizes=\"(max-width: 1024px) 100vw, 1024px\" \/><figcaption>le pub Fountain Abbey \u00e0 Paddington avec mon Fish and Chips yougoslave \u00e0 c\u00f4t\u00e9<\/figcaption><\/figure>\n\n\n\n<figure class=\"wp-block-image size-large\"><img loading=\"lazy\" width=\"1024\" height=\"768\" src=\"http:\/\/monika-karbowska-liberte-pour-julian-assange.ovh\/wp-content\/uploads\/2022\/03\/IMG_2190-1024x768.jpg\" alt=\"\" class=\"wp-image-2118\" srcset=\"http:\/\/monika-karbowska-liberte-pour-julian-assange.ovh\/wp-content\/uploads\/2022\/03\/IMG_2190-1024x768.jpg 1024w, http:\/\/monika-karbowska-liberte-pour-julian-assange.ovh\/wp-content\/uploads\/2022\/03\/IMG_2190-300x225.jpg 300w, http:\/\/monika-karbowska-liberte-pour-julian-assange.ovh\/wp-content\/uploads\/2022\/03\/IMG_2190-768x576.jpg 768w, http:\/\/monika-karbowska-liberte-pour-julian-assange.ovh\/wp-content\/uploads\/2022\/03\/IMG_2190-1536x1152.jpg 1536w, http:\/\/monika-karbowska-liberte-pour-julian-assange.ovh\/wp-content\/uploads\/2022\/03\/IMG_2190-1568x1176.jpg 1568w, http:\/\/monika-karbowska-liberte-pour-julian-assange.ovh\/wp-content\/uploads\/2022\/03\/IMG_2190.jpg 2048w\" sizes=\"(max-width: 1024px) 100vw, 1024px\" \/><figcaption>Le Frontline Club et le Panache Caf\u00e9 en face, Norfolk Place. <\/figcaption><\/figure>\n\n\n\n<p>Je ressens m\u00eame une esp\u00e8ce d\u2019euphorie \u00e0 observer la vie de ce pub de quartier, remplis de jeunes en bandes, de femmes avec leurs amies, d\u2019hommes qui s\u2019appr\u00eatent \u00e0 suivre leurs \u00e9missions sportives pr\u00e9f\u00e9r\u00e9es sur les \u00e9crans des t\u00e9l\u00e9visions suspendus aux murs. Je choisis une bonne bi\u00e8re irlandaise en pinte et le sourire des jeunes serveurs et serveuses me ravit. Cela fait tellement longtemps que je n\u2019ai plus vu de visages humains dans la vie sociale&nbsp;! Je r\u00e9alise plus que jamais que le masque est un b\u00e2illon destin\u00e9 \u00e0 couper les \u00eatre humains les un des autres, leur faire perdre le go\u00fbt de communiquer et par cons\u00e9quent le but de son impositio&nbsp; est de d\u00e9truire toute vie sociale qui ainsi voil\u00e9e perd son sens. Pauvre France en destruction sous niquab covidien depuis bient\u00f4t deux ans&nbsp;!<\/p>\n\n\n\n<figure class=\"wp-block-image size-large\"><img loading=\"lazy\" width=\"1024\" height=\"768\" src=\"http:\/\/monika-karbowska-liberte-pour-julian-assange.ovh\/wp-content\/uploads\/2022\/03\/IMG_2199-1024x768.jpg\" alt=\"\" class=\"wp-image-2119\" srcset=\"http:\/\/monika-karbowska-liberte-pour-julian-assange.ovh\/wp-content\/uploads\/2022\/03\/IMG_2199-1024x768.jpg 1024w, http:\/\/monika-karbowska-liberte-pour-julian-assange.ovh\/wp-content\/uploads\/2022\/03\/IMG_2199-300x225.jpg 300w, http:\/\/monika-karbowska-liberte-pour-julian-assange.ovh\/wp-content\/uploads\/2022\/03\/IMG_2199-768x576.jpg 768w, http:\/\/monika-karbowska-liberte-pour-julian-assange.ovh\/wp-content\/uploads\/2022\/03\/IMG_2199-1536x1152.jpg 1536w, http:\/\/monika-karbowska-liberte-pour-julian-assange.ovh\/wp-content\/uploads\/2022\/03\/IMG_2199-1568x1176.jpg 1568w, http:\/\/monika-karbowska-liberte-pour-julian-assange.ovh\/wp-content\/uploads\/2022\/03\/IMG_2199.jpg 2048w\" sizes=\"(max-width: 1024px) 100vw, 1024px\" \/><figcaption>Norfolk place, vue sur le St Marys Hospital<\/figcaption><\/figure>\n\n\n\n<figure class=\"wp-block-image size-large\"><img loading=\"lazy\" width=\"1024\" height=\"768\" src=\"http:\/\/monika-karbowska-liberte-pour-julian-assange.ovh\/wp-content\/uploads\/2022\/03\/IMG_2197-1024x768.jpg\" alt=\"\" class=\"wp-image-2120\" srcset=\"http:\/\/monika-karbowska-liberte-pour-julian-assange.ovh\/wp-content\/uploads\/2022\/03\/IMG_2197-1024x768.jpg 1024w, http:\/\/monika-karbowska-liberte-pour-julian-assange.ovh\/wp-content\/uploads\/2022\/03\/IMG_2197-300x225.jpg 300w, http:\/\/monika-karbowska-liberte-pour-julian-assange.ovh\/wp-content\/uploads\/2022\/03\/IMG_2197-768x576.jpg 768w, http:\/\/monika-karbowska-liberte-pour-julian-assange.ovh\/wp-content\/uploads\/2022\/03\/IMG_2197-1536x1152.jpg 1536w, http:\/\/monika-karbowska-liberte-pour-julian-assange.ovh\/wp-content\/uploads\/2022\/03\/IMG_2197-1568x1176.jpg 1568w, http:\/\/monika-karbowska-liberte-pour-julian-assange.ovh\/wp-content\/uploads\/2022\/03\/IMG_2197.jpg 2048w\" sizes=\"(max-width: 1024px) 100vw, 1024px\" \/><figcaption>Croisement Sussex Gardens et Norfolk place<\/figcaption><\/figure>\n\n\n\n<figure class=\"wp-block-image size-large\"><img loading=\"lazy\" width=\"1024\" height=\"768\" src=\"http:\/\/monika-karbowska-liberte-pour-julian-assange.ovh\/wp-content\/uploads\/2022\/03\/IMG_2201-1024x768.jpg\" alt=\"\" class=\"wp-image-2121\" srcset=\"http:\/\/monika-karbowska-liberte-pour-julian-assange.ovh\/wp-content\/uploads\/2022\/03\/IMG_2201-1024x768.jpg 1024w, http:\/\/monika-karbowska-liberte-pour-julian-assange.ovh\/wp-content\/uploads\/2022\/03\/IMG_2201-300x225.jpg 300w, http:\/\/monika-karbowska-liberte-pour-julian-assange.ovh\/wp-content\/uploads\/2022\/03\/IMG_2201-768x576.jpg 768w, http:\/\/monika-karbowska-liberte-pour-julian-assange.ovh\/wp-content\/uploads\/2022\/03\/IMG_2201-1536x1152.jpg 1536w, http:\/\/monika-karbowska-liberte-pour-julian-assange.ovh\/wp-content\/uploads\/2022\/03\/IMG_2201-1568x1176.jpg 1568w, http:\/\/monika-karbowska-liberte-pour-julian-assange.ovh\/wp-content\/uploads\/2022\/03\/IMG_2201.jpg 2048w\" sizes=\"(max-width: 1024px) 100vw, 1024px\" \/><figcaption>Ruelle Southwick Mews<\/figcaption><\/figure>\n\n\n\n<p>Les jeunes Anglais au bar comprennent que je suis Fran\u00e7aise et me regardent un peu plus attentivement. Peut \u00eatre se demandent-ils si les touristes fran\u00e7ais qui peuplaient tant Paddington avant le choc fatal de mars 2020 sont en train de revenir. Le g\u00e9rant marocain du Panache Caf\u00e9 en face du Frontline Club ou j\u2019ai \u00e9tabli mes quartiers depuis que je lutte pour Assange me confirmera un peu plus tard que les h\u00f4tels autour de la place sont bien remplis d\u00e9sormais. Cela dit je remarque plus de touristes des pays du Golf persique que mes compatriotes, que je ne verrai que le lendemain \u00e0 Covent Garden.<\/p>\n\n\n\n<figure class=\"wp-block-image size-large\"><img loading=\"lazy\" width=\"1024\" height=\"768\" src=\"http:\/\/monika-karbowska-liberte-pour-julian-assange.ovh\/wp-content\/uploads\/2022\/03\/IMG_2203-1024x768.jpg\" alt=\"\" class=\"wp-image-2122\" srcset=\"http:\/\/monika-karbowska-liberte-pour-julian-assange.ovh\/wp-content\/uploads\/2022\/03\/IMG_2203-1024x768.jpg 1024w, http:\/\/monika-karbowska-liberte-pour-julian-assange.ovh\/wp-content\/uploads\/2022\/03\/IMG_2203-300x225.jpg 300w, http:\/\/monika-karbowska-liberte-pour-julian-assange.ovh\/wp-content\/uploads\/2022\/03\/IMG_2203-768x576.jpg 768w, http:\/\/monika-karbowska-liberte-pour-julian-assange.ovh\/wp-content\/uploads\/2022\/03\/IMG_2203-1536x1152.jpg 1536w, http:\/\/monika-karbowska-liberte-pour-julian-assange.ovh\/wp-content\/uploads\/2022\/03\/IMG_2203-1568x1176.jpg 1568w, http:\/\/monika-karbowska-liberte-pour-julian-assange.ovh\/wp-content\/uploads\/2022\/03\/IMG_2203.jpg 2048w\" sizes=\"(max-width: 1024px) 100vw, 1024px\" \/><figcaption>boutiques \u00e0 Norfolk place, la vie normale<\/figcaption><\/figure>\n\n\n\n<figure class=\"wp-block-image size-large\"><img loading=\"lazy\" width=\"1024\" height=\"768\" src=\"http:\/\/monika-karbowska-liberte-pour-julian-assange.ovh\/wp-content\/uploads\/2022\/03\/IMG_2196-1024x768.jpg\" alt=\"\" class=\"wp-image-2123\" srcset=\"http:\/\/monika-karbowska-liberte-pour-julian-assange.ovh\/wp-content\/uploads\/2022\/03\/IMG_2196-1024x768.jpg 1024w, http:\/\/monika-karbowska-liberte-pour-julian-assange.ovh\/wp-content\/uploads\/2022\/03\/IMG_2196-300x225.jpg 300w, http:\/\/monika-karbowska-liberte-pour-julian-assange.ovh\/wp-content\/uploads\/2022\/03\/IMG_2196-768x576.jpg 768w, http:\/\/monika-karbowska-liberte-pour-julian-assange.ovh\/wp-content\/uploads\/2022\/03\/IMG_2196-1536x1152.jpg 1536w, http:\/\/monika-karbowska-liberte-pour-julian-assange.ovh\/wp-content\/uploads\/2022\/03\/IMG_2196-1568x1176.jpg 1568w, http:\/\/monika-karbowska-liberte-pour-julian-assange.ovh\/wp-content\/uploads\/2022\/03\/IMG_2196.jpg 2048w\" sizes=\"(max-width: 1024px) 100vw, 1024px\" \/><figcaption>H\u00f4tels \u00e0 Norfolk square, la vie normale<\/figcaption><\/figure>\n\n\n\n<p>Plus le bonheur de voir les habitants et visiteurs de Londres est jouissif, plus j\u2019ai le sentiment que notre continent europ\u00e9en s\u2019enfonce dans le noir. Un vrai noir sombre et mauvais. Bien s\u00fbr, la souverainet\u00e9 de l\u2019Angleterre est fragile, les ennemis du Brexit nombreux et install\u00e9s \u00e0 domicile. Les plus puissant sont le clan r\u00e9gnant Mounbatten Windsor en conciliabule avec les thurif\u00e9raires du coup d\u2019Etat mondial covido-num\u00e9rique de Klaus Schwab et Cie. L\u2019Angleterre a besoin de lien avec l\u2019ext\u00e9rieur pour survivre&nbsp;: de main d\u2019\u0153uvre, de touristes, de capitaux et d\u2019\u00e9changes\u2026 Les voyages ne peuvent pas \u00eatre aussi brid\u00e9s sur la dur\u00e9e sous peine d\u2019\u00e9tranglement. Mais le peuple Anglais a montr\u00e9 sa capacit\u00e9 de r\u00e9sistance \u00e0 la dictature covidienne avec de nombreuses et puissantes manifestations depuis plus d\u2019un an\u2026 Il ne se laissera pas faire, j\u2019en suis encore plus convaincue lorsque j\u2019observe sa discr\u00e8te all\u00e9gresse de vivre sa libert\u00e9 quotidienne.<\/p>\n\n\n\n<p>Je suis tr\u00e8s heureuse d\u2019\u00eatre l\u00e0, m\u00eame si je dois encore me pr\u00e9parer au proc\u00e8s qui m\u2019attends.<\/p>\n\n\n\n<figure class=\"wp-block-image size-large\"><img loading=\"lazy\" width=\"768\" height=\"1024\" src=\"http:\/\/monika-karbowska-liberte-pour-julian-assange.ovh\/wp-content\/uploads\/2022\/03\/IMG_2189-768x1024.jpg\" alt=\"\" class=\"wp-image-2124\" srcset=\"http:\/\/monika-karbowska-liberte-pour-julian-assange.ovh\/wp-content\/uploads\/2022\/03\/IMG_2189-768x1024.jpg 768w, http:\/\/monika-karbowska-liberte-pour-julian-assange.ovh\/wp-content\/uploads\/2022\/03\/IMG_2189-225x300.jpg 225w, http:\/\/monika-karbowska-liberte-pour-julian-assange.ovh\/wp-content\/uploads\/2022\/03\/IMG_2189-1152x1536.jpg 1152w, http:\/\/monika-karbowska-liberte-pour-julian-assange.ovh\/wp-content\/uploads\/2022\/03\/IMG_2189-rotated.jpg 1536w\" sizes=\"(max-width: 768px) 100vw, 768px\" \/><figcaption>Le Frontline Club de Vaughan Lockart Smith<\/figcaption><\/figure>\n\n\n\n<figure class=\"wp-block-image size-large\"><img loading=\"lazy\" width=\"1024\" height=\"768\" src=\"http:\/\/monika-karbowska-liberte-pour-julian-assange.ovh\/wp-content\/uploads\/2022\/03\/IMG_2205-1024x768.jpg\" alt=\"\" class=\"wp-image-2125\" srcset=\"http:\/\/monika-karbowska-liberte-pour-julian-assange.ovh\/wp-content\/uploads\/2022\/03\/IMG_2205-1024x768.jpg 1024w, http:\/\/monika-karbowska-liberte-pour-julian-assange.ovh\/wp-content\/uploads\/2022\/03\/IMG_2205-300x225.jpg 300w, http:\/\/monika-karbowska-liberte-pour-julian-assange.ovh\/wp-content\/uploads\/2022\/03\/IMG_2205-768x576.jpg 768w, http:\/\/monika-karbowska-liberte-pour-julian-assange.ovh\/wp-content\/uploads\/2022\/03\/IMG_2205-1536x1152.jpg 1536w, http:\/\/monika-karbowska-liberte-pour-julian-assange.ovh\/wp-content\/uploads\/2022\/03\/IMG_2205-1568x1176.jpg 1568w, http:\/\/monika-karbowska-liberte-pour-julian-assange.ovh\/wp-content\/uploads\/2022\/03\/IMG_2205.jpg 2048w\" sizes=\"(max-width: 1024px) 100vw, 1024px\" \/><figcaption>Le pub de Sir Alexander Fleming, la vie normale<\/figcaption><\/figure>\n\n\n\n<p>Avant de d\u00eener traditionnellement dans mon Fish and Chips yougoslave bon march\u00e9 en face du Frontline Club je fais la connaissance d\u2019une excellente et gentille coiffeuse dans un salon faisant face \u00e0 l\u2019Imp\u00e9rial Collge of London. Zeina est burkinab\u00e9 et elle est ravie de parler fran\u00e7ais avec moi. Elle m\u2019interroge longuement sur la situation en France et se montre imm\u00e9diatement solidaire des manifestations contre le pass sanitaire. \u00ab&nbsp;<em>C\u2019est pour cela que je ne peux plus rendre visite \u00e0 ma famille qui est France, on ne peut plus rien faire, aller nulle part. Je me demande si je ne dois pas me faire vacciner\u2026. Qu\u2019en pensez-vous&nbsp;<\/em>\u00bb&nbsp;? <\/p>\n\n\n\n<p>Enhardie, je lui d\u00e9taille les dangers des injections exp\u00e9rimentales et je lui explique \u00e0 quel point forcer les gens en les prenant en otage, en les privant de vie sociale est une terrible violation des Droits de l\u2019Homme. Elle est d\u2019accord. Alors que sur mes cheveux raides elle coupe et tresse une coupe virtuose qui durera pas moins de 3 mois, je l\u2019\u00e9coute me parler de sa vie&nbsp;: elle est dipl\u00f4m\u00e9e d\u2019Universit\u00e9 mais sa situation d\u2019immigr\u00e9 est tributaire de la situation politique de sa famille. Son p\u00e8re, lieutenant de Thomas Sankara, a \u00e9t\u00e9 assassin\u00e9 avec lui et l\u2019exil fut la seule issue de survie pour elle et sa famille. Je suis tr\u00e8s \u00e9mue en entendant ses confidences et elle l\u2019est tout autant lorsque je lui d\u00e9voile mes liens d\u2019amiti\u00e9 avec le mouvement du Balai Citoyen, mon voyage au Burkina Faso et ma rencontre avec Blandine Sankara. Nous discutons longuement et elle d\u2019autant plus libre que le salon est d\u00e9sert et que son patron ne comprend pas le Fran\u00e7ais. A la fin elle exprime l\u2019espoir que nous pourrons mettre bient\u00f4t fin \u00e0 la folie covidienne, que les voyages libres reprendront et que les touristes peupleront \u00e0 nouveau ce quartier qui a bien besoin d\u2019eux pour survivre \u00e9conomiquement.<\/p>\n\n\n\n<p>Je la quitte toute pimpante avec ma belle coupe et tr\u00e8s touch\u00e9e par ce fort r\u00e9cit d\u2019une vie de lutte. Nous \u00e9changeons nos contacts. Que de joie de faire de si belle rencontre dans cette m\u00e9tropole cosmopolite&nbsp;!<\/p>\n\n\n\n<figure class=\"wp-block-video\"><video controls src=\"http:\/\/monika-karbowska-liberte-pour-julian-assange.ovh\/wp-content\/uploads\/2022\/03\/Pub-Paddington.mov\"><\/video><figcaption>La vie normale \u00e0 Londres le 25 octobre 2021, Pub \u00e0 Paddington<\/figcaption><\/figure>\n\n\n\n<p>Le lendemain mardi 26 octobre apr\u00e8s une bonne nuit dans mon h\u00f4tel sympathique je profite encore plus de Londres la festive. Je d\u00e9jeune d\u2019un \u00e9norme brunch compos\u00e9 de soupes de pois chiches, de diverses salades et de galette dans un restaurant \u00e9gyptien styl\u00e9 pr\u00e8s de Marble Arch. L\u2019empressement des serveurs souriants est \u00e0 la mesure du vide de la tr\u00e8s grande salle. Assur\u00e9ment, le client est recherch\u00e9 et je profite des bon prix et de la nourriture copieuse. J\u2019ai presque l\u2019impression que le pass sanitaire \u00e0 l\u2019entr\u00e9e des restaurants en France n\u2019est qu\u2019un mauvais r\u00eave et que cette exp\u00e9rience ubuesque ne pourra pas, ne pourra jamais durer\u2026 qui peut vouloir aller au restaurant pour y \u00eatre fliqu\u00e9 et contr\u00f4l\u00e9 par le gouvernement en forme de Big Brother issu droit du film \u00ab&nbsp;Brazil&nbsp;\u00bb&nbsp;?<\/p>\n\n\n\n<figure class=\"wp-block-image size-large\"><img loading=\"lazy\" width=\"1024\" height=\"768\" src=\"http:\/\/monika-karbowska-liberte-pour-julian-assange.ovh\/wp-content\/uploads\/2022\/03\/IMG_2222-1024x768.jpg\" alt=\"\" class=\"wp-image-2128\" srcset=\"http:\/\/monika-karbowska-liberte-pour-julian-assange.ovh\/wp-content\/uploads\/2022\/03\/IMG_2222-1024x768.jpg 1024w, http:\/\/monika-karbowska-liberte-pour-julian-assange.ovh\/wp-content\/uploads\/2022\/03\/IMG_2222-300x225.jpg 300w, http:\/\/monika-karbowska-liberte-pour-julian-assange.ovh\/wp-content\/uploads\/2022\/03\/IMG_2222-768x576.jpg 768w, http:\/\/monika-karbowska-liberte-pour-julian-assange.ovh\/wp-content\/uploads\/2022\/03\/IMG_2222-1536x1152.jpg 1536w, http:\/\/monika-karbowska-liberte-pour-julian-assange.ovh\/wp-content\/uploads\/2022\/03\/IMG_2222-2048x1536.jpg 2048w, http:\/\/monika-karbowska-liberte-pour-julian-assange.ovh\/wp-content\/uploads\/2022\/03\/IMG_2222-1568x1176.jpg 1568w\" sizes=\"(max-width: 1024px) 100vw, 1024px\" \/><figcaption>Pub le Wellington, \u00e0 l&rsquo;angle de Wellington Street et de Strand Street, quartier des th\u00e9atres , entre Aldwych et Temple. La vie normale suite<\/figcaption><\/figure>\n\n\n\n<figure class=\"wp-block-image size-large\"><img loading=\"lazy\" width=\"1024\" height=\"768\" src=\"http:\/\/monika-karbowska-liberte-pour-julian-assange.ovh\/wp-content\/uploads\/2022\/03\/IMG_2221-1024x768.jpg\" alt=\"\" class=\"wp-image-2129\" srcset=\"http:\/\/monika-karbowska-liberte-pour-julian-assange.ovh\/wp-content\/uploads\/2022\/03\/IMG_2221-1024x768.jpg 1024w, http:\/\/monika-karbowska-liberte-pour-julian-assange.ovh\/wp-content\/uploads\/2022\/03\/IMG_2221-300x225.jpg 300w, http:\/\/monika-karbowska-liberte-pour-julian-assange.ovh\/wp-content\/uploads\/2022\/03\/IMG_2221-768x576.jpg 768w, http:\/\/monika-karbowska-liberte-pour-julian-assange.ovh\/wp-content\/uploads\/2022\/03\/IMG_2221-1536x1152.jpg 1536w, http:\/\/monika-karbowska-liberte-pour-julian-assange.ovh\/wp-content\/uploads\/2022\/03\/IMG_2221-2048x1536.jpg 2048w, http:\/\/monika-karbowska-liberte-pour-julian-assange.ovh\/wp-content\/uploads\/2022\/03\/IMG_2221-1568x1176.jpg 1568w\" sizes=\"(max-width: 1024px) 100vw, 1024px\" \/><figcaption>Strand Street  Waterloo Bridge &#8211; le Crown caf\u00e9 bar, avec son affiche \u00ab\u00a0support independent business\u00a0\u00bb<\/figcaption><\/figure>\n\n\n\n<p>Plus difficile est la recherche d\u2019une piscine, endroit dont je suis bannie en France d\u00e9sormais comme le furent les Juifs en Allemagne de 1933. Certes, il n\u2019y a pas de pass sanitaire en Angleterre, mais la mairie covidienne de Londres contr\u00f4le les piscines et les salles de sport et elle a r\u00e9solus le probl\u00e8me de virer les ind\u00e9sirables de la fa\u00e7on suivante&nbsp;: la gestion de toutes les piscines est confi\u00e9s \u00e0 des entreprises priv\u00e9es et celles-ci imposent aux utilisateurs de s\u2019inscrire avec leurs noms, adresses et t\u00e9l\u00e9phones sur un site internet dans des cr\u00e9neaux pr\u00e9cis. Ainsi Big Brother covidien sait quels corps ont exactement plong\u00e9 dans l\u2019eau publique et \u00e0 quelle heure et minute. Il n\u2019y a plus qu\u2019\u00e0 limiter \u00ab&nbsp;covid oblige&nbsp;\u00bb l\u2019usage de chaque cr\u00e9neaux \u00e0 5 personnes et le tour est jou\u00e9&nbsp;: seuls les bobos habitant \u00e0 c\u00f4t\u00e9 de l\u2019endroit, disposant d\u2019une carte de cr\u00e9dit pour payer sur le site qui ne sont pas g\u00e9n\u00e9s par le contr\u00f4le \u00e9tatique sur leur corps seront privil\u00e9gi\u00e9s pour fr\u00e9quenter le lieu. La belle piscine historique du centre sportif de ce qui fut avant-guerre un quartier populaire rouge situ\u00e9e Seymour place juste derri\u00e8re la Westminster Court ne dispose plus que de deux cr\u00e9neaux libres \u00e0 des horaires incompatibles avec mon emploi du temps. Le gar\u00e7on de l\u2019accueil qui m\u2019y avait si gentiment accueillie le matin n\u2019avait visiblement pas tout compris lui-m\u00eame de la perversit\u00e9 du syst\u00e8me pour lequel il travaille puisqu\u2019il m\u2019avait dit que l\u2019acc\u00e8s est libre pour tout le monde\u2026<\/p>\n\n\n\n<p>En effet, je dois d\u00e9m\u00e9nager dans le quartier Aldwych dans le centre pour passer la nuit au plus pr\u00e8s des Royal Courts of Justice et pouvoir affronter t\u00f4t le matin l\u2019audience de Julian Assange de demain.<\/p>\n\n\n\n<figure class=\"wp-block-image size-large\"><img loading=\"lazy\" width=\"1024\" height=\"768\" src=\"http:\/\/monika-karbowska-liberte-pour-julian-assange.ovh\/wp-content\/uploads\/2022\/03\/IMG_2256-1024x768.jpg\" alt=\"\" class=\"wp-image-2130\" srcset=\"http:\/\/monika-karbowska-liberte-pour-julian-assange.ovh\/wp-content\/uploads\/2022\/03\/IMG_2256-1024x768.jpg 1024w, http:\/\/monika-karbowska-liberte-pour-julian-assange.ovh\/wp-content\/uploads\/2022\/03\/IMG_2256-300x225.jpg 300w, http:\/\/monika-karbowska-liberte-pour-julian-assange.ovh\/wp-content\/uploads\/2022\/03\/IMG_2256-768x576.jpg 768w, http:\/\/monika-karbowska-liberte-pour-julian-assange.ovh\/wp-content\/uploads\/2022\/03\/IMG_2256-1536x1152.jpg 1536w, http:\/\/monika-karbowska-liberte-pour-julian-assange.ovh\/wp-content\/uploads\/2022\/03\/IMG_2256-2048x1536.jpg 2048w, http:\/\/monika-karbowska-liberte-pour-julian-assange.ovh\/wp-content\/uploads\/2022\/03\/IMG_2256-1568x1176.jpg 1568w\" sizes=\"(max-width: 1024px) 100vw, 1024px\" \/><figcaption>Covent Garden, la vie normale<\/figcaption><\/figure>\n\n\n\n<p>Lorsque je prends le m\u00e9tro je constate qu\u2019il y a aujourd\u2019hui bien plus de masque que la veille. Moi-m\u00eame je pers\u00e9v\u00e8re dans la libert\u00e9 de respirer et je n\u2019en porte pas. Des annonces covidiennes gouvernementales auraient elles \u00e9taient faites \u00e0 la t\u00e9l\u00e9&nbsp;? Pourtant, Boris Johnson avait assur\u00e9, il y a une semaine, que le masque c\u2019\u00e9tait fini. Mais peut \u00eatre que le Mayor of London ne suit les directives du gouvernement&nbsp;? En descendant \u00e0 la station de Covent Garden je m\u2019enquiers aupr\u00e8s des agents de s\u00e9curit\u00e9 \u00e0 l\u2019entr\u00e9e de ce \u00ab&nbsp;je dois faire&nbsp;\u00bb. Le jeune homme regarde ma d\u00e9gaine de touriste et dit&nbsp;: \u00ab&nbsp;Madame, moi non plus je ne sais pas si le masque est obligatoire. A la limite si vous avez des probl\u00e8mes, servez-vous de votre foulard&nbsp;\u00bb. Bel aveu du chaos politique en cours&nbsp;!<\/p>\n\n\n\n<figure class=\"wp-block-image size-large\"><img loading=\"lazy\" width=\"1024\" height=\"768\" src=\"http:\/\/monika-karbowska-liberte-pour-julian-assange.ovh\/wp-content\/uploads\/2022\/03\/IMG_2253-1024x768.jpg\" alt=\"\" class=\"wp-image-2131\" srcset=\"http:\/\/monika-karbowska-liberte-pour-julian-assange.ovh\/wp-content\/uploads\/2022\/03\/IMG_2253-1024x768.jpg 1024w, http:\/\/monika-karbowska-liberte-pour-julian-assange.ovh\/wp-content\/uploads\/2022\/03\/IMG_2253-300x225.jpg 300w, http:\/\/monika-karbowska-liberte-pour-julian-assange.ovh\/wp-content\/uploads\/2022\/03\/IMG_2253-768x576.jpg 768w, http:\/\/monika-karbowska-liberte-pour-julian-assange.ovh\/wp-content\/uploads\/2022\/03\/IMG_2253-1536x1152.jpg 1536w, http:\/\/monika-karbowska-liberte-pour-julian-assange.ovh\/wp-content\/uploads\/2022\/03\/IMG_2253-2048x1536.jpg 2048w, http:\/\/monika-karbowska-liberte-pour-julian-assange.ovh\/wp-content\/uploads\/2022\/03\/IMG_2253-1568x1176.jpg 1568w\" sizes=\"(max-width: 1024px) 100vw, 1024px\" \/><figcaption>Convent Garden, la vie normale dans les restaurants&#8230; fran\u00e7ais!<\/figcaption><\/figure>\n\n\n\n<p>Plusieurs d\u00e9tails me frappent lorsque je d\u00e9ambule dans les rues pi\u00e9tonnes de la place de Convent Garden et je descends les petites rues bord\u00e9es de th\u00e9\u00e2tres, de music halls et du Royal Opera House. Premi\u00e8rement la foule est immense&nbsp;! Elle est festive, bruyante, hurlante&nbsp;! Compos\u00e9e de familles, de nombreux enfants, de jeunes en bandes, de groupes entiers\u2026 Cette foule a l\u2019air plus blanche que celle de Paddington, mais aussi moins guind\u00e9e. Je r\u00e9alise soudain que c\u2019est la semaine des vacances scolaires pr\u00e9c\u00e9dant Halloween. Les enfants sont nombreux \u00e0 crier et jouer, heureux d\u2019aller au spectacle avec leurs parents tout aussi heureux de retrouver leurs amis et certainement venus de province ou de banlieue pour go\u00fbter aux spectacles de la capitale. Je verrai ainsi des queues fournies devant les guichet des th\u00e9\u00e2tres, cin\u00e9mas et devant les affiches du music hall le Roi Lyon. Naturellement personne ne porte de masque et cette ambiance d\u2019all\u00e9gresse favorise une consommation retrouv\u00e9e&nbsp;: les boutiques de bibelots, de cosm\u00e9tiques, de v\u00eatements sont pleines. Je sais bien que personne n\u2019a envie de faire de shopping avec un masque et je vois bien la diff\u00e9rence lorsque cette obligation disparait autant pour les clients que pour les employ\u00e9s.<\/p>\n\n\n\n<figure class=\"wp-block-video\"><video controls src=\"http:\/\/monika-karbowska-liberte-pour-julian-assange.ovh\/wp-content\/uploads\/2022\/03\/Covent-garden-zycie.mov\"><\/video><figcaption>Covent Garden la vie et la joie<\/figcaption><\/figure>\n\n\n\n<p>Je n\u2019ai jamais \u00e9t\u00e9 autant heureuse de retrouver la soci\u00e9t\u00e9 de consommation que j\u2019ai tant critiqu\u00e9e depuis 35 ans de ma vie&nbsp;! Mais la culture non plus ne peut pas \u00eatre v\u00e9cu librement si on est soumis par l\u2019Etat au baillon anti-vie, ni le lien social. Les restaurants, les pubs et les caf\u00e9s d\u00e9bordent de gens heureux. Il y a tout un p\u00e2t\u00e9 de maison de bistrots fran\u00e7ais affichant des menus bien fran\u00e7ais servis par des serveurs francophones. Cela me fait un dr\u00f4le d\u2019effet de voir l\u2019art de vivre fran\u00e7ais s\u2019\u00e9panouir \u00e0 Londres alors qu\u2019il meurent \u00e0 Paris sous la dictature du contr\u00f4le sanitaire.<\/p>\n\n\n\n<figure class=\"wp-block-video\"><video controls src=\"http:\/\/monika-karbowska-liberte-pour-julian-assange.ovh\/wp-content\/uploads\/2022\/03\/zycie-covent-garden-dzieci.mov\"><\/video><figcaption>Covent Garden Festive<\/figcaption><\/figure>\n\n\n\n<p>Je r\u00e9alise aussi que les Fran\u00e7ais sont nombreux dans le quartier. Je remarque des familles de classe moyenne allant au spectacle avec leur enfants. Plus bas dans quartier de la London School of Economics et du Kings College ce sont des groupes de jeunes, visiblement \u00e9tudiants qui d\u00e9ambulent ensemble joyeusement en parlant Fran\u00e7ais bien fort. Tout les 20 personnes, je croise des Fran\u00e7ais. Visiblement la classe moyenne sup\u00e9rieur sait ou aller trouver la Libert\u00e9 et elle a eu le temps d\u2019exp\u00e9dier ses enfants, malgr\u00e9 le prix des \u00e9tudes priv\u00e9es, vers des cieux plus cl\u00e9ments que la chape de plomb de la dictature sanitaire.<\/p>\n\n\n\n<figure class=\"wp-block-image size-large\"><img loading=\"lazy\" width=\"1024\" height=\"768\" src=\"http:\/\/monika-karbowska-liberte-pour-julian-assange.ovh\/wp-content\/uploads\/2022\/03\/IMG_2224-1024x768.jpg\" alt=\"\" class=\"wp-image-2134\" srcset=\"http:\/\/monika-karbowska-liberte-pour-julian-assange.ovh\/wp-content\/uploads\/2022\/03\/IMG_2224-1024x768.jpg 1024w, http:\/\/monika-karbowska-liberte-pour-julian-assange.ovh\/wp-content\/uploads\/2022\/03\/IMG_2224-300x225.jpg 300w, http:\/\/monika-karbowska-liberte-pour-julian-assange.ovh\/wp-content\/uploads\/2022\/03\/IMG_2224-768x576.jpg 768w, http:\/\/monika-karbowska-liberte-pour-julian-assange.ovh\/wp-content\/uploads\/2022\/03\/IMG_2224-1536x1152.jpg 1536w, http:\/\/monika-karbowska-liberte-pour-julian-assange.ovh\/wp-content\/uploads\/2022\/03\/IMG_2224-2048x1536.jpg 2048w, http:\/\/monika-karbowska-liberte-pour-julian-assange.ovh\/wp-content\/uploads\/2022\/03\/IMG_2224-1568x1176.jpg 1568w\" sizes=\"(max-width: 1024px) 100vw, 1024px\" \/><figcaption>Strand Street, la rue de mon hostel<\/figcaption><\/figure>\n\n\n\n<p>Les Fran\u00e7ais pauvres sont aussi \u00e0 Londres, comme avant le covid&nbsp;: la jeune h\u00f4tesse d\u2019accueil de mon modeste hostel Strand Street, \u00e0 l\u2019angle du pont Waterloo et de l\u2019avenue Aldwych est une travailleuse du Nord de la France. Les Fran\u00e7ais \u00e9migrent donc \u00e0 Londres, pour des raisons politiques et \u00e9conomiques, voil\u00e0 ma deuxi\u00e8me constatation.<\/p>\n\n\n\n<figure class=\"wp-block-image size-large\"><img loading=\"lazy\" width=\"1024\" height=\"768\" src=\"http:\/\/monika-karbowska-liberte-pour-julian-assange.ovh\/wp-content\/uploads\/2022\/03\/IMG_2238-1024x768.jpg\" alt=\"\" class=\"wp-image-2135\" srcset=\"http:\/\/monika-karbowska-liberte-pour-julian-assange.ovh\/wp-content\/uploads\/2022\/03\/IMG_2238-1024x768.jpg 1024w, http:\/\/monika-karbowska-liberte-pour-julian-assange.ovh\/wp-content\/uploads\/2022\/03\/IMG_2238-300x225.jpg 300w, http:\/\/monika-karbowska-liberte-pour-julian-assange.ovh\/wp-content\/uploads\/2022\/03\/IMG_2238-768x576.jpg 768w, http:\/\/monika-karbowska-liberte-pour-julian-assange.ovh\/wp-content\/uploads\/2022\/03\/IMG_2238-1536x1152.jpg 1536w, http:\/\/monika-karbowska-liberte-pour-julian-assange.ovh\/wp-content\/uploads\/2022\/03\/IMG_2238-2048x1536.jpg 2048w, http:\/\/monika-karbowska-liberte-pour-julian-assange.ovh\/wp-content\/uploads\/2022\/03\/IMG_2238-1568x1176.jpg 1568w\" sizes=\"(max-width: 1024px) 100vw, 1024px\" \/><figcaption>vue de mon hotel, Strand Street, Aldwych et le Wellington pub <\/figcaption><\/figure>\n\n\n\n<figure class=\"wp-block-image size-large\"><img loading=\"lazy\" width=\"1024\" height=\"768\" src=\"http:\/\/monika-karbowska-liberte-pour-julian-assange.ovh\/wp-content\/uploads\/2022\/03\/IMG_2236-1024x768.jpg\" alt=\"\" class=\"wp-image-2136\" srcset=\"http:\/\/monika-karbowska-liberte-pour-julian-assange.ovh\/wp-content\/uploads\/2022\/03\/IMG_2236-1024x768.jpg 1024w, http:\/\/monika-karbowska-liberte-pour-julian-assange.ovh\/wp-content\/uploads\/2022\/03\/IMG_2236-300x225.jpg 300w, http:\/\/monika-karbowska-liberte-pour-julian-assange.ovh\/wp-content\/uploads\/2022\/03\/IMG_2236-768x576.jpg 768w, http:\/\/monika-karbowska-liberte-pour-julian-assange.ovh\/wp-content\/uploads\/2022\/03\/IMG_2236-1536x1152.jpg 1536w, http:\/\/monika-karbowska-liberte-pour-julian-assange.ovh\/wp-content\/uploads\/2022\/03\/IMG_2236-2048x1536.jpg 2048w, http:\/\/monika-karbowska-liberte-pour-julian-assange.ovh\/wp-content\/uploads\/2022\/03\/IMG_2236-1568x1176.jpg 1568w\" sizes=\"(max-width: 1024px) 100vw, 1024px\" \/><figcaption>vue de mon hotel, le centre culturel Sommerset House<\/figcaption><\/figure>\n\n\n\n<p>Une fois install\u00e9e dans une chambre collective sous les toit mais enti\u00e8rement vide, je vais d\u00e9jeuner dans l\u2019\u00e9l\u00e9gant pub traditionnel \u00ab&nbsp;The Wellington&nbsp;\u00bb. Je pleure de joie en voyant les jeunes s\u2019\u00e9clater au son de la musique, discuter et rire aux \u00e9clats tous ensemble, consommateurs ou travailleurs derri\u00e8re le bar. Je n\u2019arrive pas \u00e0 d\u00e9tacher les yeux de leurs beaux visages, j\u2019ai l\u2019impression de sortir d\u2019une sombre prison et de d\u00e9couvrir la beaut\u00e9 de l\u2019Humanit\u00e9. Il en est de m\u00eame avec les milliers d\u2019\u00e9tudiants que je croise partout dans quartier.<\/p>\n\n\n\n<figure class=\"wp-block-image size-large\"><img loading=\"lazy\" width=\"1024\" height=\"768\" src=\"http:\/\/monika-karbowska-liberte-pour-julian-assange.ovh\/wp-content\/uploads\/2022\/03\/IMG_2245-1024x768.jpg\" alt=\"\" class=\"wp-image-2137\" srcset=\"http:\/\/monika-karbowska-liberte-pour-julian-assange.ovh\/wp-content\/uploads\/2022\/03\/IMG_2245-1024x768.jpg 1024w, http:\/\/monika-karbowska-liberte-pour-julian-assange.ovh\/wp-content\/uploads\/2022\/03\/IMG_2245-300x225.jpg 300w, http:\/\/monika-karbowska-liberte-pour-julian-assange.ovh\/wp-content\/uploads\/2022\/03\/IMG_2245-768x576.jpg 768w, http:\/\/monika-karbowska-liberte-pour-julian-assange.ovh\/wp-content\/uploads\/2022\/03\/IMG_2245-1536x1152.jpg 1536w, http:\/\/monika-karbowska-liberte-pour-julian-assange.ovh\/wp-content\/uploads\/2022\/03\/IMG_2245-2048x1536.jpg 2048w, http:\/\/monika-karbowska-liberte-pour-julian-assange.ovh\/wp-content\/uploads\/2022\/03\/IMG_2245-1568x1176.jpg 1568w\" sizes=\"(max-width: 1024px) 100vw, 1024px\" \/><figcaption>La London School of Economics a Aldwych<\/figcaption><\/figure>\n\n\n\n<figure class=\"wp-block-image size-large is-resized\"><img src=\"http:\/\/monika-karbowska-liberte-pour-julian-assange.ovh\/wp-content\/uploads\/2022\/03\/20211028_175534-1024x576.jpg\" alt=\"\" class=\"wp-image-2139\" width=\"700\" srcset=\"http:\/\/monika-karbowska-liberte-pour-julian-assange.ovh\/wp-content\/uploads\/2022\/03\/20211028_175534-1024x576.jpg 1024w, http:\/\/monika-karbowska-liberte-pour-julian-assange.ovh\/wp-content\/uploads\/2022\/03\/20211028_175534-300x169.jpg 300w, http:\/\/monika-karbowska-liberte-pour-julian-assange.ovh\/wp-content\/uploads\/2022\/03\/20211028_175534-768x432.jpg 768w, http:\/\/monika-karbowska-liberte-pour-julian-assange.ovh\/wp-content\/uploads\/2022\/03\/20211028_175534-1536x864.jpg 1536w, http:\/\/monika-karbowska-liberte-pour-julian-assange.ovh\/wp-content\/uploads\/2022\/03\/20211028_175534-2048x1152.jpg 2048w, http:\/\/monika-karbowska-liberte-pour-julian-assange.ovh\/wp-content\/uploads\/2022\/03\/20211028_175534-1568x882.jpg 1568w\" sizes=\"(max-width: 1024px) 100vw, 1024px\" \/><figcaption>Etudiants libres sans masques dans le hall de la London School of Economics<\/figcaption><\/figure>\n\n\n\n<p>Par les grandes baies vitr\u00e9es des immeubles modernes des deux prestigieuses universit\u00e9s, je vois bien que le masque en est banni et cela change tout \u00e0 la vie de ces jeunes&nbsp;! Quel contraste avec la France, les profs de facs imposant le masque aux \u00e9tudiants 12 heures par jour et profitant de chaque annonce covidienne du gouvernement pour les isoler devant l\u2019ordinateur. Je comprends totalement que des familles fran\u00e7aise qui en ont les moyens aient d\u00e9j\u00e0, apr\u00e8s un an de dictature sanitaire, organis\u00e9 l\u2019exil de leurs enfants vers des \u00e9tudes en Angleterre.<\/p>\n\n\n\n<figure class=\"wp-block-image size-large\"><img loading=\"lazy\" width=\"1024\" height=\"576\" src=\"http:\/\/monika-karbowska-liberte-pour-julian-assange.ovh\/wp-content\/uploads\/2022\/03\/20211028_180019-1024x576.jpg\" alt=\"\" class=\"wp-image-2140\" srcset=\"http:\/\/monika-karbowska-liberte-pour-julian-assange.ovh\/wp-content\/uploads\/2022\/03\/20211028_180019-1024x576.jpg 1024w, http:\/\/monika-karbowska-liberte-pour-julian-assange.ovh\/wp-content\/uploads\/2022\/03\/20211028_180019-300x169.jpg 300w, http:\/\/monika-karbowska-liberte-pour-julian-assange.ovh\/wp-content\/uploads\/2022\/03\/20211028_180019-768x432.jpg 768w, http:\/\/monika-karbowska-liberte-pour-julian-assange.ovh\/wp-content\/uploads\/2022\/03\/20211028_180019-1536x864.jpg 1536w, http:\/\/monika-karbowska-liberte-pour-julian-assange.ovh\/wp-content\/uploads\/2022\/03\/20211028_180019-2048x1152.jpg 2048w, http:\/\/monika-karbowska-liberte-pour-julian-assange.ovh\/wp-content\/uploads\/2022\/03\/20211028_180019-1568x882.jpg 1568w\" sizes=\"(max-width: 1024px) 100vw, 1024px\" \/><figcaption>Etudiants sans masque \u00e0 la London School of Economics, 26 octobre 2021<\/figcaption><\/figure>\n\n\n\n<p class=\"has-large-font-size\"><strong><em>Pr\u00e9paration au proc\u00e8s de Julian Assange<\/em><\/strong><\/p>\n\n\n\n<figure class=\"wp-block-image size-large\"><img loading=\"lazy\" width=\"1024\" height=\"768\" src=\"http:\/\/monika-karbowska-liberte-pour-julian-assange.ovh\/wp-content\/uploads\/2022\/03\/IMG_2226-1024x768.jpg\" alt=\"\" class=\"wp-image-2142\" srcset=\"http:\/\/monika-karbowska-liberte-pour-julian-assange.ovh\/wp-content\/uploads\/2022\/03\/IMG_2226-1024x768.jpg 1024w, http:\/\/monika-karbowska-liberte-pour-julian-assange.ovh\/wp-content\/uploads\/2022\/03\/IMG_2226-300x225.jpg 300w, http:\/\/monika-karbowska-liberte-pour-julian-assange.ovh\/wp-content\/uploads\/2022\/03\/IMG_2226-768x576.jpg 768w, http:\/\/monika-karbowska-liberte-pour-julian-assange.ovh\/wp-content\/uploads\/2022\/03\/IMG_2226-1536x1152.jpg 1536w, http:\/\/monika-karbowska-liberte-pour-julian-assange.ovh\/wp-content\/uploads\/2022\/03\/IMG_2226-2048x1536.jpg 2048w, http:\/\/monika-karbowska-liberte-pour-julian-assange.ovh\/wp-content\/uploads\/2022\/03\/IMG_2226-1568x1176.jpg 1568w\" sizes=\"(max-width: 1024px) 100vw, 1024px\" \/><figcaption>Je longe la High Commission de  l&rsquo;Australie, Strand Street en direction des Royals Courts of Justice<\/figcaption><\/figure>\n\n\n\n<p>Je longe l\u2019imposant b\u00e2timent imp\u00e9rial du High Governorate australien en face de mon hostel et je me dirige derri\u00e8re l\u2019\u00e9glise vers le b\u00e2timent n\u00e9ogothique des Royal Courts of Justice. A 15h30 la grande grille est largement ouverte, et je suis accueillie dans une esp\u00e8ce de grande nef sombre et d\u00e9serte par des gardiens plut\u00f4t \u00e2g\u00e9s. Ici c\u2019est le seul endroit ou il faut mettre le masque mais ces employ\u00e9s sont plut\u00f4t d\u00e9bonnaires. Je traverse le portique de s\u00e9curit\u00e9 et j\u2019examine des pr\u00e9sentoirs en bois au centre de la nef&nbsp;: sous des vitres de plan des audiences du jour y sont affich\u00e9s. Il y a plusieurs cours de justice dans ce grand complexe de b\u00e2timents. Julian Assange est cens\u00e9 \u00eatre jug\u00e9 par la cour d\u2019appel administrative. Je rep\u00e8re la bonne affiche, mais seul les audiences du jour y sont inscrites. Je m\u2019enquiers aupr\u00e8s des employ\u00e9s qui obligeamment me trouvent le site internet ou \u00e0 partir de 16h30 apparaitra l\u2019emploi du temps du lendemain. Ils ne savent pas par contre si je pourrai emporter mon ordinateur. \u00ab&nbsp;C\u2019est le juge qui d\u00e9cide \u00e0 chaque fois. Vous ne le saurez que demain&nbsp;\u00bb.<\/p>\n\n\n\n<figure class=\"wp-block-image size-large\"><img loading=\"lazy\" width=\"1024\" height=\"768\" src=\"http:\/\/monika-karbowska-liberte-pour-julian-assange.ovh\/wp-content\/uploads\/2022\/03\/IMG_2231-1024x768.jpg\" alt=\"\" class=\"wp-image-2143\" srcset=\"http:\/\/monika-karbowska-liberte-pour-julian-assange.ovh\/wp-content\/uploads\/2022\/03\/IMG_2231-1024x768.jpg 1024w, http:\/\/monika-karbowska-liberte-pour-julian-assange.ovh\/wp-content\/uploads\/2022\/03\/IMG_2231-300x225.jpg 300w, http:\/\/monika-karbowska-liberte-pour-julian-assange.ovh\/wp-content\/uploads\/2022\/03\/IMG_2231-768x576.jpg 768w, http:\/\/monika-karbowska-liberte-pour-julian-assange.ovh\/wp-content\/uploads\/2022\/03\/IMG_2231-1536x1152.jpg 1536w, http:\/\/monika-karbowska-liberte-pour-julian-assange.ovh\/wp-content\/uploads\/2022\/03\/IMG_2231-2048x1536.jpg 2048w, http:\/\/monika-karbowska-liberte-pour-julian-assange.ovh\/wp-content\/uploads\/2022\/03\/IMG_2231-1568x1176.jpg 1568w\" sizes=\"(max-width: 1024px) 100vw, 1024px\" \/><figcaption>Royal Courts of justice, le mardi 26 octobre 2021 vers 16 heures<\/figcaption><\/figure>\n\n\n\n<p>Avant de partir je fais le tour de la galerie qui dessert les salles d\u2019audiences. Je constate qu\u2019il y a 18 salles, mais que seuls 3- 4 sont occup\u00e9es. Les autres sont vides. Pourtant les audiences sont nombreuses dans le b\u00e2timents car l\u2019affiche du jour indique des num\u00e9ro 67, 72, 73\u2026 ou sont ces salles&nbsp;?<\/p>\n\n\n\n<figure class=\"wp-block-image size-large is-resized\"><img src=\"http:\/\/monika-karbowska-liberte-pour-julian-assange.ovh\/wp-content\/uploads\/2022\/03\/Assange-le-26.10-liste-636x1024.png\" alt=\"\" class=\"wp-image-2146\" height=\"700\" srcset=\"http:\/\/monika-karbowska-liberte-pour-julian-assange.ovh\/wp-content\/uploads\/2022\/03\/Assange-le-26.10-liste-636x1024.png 636w, http:\/\/monika-karbowska-liberte-pour-julian-assange.ovh\/wp-content\/uploads\/2022\/03\/Assange-le-26.10-liste-186x300.png 186w, http:\/\/monika-karbowska-liberte-pour-julian-assange.ovh\/wp-content\/uploads\/2022\/03\/Assange-le-26.10-liste-768x1236.png 768w, http:\/\/monika-karbowska-liberte-pour-julian-assange.ovh\/wp-content\/uploads\/2022\/03\/Assange-le-26.10-liste-954x1536.png 954w, http:\/\/monika-karbowska-liberte-pour-julian-assange.ovh\/wp-content\/uploads\/2022\/03\/Assange-le-26.10-liste.png 1080w\" sizes=\"(max-width: 636px) 100vw, 636px\" \/><figcaption>Site internet <a href=\"https:\/\/www.gov.uk\/government\/publications\/royal-courts-of-justice-cause-list\/royal-courts-of-justice-daily-cause-list\">Royal Courts of Justice daily cause list 10 March 2022 &#8211; GOV.UK (www.gov.uk)<\/a><\/figcaption><\/figure>\n\n\n\n<p>A 16h30 je constate qu\u2019effectivement une mise \u00e0 jour du site laisse apparaitre le <strong>\u00ab&nbsp;Case d\u00e9tails&nbsp;\u00bb CO\/150\/2021 the Governement of United States of America v. Assange&nbsp;\u00bb<\/strong> \u00e0 10h30. C\u2019est flou, mais c\u2019est bien l\u00e0, <strong>\u00ab&nbsp;court 4 et court 1&nbsp;\u00bb, avec un \u00ab&nbsp;overspill&nbsp;\u00bb.<\/strong> Je retrouve la \u00ab&nbsp;court 4&nbsp;\u00bb tout au fond du couloir de droite, la \u00ab&nbsp;court 1&nbsp;\u00bb doit \u00eatre sur le balcon. Le juge est <strong>\u00ab&nbsp;chief justice and Lord Justice Holroyde&nbsp;\u00bb.<\/strong> L\u2019intitul\u00e9 de l\u2019affaire Assange est d\u2019autant plus flou que les autres affaires sont intitul\u00e9es plus pr\u00e9cis\u00e9ment \u00ab<strong>Ms justice Julian Knowles: Kiesielewski versus Regional Court in Szczecin, Poland.<\/strong>\u00ab\u00a0<\/p>\n\n\n\n<figure class=\"wp-block-image size-large is-resized\"><img src=\"http:\/\/monika-karbowska-liberte-pour-julian-assange.ovh\/wp-content\/uploads\/2022\/03\/Capture-Polonais-cour-678x1024.png\" alt=\"\" class=\"wp-image-2147\" height=\"700\" srcset=\"http:\/\/monika-karbowska-liberte-pour-julian-assange.ovh\/wp-content\/uploads\/2022\/03\/Capture-Polonais-cour-678x1024.png 678w, http:\/\/monika-karbowska-liberte-pour-julian-assange.ovh\/wp-content\/uploads\/2022\/03\/Capture-Polonais-cour-199x300.png 199w, http:\/\/monika-karbowska-liberte-pour-julian-assange.ovh\/wp-content\/uploads\/2022\/03\/Capture-Polonais-cour-768x1161.png 768w, http:\/\/monika-karbowska-liberte-pour-julian-assange.ovh\/wp-content\/uploads\/2022\/03\/Capture-Polonais-cour-1016x1536.png 1016w, http:\/\/monika-karbowska-liberte-pour-julian-assange.ovh\/wp-content\/uploads\/2022\/03\/Capture-Polonais-cour.png 1074w\" sizes=\"(max-width: 678px) 100vw, 678px\" \/><figcaption>liste des audiences programm\u00e9es pour le 27 octobre 2921<\/figcaption><\/figure>\n\n\n\n<p>Lorsqu\u2019un citoyen polonais qui conteste son expulsion vers la ville de Szczecin o\u00f9 le juge le poursuit, <strong>l\u2019institution contre laquelle il se bat est mentionn\u00e9e en toutes lettres<\/strong>. Les d\u00e9m\u00eal\u00e9es judiciaires de citoyens de l\u2019est avec leurs propres pays suivies d\u2019une extradition par la Grande Bretagne sont de loin les plus nombreuses en ces lieux, comme \u00e0 la Westminster Court. Les Polonais, les Lettons, les Tch\u00e8ques les Hongrois, les Roumains contestent des jugements de tribunaux ou les d\u00e9cisions de procureur de de Szczecin, Buda, Zielona Gora, Cluj, Plzen\u2026.<a href=\"#_ftn1\">[1]<\/a> <\/p>\n\n\n\n<p>Assange est poursuivi <strong>par une entit\u00e9 fant\u00f4me<\/strong> qui s\u2019appelle bizarrement \u00ab&nbsp;governement&nbsp;\u00bb des <strong>Etats Unis alors que les Etats Unis ne sont ni unis ni un Etat et leur Constitution ne pr\u00e9voit qu\u2019un Congr\u00e8s et un pr\u00e9sident qui dirige une administration.<\/strong> De plus c\u2019est une cour de justice ou un procureur (attorney) qui est cens\u00e9 poursuivre Assange mais aucune autorit\u00e9 juridique n\u2019est mentionn\u00e9e par le tribunal administratif.<\/p>\n\n\n\n<p>Il y a aussi une autre version \u00ab&nbsp;the Queen on Application of (nom du citoyen) versus Secretary of State for justice\u00bb qui indique l\u2019appel du citoyen d\u2019une d\u00e9cision du Minist\u00e8re de la Justice, et l\u00e0 nous retrouvons des noms anglais. Toujours est il que seuls quelques affaires seront jug\u00e9s dans les salles 1 \u00e0 5, les autres sont ailleurs, peut \u00eatre dans les b\u00e2timents \u00e0 l\u2019arri\u00e8re de la nef n\u00e9ogothique.<\/p>\n\n\n\n<figure class=\"wp-block-image size-large is-resized\"><img src=\"http:\/\/monika-karbowska-liberte-pour-julian-assange.ovh\/wp-content\/uploads\/2022\/03\/affaires-anglaises-cour--648x1024.png\" alt=\"\" class=\"wp-image-2148\" height=\"700\" srcset=\"http:\/\/monika-karbowska-liberte-pour-julian-assange.ovh\/wp-content\/uploads\/2022\/03\/affaires-anglaises-cour--648x1024.png 648w, http:\/\/monika-karbowska-liberte-pour-julian-assange.ovh\/wp-content\/uploads\/2022\/03\/affaires-anglaises-cour--190x300.png 190w, http:\/\/monika-karbowska-liberte-pour-julian-assange.ovh\/wp-content\/uploads\/2022\/03\/affaires-anglaises-cour--768x1213.png 768w, http:\/\/monika-karbowska-liberte-pour-julian-assange.ovh\/wp-content\/uploads\/2022\/03\/affaires-anglaises-cour--972x1536.png 972w, http:\/\/monika-karbowska-liberte-pour-julian-assange.ovh\/wp-content\/uploads\/2022\/03\/affaires-anglaises-cour-.png 1061w\" sizes=\"(max-width: 648px) 100vw, 648px\" \/><\/figure>\n\n\n\n<p>Le juge <strong>Timothy Holroyde fait partie comme tous les juges d\u2019appel du \u00ab&nbsp;Privy Council&nbsp;\u00bb, le Conseil priv\u00e9e de la Reine<\/strong>. Mais il est aussi un homme qui donne des conf\u00e9rences dans des universit\u00e9 et apparait dans des livres et des romans sur les crimes ou il joue son propre r\u00f4le. Une certaine Claire Holroyde apparait aussi une romanci\u00e8re. Malgr\u00e9 une carri\u00e8re juridique commence en 1977 je ne retrouve sur lui que la trace d\u2019un proc\u00e8s d\u2019un sombre oligarque roumain l\u2019ann\u00e9e du covid<a href=\"#_ftn2\">[2]<\/a>.<\/p>\n\n\n\n<p>Je fais le tour de l\u2019immense complexe des Royal Courts of Justice pour constater qu\u2019il comporte au moins 6 entr\u00e9es. A l\u2019arri\u00e8re du b\u00e2timent historique des immeubles des ann\u00e9es 70 et 80 au style bunker lui sont accol\u00e9s. On peut acc\u00e9der \u00e0 cette partie moderne par l\u2019entr\u00e9e de la ruelle Bell Yard et par la rue Carey street. Ces cours de justice en fonction font face \u00e0 la London School of Economics par l\u2019impasse Clement\u2019s In et Grange Street. Le lendemain je ne pourrai h\u00e9las seule surveiller toutes ces issues. &nbsp;<\/p>\n\n\n\n<figure class=\"wp-block-image size-large\"><img loading=\"lazy\" width=\"1024\" height=\"768\" src=\"http:\/\/monika-karbowska-liberte-pour-julian-assange.ovh\/wp-content\/uploads\/2022\/03\/IMG_2241-1024x768.jpg\" alt=\"\" class=\"wp-image-2150\" srcset=\"http:\/\/monika-karbowska-liberte-pour-julian-assange.ovh\/wp-content\/uploads\/2022\/03\/IMG_2241-1024x768.jpg 1024w, http:\/\/monika-karbowska-liberte-pour-julian-assange.ovh\/wp-content\/uploads\/2022\/03\/IMG_2241-300x225.jpg 300w, http:\/\/monika-karbowska-liberte-pour-julian-assange.ovh\/wp-content\/uploads\/2022\/03\/IMG_2241-768x576.jpg 768w, http:\/\/monika-karbowska-liberte-pour-julian-assange.ovh\/wp-content\/uploads\/2022\/03\/IMG_2241-1536x1152.jpg 1536w, http:\/\/monika-karbowska-liberte-pour-julian-assange.ovh\/wp-content\/uploads\/2022\/03\/IMG_2241-2048x1536.jpg 2048w, http:\/\/monika-karbowska-liberte-pour-julian-assange.ovh\/wp-content\/uploads\/2022\/03\/IMG_2241-1568x1176.jpg 1568w\" sizes=\"(max-width: 1024px) 100vw, 1024px\" \/><figcaption>Carey Street, derri\u00e8re le tribunal<\/figcaption><\/figure>\n\n\n\n<figure class=\"wp-block-image size-large\"><img loading=\"lazy\" width=\"1024\" height=\"768\" src=\"http:\/\/monika-karbowska-liberte-pour-julian-assange.ovh\/wp-content\/uploads\/2022\/03\/IMG_2240-1024x768.jpg\" alt=\"\" class=\"wp-image-2151\" srcset=\"http:\/\/monika-karbowska-liberte-pour-julian-assange.ovh\/wp-content\/uploads\/2022\/03\/IMG_2240-1024x768.jpg 1024w, http:\/\/monika-karbowska-liberte-pour-julian-assange.ovh\/wp-content\/uploads\/2022\/03\/IMG_2240-300x225.jpg 300w, http:\/\/monika-karbowska-liberte-pour-julian-assange.ovh\/wp-content\/uploads\/2022\/03\/IMG_2240-768x576.jpg 768w, http:\/\/monika-karbowska-liberte-pour-julian-assange.ovh\/wp-content\/uploads\/2022\/03\/IMG_2240-1536x1152.jpg 1536w, http:\/\/monika-karbowska-liberte-pour-julian-assange.ovh\/wp-content\/uploads\/2022\/03\/IMG_2240-2048x1536.jpg 2048w, http:\/\/monika-karbowska-liberte-pour-julian-assange.ovh\/wp-content\/uploads\/2022\/03\/IMG_2240-1568x1176.jpg 1568w\" sizes=\"(max-width: 1024px) 100vw, 1024px\" \/><figcaption>Carey Street derri\u00e8re le tribunal<\/figcaption><\/figure>\n\n\n\n<hr class=\"wp-block-separator\"\/>\n\n\n\n<p><a href=\"#_ftnref1\">[1]<\/a> <a href=\"https:\/\/www.gov.uk\/government\/publications\/royal-courts-of-justice-cause-list\/royal-courts-of-justice-daily-cause-list\" data-type=\"URL\" data-id=\"https:\/\/www.gov.uk\/government\/publications\/royal-courts-of-justice-cause-list\/royal-courts-of-justice-daily-cause-list\">Royal Courts of Justice daily cause list 26 January 2022 &#8211; GOV.<\/a> <a href=\"https:\/\/www.gov.uk\/government\/publications\/royal-courts-of-justice-cause-list\/royal-courts-of-justice-daily-cause-list\">(www.gov.uk)<\/a><\/p>\n\n\n\n<p><a href=\"#_ftnref2\">[2]<\/a> <a href=\"https:\/\/en.wikipedia.org\/wiki\/Timothy_Holroyde\">&nbsp;Timothy Holroyde &#8211; Wikipedia<\/a><\/p>\n\n\n\n<p><a href=\"https:\/\/www.edgehill.ac.uk\/law\/2019\/11\/11\/guest-lecture-the-role-of-the-sentencing-council\/\">Guest Lecture &#8211; The Role of the Sentencing Council &#8211; Law &amp; Criminology (edgehill.ac.uk)<\/a><\/p>\n\n\n\n<p><a href=\"https:\/\/books.google.fr\/books?id=HOqOCgAAQBAJ&amp;pg=PT176&amp;lpg=PT176&amp;dq=judge+holroyde&amp;source=bl&amp;ots=2x9UwcRXhl&amp;sig=ACfU3U0h9zaod1Kd4-n_fHW9HoS7Z1CJ1Q&amp;hl=fr&amp;sa=X&amp;ved=2ahUKEwj3-LG28OjzAhVLCxoKHVX2A2sQ6AF6BAguEAM#v=onepage&amp;q=judge%20holroyde&amp;f=false\">Lifers: Inside the Minds of Britain&rsquo;s Most Notorious Criminals &#8211; Geoffrey Wansell &#8211; Google Livres<\/a><\/p>\n\n\n\n<p><a href=\"https:\/\/jusmundi.com\/fr\/document\/decision\/en-nova-group-investments-b-v-v-romania-judgment-of-the-high-court-of-justice-of-england-and-wales-extradition-appeal-2020-ewhc-2709-tuesday-20th-october-2020\">Nova Group v. Romania, Judgment of the High Court of Justice of England and Wales (Extradition Appeal) [2020] EWHC 2709, 20 oct. 2020 (jusmundi.com)<\/a><\/p>\n\n\n\n<p><a href=\"https:\/\/www.babelio.com\/livres\/Holroyde-La-comete\/1315969\">La com\u00e8te &#8211; Claire Holroyde &#8211; Babelio<\/a><\/p>\n\n\n\n<figure class=\"wp-block-image size-large is-resized\"><img src=\"http:\/\/monika-karbowska-liberte-pour-julian-assange.ovh\/wp-content\/uploads\/2022\/03\/Assange-dans-Royal-Courts-576x1024.jpg\" alt=\"\" class=\"wp-image-2153\" height=\"700\" srcset=\"http:\/\/monika-karbowska-liberte-pour-julian-assange.ovh\/wp-content\/uploads\/2022\/03\/Assange-dans-Royal-Courts-576x1024.jpg 576w, http:\/\/monika-karbowska-liberte-pour-julian-assange.ovh\/wp-content\/uploads\/2022\/03\/Assange-dans-Royal-Courts-169x300.jpg 169w, http:\/\/monika-karbowska-liberte-pour-julian-assange.ovh\/wp-content\/uploads\/2022\/03\/Assange-dans-Royal-Courts-768x1365.jpg 768w, http:\/\/monika-karbowska-liberte-pour-julian-assange.ovh\/wp-content\/uploads\/2022\/03\/Assange-dans-Royal-Courts-864x1536.jpg 864w, http:\/\/monika-karbowska-liberte-pour-julian-assange.ovh\/wp-content\/uploads\/2022\/03\/Assange-dans-Royal-Courts-1152x2048.jpg 1152w, http:\/\/monika-karbowska-liberte-pour-julian-assange.ovh\/wp-content\/uploads\/2022\/03\/Assange-dans-Royal-Courts-1568x2788.jpg 1568w, http:\/\/monika-karbowska-liberte-pour-julian-assange.ovh\/wp-content\/uploads\/2022\/03\/Assange-dans-Royal-Courts-scaled.jpg 1440w\" sizes=\"(max-width: 576px) 100vw, 576px\" \/><figcaption>Julian Assange, la feuille de l&rsquo;audience sur la porte de la salle 4. Photo prise le 30 octobre, elle y \u00e9tait encore<\/figcaption><\/figure>\n\n\n\n<p class=\"has-large-font-size\"><strong><em>Les mensonges de Stella Moris, ceux de Tracy Ward et les biens de la famille Beaufort<\/em><\/strong><\/p>\n\n\n\n<p>Une fois mon analyse faite, je prends le m\u00e9tro jusqu\u2019\u00e0 Knightsbridge. Le but est v\u00e9rifier les dires Stella Moris Smith Robertson qui affirme dans un t\u00e9moignage actuellement publi\u00e9 dans les m\u00e9dias<a href=\"#_ftn1\">[1]<\/a> qu\u2019elle habite au \u00ab&nbsp;domicile londonien&nbsp;\u00bb de la <strong>baronne Tracy Ward Sommerset, ancienne actrice, duchesse de Beaufort, \u00e9pouse de Henry Somerset, marquis de Worcester 12<sup>\u00e8me<\/sup> Duc de Beaufort<\/strong>. <\/p>\n\n\n\n<figure class=\"wp-block-image size-large\"><img loading=\"lazy\" width=\"1024\" height=\"589\" src=\"http:\/\/monika-karbowska-liberte-pour-julian-assange.ovh\/wp-content\/uploads\/2022\/03\/Moris-suisse-et-tracy-ward-1024x589.png\" alt=\"\" class=\"wp-image-2173\" srcset=\"http:\/\/monika-karbowska-liberte-pour-julian-assange.ovh\/wp-content\/uploads\/2022\/03\/Moris-suisse-et-tracy-ward-1024x589.png 1024w, http:\/\/monika-karbowska-liberte-pour-julian-assange.ovh\/wp-content\/uploads\/2022\/03\/Moris-suisse-et-tracy-ward-300x173.png 300w, http:\/\/monika-karbowska-liberte-pour-julian-assange.ovh\/wp-content\/uploads\/2022\/03\/Moris-suisse-et-tracy-ward-768x442.png 768w, http:\/\/monika-karbowska-liberte-pour-julian-assange.ovh\/wp-content\/uploads\/2022\/03\/Moris-suisse-et-tracy-ward-1536x884.png 1536w, http:\/\/monika-karbowska-liberte-pour-julian-assange.ovh\/wp-content\/uploads\/2022\/03\/Moris-suisse-et-tracy-ward-1568x903.png 1568w, http:\/\/monika-karbowska-liberte-pour-julian-assange.ovh\/wp-content\/uploads\/2022\/03\/Moris-suisse-et-tracy-ward.png 1713w\" sizes=\"(max-width: 1024px) 100vw, 1024px\" \/><figcaption>Stella Morris et Tracy Ward Worcester dans un m\u00e9dias suisse<\/figcaption><\/figure>\n\n\n\n<figure class=\"wp-block-image size-large\"><img loading=\"lazy\" width=\"1024\" height=\"555\" src=\"http:\/\/monika-karbowska-liberte-pour-julian-assange.ovh\/wp-content\/uploads\/2022\/03\/tracy-ward-assange-1024x555.png\" alt=\"\" class=\"wp-image-2174\" srcset=\"http:\/\/monika-karbowska-liberte-pour-julian-assange.ovh\/wp-content\/uploads\/2022\/03\/tracy-ward-assange-1024x555.png 1024w, http:\/\/monika-karbowska-liberte-pour-julian-assange.ovh\/wp-content\/uploads\/2022\/03\/tracy-ward-assange-300x163.png 300w, http:\/\/monika-karbowska-liberte-pour-julian-assange.ovh\/wp-content\/uploads\/2022\/03\/tracy-ward-assange-768x416.png 768w, http:\/\/monika-karbowska-liberte-pour-julian-assange.ovh\/wp-content\/uploads\/2022\/03\/tracy-ward-assange-1536x833.png 1536w, http:\/\/monika-karbowska-liberte-pour-julian-assange.ovh\/wp-content\/uploads\/2022\/03\/tracy-ward-assange-1568x850.png 1568w, http:\/\/monika-karbowska-liberte-pour-julian-assange.ovh\/wp-content\/uploads\/2022\/03\/tracy-ward-assange.png 1780w\" sizes=\"(max-width: 1024px) 100vw, 1024px\" \/><figcaption>Stella Morris, Tracy Ward et Assange dans \u00ab\u00a0The Autralian\u00a0\u00bb<\/figcaption><\/figure>\n\n\n\n<figure class=\"wp-block-image size-large\"><img loading=\"lazy\" width=\"1024\" height=\"556\" src=\"http:\/\/monika-karbowska-liberte-pour-julian-assange.ovh\/wp-content\/uploads\/2022\/03\/Tracy-Assange-Fitzgerald-1024x556.png\" alt=\"\" class=\"wp-image-2175\" srcset=\"http:\/\/monika-karbowska-liberte-pour-julian-assange.ovh\/wp-content\/uploads\/2022\/03\/Tracy-Assange-Fitzgerald-1024x556.png 1024w, http:\/\/monika-karbowska-liberte-pour-julian-assange.ovh\/wp-content\/uploads\/2022\/03\/Tracy-Assange-Fitzgerald-300x163.png 300w, http:\/\/monika-karbowska-liberte-pour-julian-assange.ovh\/wp-content\/uploads\/2022\/03\/Tracy-Assange-Fitzgerald-768x417.png 768w, http:\/\/monika-karbowska-liberte-pour-julian-assange.ovh\/wp-content\/uploads\/2022\/03\/Tracy-Assange-Fitzgerald-1536x834.png 1536w, http:\/\/monika-karbowska-liberte-pour-julian-assange.ovh\/wp-content\/uploads\/2022\/03\/Tracy-Assange-Fitzgerald-1568x852.png 1568w, http:\/\/monika-karbowska-liberte-pour-julian-assange.ovh\/wp-content\/uploads\/2022\/03\/Tracy-Assange-Fitzgerald.png 1799w\" sizes=\"(max-width: 1024px) 100vw, 1024px\" \/><figcaption>Storytelling m\u00e9diatique Assange, Fitzgerald et Tracy Ward<\/figcaption><\/figure>\n\n\n\n<p>Comme Moris Smith Robertson d\u00e9clare que Julian Assange habitera s\u2019il est lib\u00e9r\u00e9 sous caution avec elle dans cette maison ou avec John Shipton \u00e9galement h\u00e9berg\u00e9 par Tracy dans la propri\u00e9t\u00e9 de celle ci du Gloucestershire, il est important de v\u00e9rifier si cette information est plausible ou peut \u00eatre fausse<a href=\"#_ftn2\">[2]<\/a>.<\/p>\n\n\n\n<figure class=\"wp-block-image size-large\"><img loading=\"lazy\" width=\"1024\" height=\"520\" src=\"http:\/\/monika-karbowska-liberte-pour-julian-assange.ovh\/wp-content\/uploads\/2022\/03\/Stella-Moris-tracy-ward--1024x520.png\" alt=\"\" class=\"wp-image-2177\" srcset=\"http:\/\/monika-karbowska-liberte-pour-julian-assange.ovh\/wp-content\/uploads\/2022\/03\/Stella-Moris-tracy-ward--1024x520.png 1024w, http:\/\/monika-karbowska-liberte-pour-julian-assange.ovh\/wp-content\/uploads\/2022\/03\/Stella-Moris-tracy-ward--300x152.png 300w, http:\/\/monika-karbowska-liberte-pour-julian-assange.ovh\/wp-content\/uploads\/2022\/03\/Stella-Moris-tracy-ward--768x390.png 768w, http:\/\/monika-karbowska-liberte-pour-julian-assange.ovh\/wp-content\/uploads\/2022\/03\/Stella-Moris-tracy-ward--1536x780.png 1536w, http:\/\/monika-karbowska-liberte-pour-julian-assange.ovh\/wp-content\/uploads\/2022\/03\/Stella-Moris-tracy-ward--1568x797.png 1568w, http:\/\/monika-karbowska-liberte-pour-julian-assange.ovh\/wp-content\/uploads\/2022\/03\/Stella-Moris-tracy-ward-.png 1878w\" sizes=\"(max-width: 1024px) 100vw, 1024px\" \/><figcaption>T\u00e9moignage suppos\u00e9 de Stella Morris sur Assange, Tracy Ward et son domicile londonien, le 24 mars 2020<\/figcaption><\/figure>\n\n\n\n<figure class=\"wp-block-image size-large\"><img loading=\"lazy\" width=\"1024\" height=\"508\" src=\"http:\/\/monika-karbowska-liberte-pour-julian-assange.ovh\/wp-content\/uploads\/2022\/03\/Stella-Moris-tracy-ward-2--1024x508.png\" alt=\"\" class=\"wp-image-2178\" srcset=\"http:\/\/monika-karbowska-liberte-pour-julian-assange.ovh\/wp-content\/uploads\/2022\/03\/Stella-Moris-tracy-ward-2--1024x508.png 1024w, http:\/\/monika-karbowska-liberte-pour-julian-assange.ovh\/wp-content\/uploads\/2022\/03\/Stella-Moris-tracy-ward-2--300x149.png 300w, http:\/\/monika-karbowska-liberte-pour-julian-assange.ovh\/wp-content\/uploads\/2022\/03\/Stella-Moris-tracy-ward-2--768x381.png 768w, http:\/\/monika-karbowska-liberte-pour-julian-assange.ovh\/wp-content\/uploads\/2022\/03\/Stella-Moris-tracy-ward-2--1536x762.png 1536w, http:\/\/monika-karbowska-liberte-pour-julian-assange.ovh\/wp-content\/uploads\/2022\/03\/Stella-Moris-tracy-ward-2--1568x778.png 1568w, http:\/\/monika-karbowska-liberte-pour-julian-assange.ovh\/wp-content\/uploads\/2022\/03\/Stella-Moris-tracy-ward-2-.png 1895w\" sizes=\"(max-width: 1024px) 100vw, 1024px\" \/><figcaption>Une signature de Stella Morris (son pseudonyme!) en tant que t\u00e9moin<\/figcaption><\/figure>\n\n\n\n<p> Or, les m\u00e9dias ne se privent pas de donner l\u2019adresse des Sommerset-Worcester, le 28 Halsey Street, associ\u00e9e \u00e0 son ONG de d\u00e9veloppement durable, <strong>Farms not factories<\/strong> et de la fameuse propri\u00e9t\u00e9 du Gloucestershire, Badminton<a href=\"#_ftn3\">[3]<\/a>.<\/p>\n\n\n\n<p>Il se trouve que <strong>Halsey Street se trouve dans un sympathique quartier d\u2019\u00e9l\u00e9gantes petites maisons derri\u00e8re le Harrod\u2019s. <\/strong>Pour y aller je passe donc devant le Harrods qui jouxte l\u2019immeuble du 3 Hans Crescent Street o\u00f9 se trouvait le local appartenant \u00e0 l\u2019Etat de l\u2019Equateur dans lequel Julian Assange est cens\u00e9 avoir \u00e9t\u00e9 captif pendant 7 ans, du 19 juin 2012 au 11 avril 2019. J\u2019ai maintes fois dans ce blog <strong>d\u00e9construit le storytelling impossible de ce qui n\u2019est pas une \u00ab&nbsp;ambassade&nbsp;\u00bb, photos \u00e0 l&rsquo;appui<\/strong><a href=\"#_ftn4\">[4]<\/a>. Aujourd\u2019hui je suis curieuse de voir ce qui s\u2019y trouve. <\/p>\n\n\n\n<p>En longeant le Harrod\u2019s illumin\u00e9, je constate dans la foule qui se presse vers les luxueuses limousines gar\u00e9es devant l\u2019entr\u00e9e la pr\u00e9sence de plusieurs familles fran\u00e7aises. Les riches Fran\u00e7ais ont donc aussi d\u00e9sert\u00e9 leur patrie sous le joug de la dicature covidienne et pr\u00e9f\u00e8rent faire leurs emplettes de luxe sans masque dans Londres la Libre&nbsp;!<\/p>\n\n\n\n<figure class=\"wp-block-image size-large is-resized\"><img src=\"http:\/\/monika-karbowska-liberte-pour-julian-assange.ovh\/wp-content\/uploads\/2022\/03\/IMG_2269-768x1024.jpg\" alt=\"\" class=\"wp-image-2181\" height=\"700\" srcset=\"http:\/\/monika-karbowska-liberte-pour-julian-assange.ovh\/wp-content\/uploads\/2022\/03\/IMG_2269-768x1024.jpg 768w, http:\/\/monika-karbowska-liberte-pour-julian-assange.ovh\/wp-content\/uploads\/2022\/03\/IMG_2269-225x300.jpg 225w, http:\/\/monika-karbowska-liberte-pour-julian-assange.ovh\/wp-content\/uploads\/2022\/03\/IMG_2269-1152x1536.jpg 1152w, http:\/\/monika-karbowska-liberte-pour-julian-assange.ovh\/wp-content\/uploads\/2022\/03\/IMG_2269-1536x2048.jpg 1536w, http:\/\/monika-karbowska-liberte-pour-julian-assange.ovh\/wp-content\/uploads\/2022\/03\/IMG_2269-1568x2091.jpg 1568w, http:\/\/monika-karbowska-liberte-pour-julian-assange.ovh\/wp-content\/uploads\/2022\/03\/IMG_2269-scaled.jpg 1920w\" sizes=\"(max-width: 768px) 100vw, 768px\" \/><figcaption>Harrods en face du 3 Hans Crescent Street , le 26 octobre 2021<\/figcaption><\/figure>\n\n\n\n<p>Surprise, d\u00e9bout \u00e0 l\u2019angle de Basil et de Hans Crescent Street, je vois que le local \u00e9quatorien au premier \u00e9tage est tout illumin\u00e9 aussi. Tout indique qu\u2019une r\u00e9ception ou une r\u00e9union y ont lieu. Une belle Mercedes noire immatricul\u00e9e Corps Diplomatique est gar\u00e9e devant l\u2019entr\u00e9e. Des personnes sortent de l\u2019immeuble et montent dans la voiture. La veille du \u00ab&nbsp;proc\u00e8s&nbsp;\u00bb de Julian Assange l\u2019Equateur est en effervescence \u00e0 Londres. L\u2019appartement accueille-t-il \u00e0 nouveau Rapha\u00ebl Correa, l\u2019ancien pr\u00e9sident qui vient de participer \u00e0 Bruxelles \u00e0 un d\u00e9bat sur Julian Assange&nbsp;?<\/p>\n\n\n\n<figure class=\"wp-block-video\"><video controls src=\"http:\/\/monika-karbowska-liberte-pour-julian-assange.ovh\/wp-content\/uploads\/2022\/03\/ambasada.mov\"><\/video><figcaption>Hans Crescent Street 3, le 26 octobre 2021 vers 18h30 heures<\/figcaption><\/figure>\n\n\n\n<p>Il fait nuit lorsque je me retrouve quelques centaines de m\u00e8tres plus loin dans la rue Halsey devant l\u2019\u00e9troit immeuble d\u2019un \u00e9tage et de deux fen\u00eatres et la photo que je fais est floue. <strong>Il est vide et d\u00e9sert, aucune lumi\u00e8re n\u2019est allum\u00e9e et surtout une grande palissade barre la porte<\/strong> d\u2019entr\u00e9e et le rez-de-chauss\u00e9e. La maison de Tracy Ward Somerset ou Stella Smith Robertson dit \u00eatre h\u00e9berg\u00e9e est en travaux. <strong>Il n\u2019y a non plus aucune trace d\u2019une boite aux lettres indiquant la pr\u00e9sence de bureaux de l\u2019association de Tracy Ward Farms not Factories.<\/strong><\/p>\n\n\n\n<p><strong>Si Julian Assange devait sortir libre demain il n\u2019irait donc certainement pas habiter ici.<\/strong> Ceci est d\u2019autant plus improbable que Henry Fitzroy Somerset 12<sup>\u00e8me<\/sup> duc de Beaufort a divorc\u00e9 en 2018 de Tracy Ward et que le cadastre indique clairement <strong>que c\u2019est lui seul qui est propri\u00e9taire de cette parcelle aujourd\u2019hui<\/strong>.<\/p>\n\n\n\n<figure class=\"wp-block-image size-large\"><img loading=\"lazy\" width=\"1024\" height=\"488\" src=\"http:\/\/monika-karbowska-liberte-pour-julian-assange.ovh\/wp-content\/uploads\/2022\/03\/John-Fitzroy-sommerset-Halsey-Street-28-1024x488.png\" alt=\"\" class=\"wp-image-2184\" srcset=\"http:\/\/monika-karbowska-liberte-pour-julian-assange.ovh\/wp-content\/uploads\/2022\/03\/John-Fitzroy-sommerset-Halsey-Street-28-1024x488.png 1024w, http:\/\/monika-karbowska-liberte-pour-julian-assange.ovh\/wp-content\/uploads\/2022\/03\/John-Fitzroy-sommerset-Halsey-Street-28-300x143.png 300w, http:\/\/monika-karbowska-liberte-pour-julian-assange.ovh\/wp-content\/uploads\/2022\/03\/John-Fitzroy-sommerset-Halsey-Street-28-768x366.png 768w, http:\/\/monika-karbowska-liberte-pour-julian-assange.ovh\/wp-content\/uploads\/2022\/03\/John-Fitzroy-sommerset-Halsey-Street-28-1536x732.png 1536w, http:\/\/monika-karbowska-liberte-pour-julian-assange.ovh\/wp-content\/uploads\/2022\/03\/John-Fitzroy-sommerset-Halsey-Street-28-1568x748.png 1568w, http:\/\/monika-karbowska-liberte-pour-julian-assange.ovh\/wp-content\/uploads\/2022\/03\/John-Fitzroy-sommerset-Halsey-Street-28.png 1879w\" sizes=\"(max-width: 1024px) 100vw, 1024px\" \/><figcaption>Cadastre du 28 Halsey Street<\/figcaption><\/figure>\n\n\n\n<p>En ce qui concerne la propri\u00e9t\u00e9 de Badminton, l\u2019ancien mari de Tracy Ward n\u2019en est m\u00eame pas propri\u00e9taire aujourd\u2019hui puisque le cadastre actuel indique que le seul propri\u00e9taire est<strong> David Robert Somerset 11<sup>\u00e8me<\/sup> Duc de Beaufort. <\/strong>Le duc est d\u00e9c\u00e9d\u00e9 en ao\u00fbt 2017 et Tracy Ward a partag\u00e9 avec la presse <strong>son espoir d\u2019h\u00e9riter du bien de son beau-p\u00e8re<\/strong><a href=\"#_ftn5\">[5]<\/a>. <\/p>\n\n\n\n<figure class=\"wp-block-image size-large\"><img loading=\"lazy\" width=\"1024\" height=\"576\" src=\"http:\/\/monika-karbowska-liberte-pour-julian-assange.ovh\/wp-content\/uploads\/2022\/03\/Badminton-Somerset-1024x576.png\" alt=\"\" class=\"wp-image-2185\" srcset=\"http:\/\/monika-karbowska-liberte-pour-julian-assange.ovh\/wp-content\/uploads\/2022\/03\/Badminton-Somerset-1024x576.png 1024w, http:\/\/monika-karbowska-liberte-pour-julian-assange.ovh\/wp-content\/uploads\/2022\/03\/Badminton-Somerset-300x169.png 300w, http:\/\/monika-karbowska-liberte-pour-julian-assange.ovh\/wp-content\/uploads\/2022\/03\/Badminton-Somerset-768x432.png 768w, http:\/\/monika-karbowska-liberte-pour-julian-assange.ovh\/wp-content\/uploads\/2022\/03\/Badminton-Somerset-1536x864.png 1536w, http:\/\/monika-karbowska-liberte-pour-julian-assange.ovh\/wp-content\/uploads\/2022\/03\/Badminton-Somerset-1568x882.png 1568w, http:\/\/monika-karbowska-liberte-pour-julian-assange.ovh\/wp-content\/uploads\/2022\/03\/Badminton-Somerset.png 1920w\" sizes=\"(max-width: 1024px) 100vw, 1024px\" \/><figcaption>Cadastre du chateau de Badminton<\/figcaption><\/figure>\n\n\n\n<p>La succession n\u2019est visiblement pas r\u00e9gl\u00e9e \u00e0 ce jour. Cependant, c\u2019est un abus \u00e9vident de sa <strong>part que de se pr\u00e9senter actuellement comme chatelaine de Badminton et duchesse de Beaufort,<\/strong> puisque seuls les enfants du vieux duc h\u00e9riteront de la propri\u00e9t\u00e9 et en second lieu seulement les enfants que cette femme a pu avoir avec son ancien mari, Henri Somerset fils de David.<\/p>\n\n\n\n<figure class=\"wp-block-image size-large\"><img loading=\"lazy\" width=\"1024\" height=\"576\" src=\"http:\/\/monika-karbowska-liberte-pour-julian-assange.ovh\/wp-content\/uploads\/2022\/03\/Tracy-ward-veut-etre-duchesse-mais-ny-arrive-pas-1024x576.png\" alt=\"\" class=\"wp-image-2186\" srcset=\"http:\/\/monika-karbowska-liberte-pour-julian-assange.ovh\/wp-content\/uploads\/2022\/03\/Tracy-ward-veut-etre-duchesse-mais-ny-arrive-pas-1024x576.png 1024w, http:\/\/monika-karbowska-liberte-pour-julian-assange.ovh\/wp-content\/uploads\/2022\/03\/Tracy-ward-veut-etre-duchesse-mais-ny-arrive-pas-300x169.png 300w, http:\/\/monika-karbowska-liberte-pour-julian-assange.ovh\/wp-content\/uploads\/2022\/03\/Tracy-ward-veut-etre-duchesse-mais-ny-arrive-pas-768x432.png 768w, http:\/\/monika-karbowska-liberte-pour-julian-assange.ovh\/wp-content\/uploads\/2022\/03\/Tracy-ward-veut-etre-duchesse-mais-ny-arrive-pas-1536x864.png 1536w, http:\/\/monika-karbowska-liberte-pour-julian-assange.ovh\/wp-content\/uploads\/2022\/03\/Tracy-ward-veut-etre-duchesse-mais-ny-arrive-pas-1568x882.png 1568w, http:\/\/monika-karbowska-liberte-pour-julian-assange.ovh\/wp-content\/uploads\/2022\/03\/Tracy-ward-veut-etre-duchesse-mais-ny-arrive-pas.png 1920w\" sizes=\"(max-width: 1024px) 100vw, 1024px\" \/><figcaption>Tracy Ward voudrait \u00eatre duchesse Beaufort mais ne l&rsquo;est plus<\/figcaption><\/figure>\n\n\n\n<figure class=\"wp-block-image size-large is-resized\"><img src=\"http:\/\/monika-karbowska-liberte-pour-julian-assange.ovh\/wp-content\/uploads\/2022\/03\/11th_Duke_of_Beaufort-1.jpg\" alt=\"\" class=\"wp-image-2187\" height=\"700\" srcset=\"http:\/\/monika-karbowska-liberte-pour-julian-assange.ovh\/wp-content\/uploads\/2022\/03\/11th_Duke_of_Beaufort-1.jpg 997w, http:\/\/monika-karbowska-liberte-pour-julian-assange.ovh\/wp-content\/uploads\/2022\/03\/11th_Duke_of_Beaufort-1-300x300.jpg 300w, http:\/\/monika-karbowska-liberte-pour-julian-assange.ovh\/wp-content\/uploads\/2022\/03\/11th_Duke_of_Beaufort-1-150x150.jpg 150w, http:\/\/monika-karbowska-liberte-pour-julian-assange.ovh\/wp-content\/uploads\/2022\/03\/11th_Duke_of_Beaufort-1-768x765.jpg 768w\" sizes=\"(max-width: 997px) 100vw, 997px\" \/><figcaption>David Sommerset, 11 duc de Beaufort, d\u00e9c\u00e9d\u00e9 en 2017 mais toujours propri\u00e9taire du chateau de Badminton<\/figcaption><\/figure>\n\n\n\n<p>Stella Moris Smith Robertson a beau insister sur le soutien<a href=\"#_ftn6\">[6]<\/a> et <strong>les liens proches avec Tracy Ward qu\u2019elle pr\u00e9sente comme la marraine de ses enfants pr\u00e9tendument con\u00e7us avec Julian Assange<\/strong>, il n\u2019y a visiblement aucune relation entre elle et les ducs de Beaufort David le p\u00e8re, Henry et Edward ses fils, propri\u00e9taire des fiefs de Beaufort<a href=\"#_ftn7\">[7]<\/a>. <strong>Mais Julian Assange a-t-il lui un lien avec l\u2019aristocratie britannique, cette famille l\u00e0 ou une autr<\/strong>e&nbsp;? La question reste ouverte.<\/p>\n\n\n\n<figure class=\"wp-block-image size-large\"><img loading=\"lazy\" width=\"306\" height=\"423\" src=\"http:\/\/monika-karbowska-liberte-pour-julian-assange.ovh\/wp-content\/uploads\/2022\/03\/article-2198072-003FCCE500000258-367_306x423.jpg\" alt=\"\" class=\"wp-image-2188\" srcset=\"http:\/\/monika-karbowska-liberte-pour-julian-assange.ovh\/wp-content\/uploads\/2022\/03\/article-2198072-003FCCE500000258-367_306x423.jpg 306w, http:\/\/monika-karbowska-liberte-pour-julian-assange.ovh\/wp-content\/uploads\/2022\/03\/article-2198072-003FCCE500000258-367_306x423-217x300.jpg 217w\" sizes=\"(max-width: 306px) 100vw, 306px\" \/><figcaption>Tracy Ward ancienne \u00e9pouse de Henry Somerset 12\u00e8me duc de Beaufort<\/figcaption><\/figure>\n\n\n\n<figure class=\"wp-block-image size-large\"><img loading=\"lazy\" width=\"190\" height=\"265\" src=\"http:\/\/monika-karbowska-liberte-pour-julian-assange.ovh\/wp-content\/uploads\/2022\/03\/Bunter-Worcester.jpg\" alt=\"\" class=\"wp-image-2189\"\/><figcaption>Henry Fitzroy Somerset 12\u00e8me Duc de Beaufort, propri\u00e9taire de 28 Halsey Street et h\u00e9ritier l\u00e9gal du Chateau de Badminton<\/figcaption><\/figure>\n\n\n\n<figure class=\"wp-block-image size-large is-resized\"><img src=\"http:\/\/monika-karbowska-liberte-pour-julian-assange.ovh\/wp-content\/uploads\/2022\/03\/article-2553241-1B3E56E300000578-871_634x900.jpg\" alt=\"\" class=\"wp-image-2190\" height=\"700\" srcset=\"http:\/\/monika-karbowska-liberte-pour-julian-assange.ovh\/wp-content\/uploads\/2022\/03\/article-2553241-1B3E56E300000578-871_634x900.jpg 634w, http:\/\/monika-karbowska-liberte-pour-julian-assange.ovh\/wp-content\/uploads\/2022\/03\/article-2553241-1B3E56E300000578-871_634x900-211x300.jpg 211w\" sizes=\"(max-width: 634px) 100vw, 634px\" \/><figcaption>Edward Sommerset, deuxi\u00e8me fis de David, 11\u00e8me duc de Beaufort et h\u00e9ritier l\u00e9gal du Chateau de Badminton, ici lors d&rsquo;un proc\u00e8s ou il est accus\u00e9 d&rsquo;usage de drogue et de violences conjugales<\/figcaption><\/figure>\n\n\n\n<p>La structure <strong>\u00ab\u00a0Farms not factories<\/strong>\u00a0\u00bb dont l\u2019objectif est de lutter contre l\u2019\u00e9velage industriel et la souverainet\u00e9 alimentaire a son si\u00e8ge au <strong>28 Halsey Street. Tracy Ward Worcester est cr\u00e9dit\u00e9e d\u2019\u00eatre sa directrice<\/strong><a href=\"#_ftn8\">[8]<\/a>. <\/p>\n\n\n\n<figure class=\"wp-block-image size-large\"><img loading=\"lazy\" width=\"1024\" height=\"576\" src=\"http:\/\/monika-karbowska-liberte-pour-julian-assange.ovh\/wp-content\/uploads\/2022\/03\/Farms-not-factories-photo-1024x576.png\" alt=\"\" class=\"wp-image-2193\" srcset=\"http:\/\/monika-karbowska-liberte-pour-julian-assange.ovh\/wp-content\/uploads\/2022\/03\/Farms-not-factories-photo-1024x576.png 1024w, http:\/\/monika-karbowska-liberte-pour-julian-assange.ovh\/wp-content\/uploads\/2022\/03\/Farms-not-factories-photo-300x169.png 300w, http:\/\/monika-karbowska-liberte-pour-julian-assange.ovh\/wp-content\/uploads\/2022\/03\/Farms-not-factories-photo-768x432.png 768w, http:\/\/monika-karbowska-liberte-pour-julian-assange.ovh\/wp-content\/uploads\/2022\/03\/Farms-not-factories-photo-1536x864.png 1536w, http:\/\/monika-karbowska-liberte-pour-julian-assange.ovh\/wp-content\/uploads\/2022\/03\/Farms-not-factories-photo-1568x882.png 1568w, http:\/\/monika-karbowska-liberte-pour-julian-assange.ovh\/wp-content\/uploads\/2022\/03\/Farms-not-factories-photo.png 1920w\" sizes=\"(max-width: 1024px) 100vw, 1024px\" \/><\/figure>\n\n\n\n<p>Une rapide analyse des documents officiels d\u00e9pos\u00e9s sur le site Beta Companies nous apprend n\u00e9anmoins que si le si\u00e8ge de l\u2019entreprise est en 2020 effectivement officiellement au 28 Halsey Street \u00e0 Londres, donc dans la propri\u00e9t\u00e9 de Henry Somerset marquis de Worcester et 12<sup>\u00e8me<\/sup> Duc de Beaufort, et ce malgr\u00e9 qu\u2019aucune trace de bureau ne soit visible ni sur la boite aux lettres ni \u00e0 l\u2019\u0153il nu, <strong>Madame Tracy Ward n\u2019en est pas la directrice, mais M. Alastair Thomas Nelson Kenneil<\/strong> au moment de l\u2019ouverture de l\u2019entreprise le 27 mars 2020.<\/p>\n\n\n\n<p>En juin 2020 MM. Ian Worrall et Neil Lodge sont appoint\u00e9s comme Directeurs de l\u2019entreprise Farms not Factories. Un m\u00e9morandum du 9 juillet 2020 transforme m\u00eame l\u2019entreprise en \u00ab&nbsp;charity&nbsp;\u00bb c\u2019est-\u00e0-dire en association \u00e0 but non lucratif<a href=\"#_ftn9\">[9]<\/a>. <\/p>\n\n\n\n<figure class=\"wp-block-image size-large\"><img loading=\"lazy\" width=\"1024\" height=\"576\" src=\"http:\/\/monika-karbowska-liberte-pour-julian-assange.ovh\/wp-content\/uploads\/2022\/03\/Farms-not-factories-charity-1024x576.png\" alt=\"\" class=\"wp-image-2194\" srcset=\"http:\/\/monika-karbowska-liberte-pour-julian-assange.ovh\/wp-content\/uploads\/2022\/03\/Farms-not-factories-charity-1024x576.png 1024w, http:\/\/monika-karbowska-liberte-pour-julian-assange.ovh\/wp-content\/uploads\/2022\/03\/Farms-not-factories-charity-300x169.png 300w, http:\/\/monika-karbowska-liberte-pour-julian-assange.ovh\/wp-content\/uploads\/2022\/03\/Farms-not-factories-charity-768x432.png 768w, http:\/\/monika-karbowska-liberte-pour-julian-assange.ovh\/wp-content\/uploads\/2022\/03\/Farms-not-factories-charity-1536x864.png 1536w, http:\/\/monika-karbowska-liberte-pour-julian-assange.ovh\/wp-content\/uploads\/2022\/03\/Farms-not-factories-charity-1568x882.png 1568w, http:\/\/monika-karbowska-liberte-pour-julian-assange.ovh\/wp-content\/uploads\/2022\/03\/Farms-not-factories-charity.png 1920w\" sizes=\"(max-width: 1024px) 100vw, 1024px\" \/><\/figure>\n\n\n\n<p>Un compte rendu d\u2019Assembl\u00e9e G\u00e9n\u00e9rale est m\u00eame disponible pour le 8 juillet 2020, il est sign\u00e9 A. Kenneil, et mentionne la pr\u00e9sence de Ian Worrall et de Neil Lodge, <strong>Madame Tracy Ward Worcester en est absente. La r\u00e9union se tient \u00e0 l\u2019adresse \u00ab&nbsp;the Cottage&nbsp;\u00bb \u00e0 Badminton<\/strong>. Ce lieu devient l\u2019adresse officielle de la structure le 28 mars 2021.<a href=\"#_ftn10\">[10]<\/a> Le premier bilan financier de Farms not Factories date de mars 2021 et est de Zero Livres.<\/p>\n\n\n\n<figure class=\"wp-block-image size-large\"><img loading=\"lazy\" width=\"1024\" height=\"576\" src=\"http:\/\/monika-karbowska-liberte-pour-julian-assange.ovh\/wp-content\/uploads\/2022\/03\/Farms-not-factories-the-cottage-1024x576.png\" alt=\"\" class=\"wp-image-2198\" srcset=\"http:\/\/monika-karbowska-liberte-pour-julian-assange.ovh\/wp-content\/uploads\/2022\/03\/Farms-not-factories-the-cottage-1024x576.png 1024w, http:\/\/monika-karbowska-liberte-pour-julian-assange.ovh\/wp-content\/uploads\/2022\/03\/Farms-not-factories-the-cottage-300x169.png 300w, http:\/\/monika-karbowska-liberte-pour-julian-assange.ovh\/wp-content\/uploads\/2022\/03\/Farms-not-factories-the-cottage-768x432.png 768w, http:\/\/monika-karbowska-liberte-pour-julian-assange.ovh\/wp-content\/uploads\/2022\/03\/Farms-not-factories-the-cottage-1536x864.png 1536w, http:\/\/monika-karbowska-liberte-pour-julian-assange.ovh\/wp-content\/uploads\/2022\/03\/Farms-not-factories-the-cottage-1568x882.png 1568w, http:\/\/monika-karbowska-liberte-pour-julian-assange.ovh\/wp-content\/uploads\/2022\/03\/Farms-not-factories-the-cottage.png 1920w\" sizes=\"(max-width: 1024px) 100vw, 1024px\" \/><\/figure>\n\n\n\n<p>Pourquoi Madame Ward se <strong>cr\u00e9dite-t-elle elle-m\u00eame d\u2019un poste qu\u2019officiellement elle n\u2019occupe pas&nbsp;?<\/strong> Pourquoi utilise-t-elle le nom de \u00ab&nbsp;Worcester&nbsp;\u00bb (et donc du titre de marquise, Marchioness), qui est partie int\u00e9grante du nom de famille de son ancien mari, alors qu\u2019elle est divorc\u00e9e depuis 2018&nbsp;?<\/p>\n\n\n\n<p>Pourquoi Monsieur Henri Somerset marquis de Worcester n\u2019apparait pas dans ces montages juridiques alors <strong>qu\u2019il est tout de m\u00eame propri\u00e9taire de la maison du 28 Halsey Street,<\/strong> premier si\u00e8ge officiel de la structure de Madame Ward et \u00e9galement du nom et du titre de noblesse \u00ab&nbsp;marquis de Worcester&nbsp;\u00bb que Madame Ward utilise tr\u00e8s fr\u00e9quemment dans les m\u00e9dias pour sa publicit\u00e9 et qu\u2019elle affiche comme \u00e9tant le sien sur le site de l\u2019entreprise Farms not Factories&nbsp;?<\/p>\n\n\n\n<p>Il est int\u00e9ressant de constater que le nouveau si\u00e8ge de cette structure se trouve dans un petit manoir appel\u00e9 <strong>The Cottage Badminton, situ\u00e9 \u00e0 l\u2019angle de l\u2019avenue Kennel Drive et de High Street \u00e0 Badminton.<\/strong> La carte Google nous apprend que cette petite propri\u00e9t\u00e9 jouxte l\u2019immense parc et le ch\u00e2teau de Badminton, toujours propri\u00e9t\u00e9 de David Somerset 11<sup>\u00e8me<\/sup> Duc de Beaufort malgr\u00e9 son d\u00e9c\u00e8s en 2017<a href=\"#_ftn11\">[11]<\/a>. Les h\u00e9ritiers directs de ce ch\u00e2teau sont ses fils, dont Henri l\u2019ancien \u00e9poux de Madame Ward. La structure qu\u2019elle dit diriger mais qu\u2019elle ne dirige pas est donc situ\u00e9e dans une maison dont la pr\u00e9sentation \u00ab&nbsp;the Cottage Badminton&nbsp;\u00bb entretient dans l\u2019esprit des lecteurs des m\u00e9dias la confusion avec le ch\u00e2teau de Badminton situ\u00e9 \u00e0 quelques centaines de m\u00e8tres.<\/p>\n\n\n\n<figure class=\"wp-block-image size-large\"><img loading=\"lazy\" width=\"1024\" height=\"576\" src=\"http:\/\/monika-karbowska-liberte-pour-julian-assange.ovh\/wp-content\/uploads\/2022\/03\/image-1024x576.png\" alt=\"\" class=\"wp-image-2201\" srcset=\"http:\/\/monika-karbowska-liberte-pour-julian-assange.ovh\/wp-content\/uploads\/2022\/03\/image-1024x576.png 1024w, http:\/\/monika-karbowska-liberte-pour-julian-assange.ovh\/wp-content\/uploads\/2022\/03\/image-300x169.png 300w, http:\/\/monika-karbowska-liberte-pour-julian-assange.ovh\/wp-content\/uploads\/2022\/03\/image-768x432.png 768w, http:\/\/monika-karbowska-liberte-pour-julian-assange.ovh\/wp-content\/uploads\/2022\/03\/image-1536x864.png 1536w, http:\/\/monika-karbowska-liberte-pour-julian-assange.ovh\/wp-content\/uploads\/2022\/03\/image-1568x882.png 1568w, http:\/\/monika-karbowska-liberte-pour-julian-assange.ovh\/wp-content\/uploads\/2022\/03\/image.png 1920w\" sizes=\"(max-width: 1024px) 100vw, 1024px\" \/><\/figure>\n\n\n\n<p><strong>Mais \u00e0 qui appartient donc le \u00ab\u00a0Cottage Badminton\u00a0\u00bb\u00a0?<\/strong> Il est h\u00e9las impossible de le savoir. Le cadastre nous indique bizarrement qu\u2019exceptionnellement aucun titre de cette propri\u00e9t\u00e9 n\u2019est disponible pour cet possession ce qui ne veut pas dire qu\u2019elle n\u2019est pas enregistr\u00e9e. D\u2019une certaine fa\u00e7on cela veut dire que le propri\u00e9taire de cette villa a le droit de rester secret, alors que le LandRegistry, le cadastre britannique est une base de donn\u00e9es tr\u00e8s bien faite, structur\u00e9e, contenant des informations tr\u00e8s fiables que Wikijustice consulte depuis le d\u00e9but de notre enqu\u00eate sur Julian Assange.<\/p>\n\n\n\n<figure class=\"wp-block-image size-large\"><img loading=\"lazy\" width=\"1024\" height=\"576\" src=\"http:\/\/monika-karbowska-liberte-pour-julian-assange.ovh\/wp-content\/uploads\/2022\/03\/Capture-decran-1133-1024x576.png\" alt=\"\" class=\"wp-image-2203\" srcset=\"http:\/\/monika-karbowska-liberte-pour-julian-assange.ovh\/wp-content\/uploads\/2022\/03\/Capture-decran-1133-1024x576.png 1024w, http:\/\/monika-karbowska-liberte-pour-julian-assange.ovh\/wp-content\/uploads\/2022\/03\/Capture-decran-1133-300x169.png 300w, http:\/\/monika-karbowska-liberte-pour-julian-assange.ovh\/wp-content\/uploads\/2022\/03\/Capture-decran-1133-768x432.png 768w, http:\/\/monika-karbowska-liberte-pour-julian-assange.ovh\/wp-content\/uploads\/2022\/03\/Capture-decran-1133-1536x864.png 1536w, http:\/\/monika-karbowska-liberte-pour-julian-assange.ovh\/wp-content\/uploads\/2022\/03\/Capture-decran-1133-1568x882.png 1568w, http:\/\/monika-karbowska-liberte-pour-julian-assange.ovh\/wp-content\/uploads\/2022\/03\/Capture-decran-1133.png 1920w\" sizes=\"(max-width: 1024px) 100vw, 1024px\" \/><\/figure>\n\n\n\n<figure class=\"wp-block-image size-large\"><img loading=\"lazy\" width=\"1024\" height=\"576\" src=\"http:\/\/monika-karbowska-liberte-pour-julian-assange.ovh\/wp-content\/uploads\/2022\/03\/Capture-decran-1134-1024x576.png\" alt=\"\" class=\"wp-image-2204\" srcset=\"http:\/\/monika-karbowska-liberte-pour-julian-assange.ovh\/wp-content\/uploads\/2022\/03\/Capture-decran-1134-1024x576.png 1024w, http:\/\/monika-karbowska-liberte-pour-julian-assange.ovh\/wp-content\/uploads\/2022\/03\/Capture-decran-1134-300x169.png 300w, http:\/\/monika-karbowska-liberte-pour-julian-assange.ovh\/wp-content\/uploads\/2022\/03\/Capture-decran-1134-768x432.png 768w, http:\/\/monika-karbowska-liberte-pour-julian-assange.ovh\/wp-content\/uploads\/2022\/03\/Capture-decran-1134-1536x864.png 1536w, http:\/\/monika-karbowska-liberte-pour-julian-assange.ovh\/wp-content\/uploads\/2022\/03\/Capture-decran-1134-1568x882.png 1568w, http:\/\/monika-karbowska-liberte-pour-julian-assange.ovh\/wp-content\/uploads\/2022\/03\/Capture-decran-1134.png 1920w\" sizes=\"(max-width: 1024px) 100vw, 1024px\" \/><figcaption>Cadastre vide pour le Cottage de Badminton<\/figcaption><\/figure>\n\n\n\n<figure class=\"wp-block-image size-large\"><img loading=\"lazy\" width=\"276\" height=\"183\" src=\"http:\/\/monika-karbowska-liberte-pour-julian-assange.ovh\/wp-content\/uploads\/2022\/03\/Cottage-Badminton-Kennel-drive.jpg\" alt=\"\" class=\"wp-image-2205\"\/><figcaption>The cottage Badminton sur internet<\/figcaption><\/figure>\n\n\n\n<p>Les tr\u00e8s rares fois o\u00f9 les informations sur les titres de propri\u00e9t\u00e9s sont absentes du cadastre, c\u2019est lorsque les propri\u00e9taires putatifs peuvent \u00eatre Elisabeth Bowes-Lyon, dite Mountbatten Windsor ou d\u2019autres membres de la \u00ab\u00a0famille\u00a0\u00bb. Il en est ainsi par exemple pour la partie centrale de <strong>l\u2019ancien h\u00f4pital psychiatrique pour enfants de Earlswood<\/strong> dont nous avions analys\u00e9 la propri\u00e9t\u00e9 et qui \u00e9tait connue pour avoir \u00e9t\u00e9 cr\u00e9\u00e9 par la famille von Sachsen Coburg Gotha ou \u00ab\u00a0Windsor Mounbatten\u00a0\u00bb.<\/p>\n\n\n\n<figure class=\"wp-block-image size-large\"><img loading=\"lazy\" width=\"290\" height=\"174\" src=\"http:\/\/monika-karbowska-liberte-pour-julian-assange.ovh\/wp-content\/uploads\/2022\/03\/Assange-Tracy-2.jpg\" alt=\"\" class=\"wp-image-2207\"\/><\/figure>\n\n\n\n<p><strong>Qui de haut plac\u00e9 prot\u00e8ge donc Madame Tracy Ward<\/strong>, dont les amis officiellement dirigeants de Farms Not Factories ont pu se r\u00e9unir et d\u00e9clarer le si\u00e8ge de leur structure dans cette maison ancienne jouxtant le ch\u00e2teau familial des Duc de Beaufort et marquis de Worcester<a href=\"#_ftn12\">[12]<\/a>\u00a0?<\/p>\n\n\n\n<figure class=\"wp-block-image size-large\"><img loading=\"lazy\" width=\"1024\" height=\"576\" src=\"http:\/\/monika-karbowska-liberte-pour-julian-assange.ovh\/wp-content\/uploads\/2022\/03\/image-1-1024x576.png\" alt=\"\" class=\"wp-image-2215\" srcset=\"http:\/\/monika-karbowska-liberte-pour-julian-assange.ovh\/wp-content\/uploads\/2022\/03\/image-1-1024x576.png 1024w, http:\/\/monika-karbowska-liberte-pour-julian-assange.ovh\/wp-content\/uploads\/2022\/03\/image-1-300x169.png 300w, http:\/\/monika-karbowska-liberte-pour-julian-assange.ovh\/wp-content\/uploads\/2022\/03\/image-1-768x432.png 768w, http:\/\/monika-karbowska-liberte-pour-julian-assange.ovh\/wp-content\/uploads\/2022\/03\/image-1-1536x864.png 1536w, http:\/\/monika-karbowska-liberte-pour-julian-assange.ovh\/wp-content\/uploads\/2022\/03\/image-1-1568x882.png 1568w, http:\/\/monika-karbowska-liberte-pour-julian-assange.ovh\/wp-content\/uploads\/2022\/03\/image-1.png 1920w\" sizes=\"(max-width: 1024px) 100vw, 1024px\" \/><\/figure>\n\n\n\n<p>Ce qui est certain est que la famille Beaufort est <strong>une des plus anciennes famille de noblesse descendante des Plantagen\u00eats, <\/strong>une famille bien plus ancienne que les Saxe Coburg Gotha allemands arriv\u00e9s presque par effraction sur le tr\u00f4ne britannique en 1837. Cependant les Mountbatten-Windsor, ma\u00eetres du Commonwealth, peuvent se targuer de liens \u00e9troits avec les Ducs de Beaufort, le ch\u00e2teau de ces derniers leur ayant servi de refuge pendant la guerre et de lieu de d\u00e9cor pour la saga conjugale entre Charles  de Galles, aka Battenberg (du nom pr\u00e9sum\u00e9 de son p\u00e8re), aka Schleswig-Holstein-Sonderburg-Gl\u00fcksburg et Diana Spencer, une saga termin\u00e9e si tragiquement pour cette derni\u00e8re<a href=\"#_ftn13\">[13]<\/a>.<\/p>\n\n\n\n<figure class=\"wp-block-image size-large\"><img loading=\"lazy\" width=\"315\" height=\"363\" src=\"http:\/\/monika-karbowska-liberte-pour-julian-assange.ovh\/wp-content\/uploads\/2022\/03\/Coat_of_arms_of_the_dukes_of_Beaufort.png\" alt=\"\" class=\"wp-image-2218\" srcset=\"http:\/\/monika-karbowska-liberte-pour-julian-assange.ovh\/wp-content\/uploads\/2022\/03\/Coat_of_arms_of_the_dukes_of_Beaufort.png 315w, http:\/\/monika-karbowska-liberte-pour-julian-assange.ovh\/wp-content\/uploads\/2022\/03\/Coat_of_arms_of_the_dukes_of_Beaufort-260x300.png 260w\" sizes=\"(max-width: 315px) 100vw, 315px\" \/><figcaption>Blason des ducs de Beaufort avec fleurs de Lys et Lions normands<\/figcaption><\/figure>\n\n\n\n<p>Ce ch\u00e2teau est un haut lieu du pouvoir en Grande Bretagne et il est donc int\u00e9ressant pour nous <strong>de lire et d\u2019entendre que Julian Assange serait retenu en otage dans cette propri\u00e9t\u00e9, captif ou pr\u00e9tendument lib\u00e9r\u00e9, <\/strong>puisque nous pensons depuis le d\u00e9but qu\u2019il est justement retenu en otage dans une structure appartenant au pouvoir royal et ne d\u00e9pendant pas, en r\u00e9alit\u00e9, du gouvernement de Boris Johnson<strong>.<\/strong><\/p>\n\n\n\n<p>Tracy Ward se targue d\u2019\u00eatre une r\u00e9volutionnaire en participant au mouvement Extension Rebellion tr\u00e8s \u00e0 la mode juste avant le couperet de l\u2019op\u00e9ration covid 2019 en mars 2020. Cependant, <strong>ayant menti sur les documents officiels, puisqu\u2019elle n\u2019est pas directrice de Farms not Factories, ni propri\u00e9taire du 28 Halsey Street<\/strong> ,o\u00f9 cette structure n\u2019a pas en r\u00e9alit\u00e9 pas de bureaux, nous avons le droit douter de ses dires dans tous les autres domaines<a href=\"#_ftn14\">[14]<\/a>.<\/p>\n\n\n\n<figure class=\"wp-block-image size-large\"><img loading=\"lazy\" width=\"634\" height=\"400\" src=\"http:\/\/monika-karbowska-liberte-pour-julian-assange.ovh\/wp-content\/uploads\/2022\/03\/Badminton.jpg\" alt=\"\" class=\"wp-image-2211\" srcset=\"http:\/\/monika-karbowska-liberte-pour-julian-assange.ovh\/wp-content\/uploads\/2022\/03\/Badminton.jpg 634w, http:\/\/monika-karbowska-liberte-pour-julian-assange.ovh\/wp-content\/uploads\/2022\/03\/Badminton-300x189.jpg 300w\" sizes=\"(max-width: 634px) 100vw, 634px\" \/><figcaption>Le chateau de Badminton, d&rsquo;une valeur de 15 millions de livres<\/figcaption><\/figure>\n\n\n\n<p>En essayant de comprendre qui est madame Ward, nous apprenons que le directeur de la structure qu\u2019elle dit diriger, <strong>Alaistair Kenneil,  est r\u00e9alisateur de documentaire<\/strong><a href=\"#_ftn15\">[15]<\/a>. Il a effectivement r\u00e9alis\u00e9 quelque films sur les \u00e9levages industriels de porcs, mais \u00e9tonnamment, il n\u2019est pas en lien avec les syndicats paysans ou les associations anglaises, europ\u00e9ennes et mondiales qui luttent <strong>en vrai<\/strong> pour l\u2019agriculture et la souverainet\u00e9 alimentaire comme le c\u00e9l\u00e8bre r\u00e9seau Via Campesina. <\/p>\n\n\n\n<figure class=\"wp-block-image size-large\"><img loading=\"lazy\" width=\"189\" height=\"267\" src=\"http:\/\/monika-karbowska-liberte-pour-julian-assange.ovh\/wp-content\/uploads\/2022\/03\/Alaistar-Kennel-et-Tracy-Ward.jpg\" alt=\"\" class=\"wp-image-2213\"\/><figcaption>Tracy Ward avec Alaistar Kenneil, le vrai directeur de sa structure<\/figcaption><\/figure>\n\n\n\n<p>Son co-directeur <strong>Ian Worrall<\/strong> <strong>peut \u00eatre li\u00e9 au milieu du Bitcoin<\/strong>, rien \u00e0 voir donc avec les \u00e2pres luttes pour l\u2019agriculture biologique et la souverainet\u00e9 alimentaire men\u00e9es dans le monde depuis plus de 30 ans par des paysans et des militants urbains<a href=\"#_ftn16\">[16]<\/a>. Il est difficile de trouver des informations sur le deuxi\u00e8me co-directeur de Farms not Factories, <strong>Neil Lodge, autre que son adresse officielle<a href=\"#_ftn17\"><strong>[17]<\/strong><\/a>, le \u00ab\u00a0lower woods lodge inglestone common\u00a0\u00bb<\/strong> \u00e0 Badminton. <\/p>\n\n\n\n<figure class=\"wp-block-image size-large\"><img loading=\"lazy\" width=\"1024\" height=\"576\" src=\"http:\/\/monika-karbowska-liberte-pour-julian-assange.ovh\/wp-content\/uploads\/2022\/03\/Neil-Lodge-Badminton-1024x576.png\" alt=\"\" class=\"wp-image-2222\" srcset=\"http:\/\/monika-karbowska-liberte-pour-julian-assange.ovh\/wp-content\/uploads\/2022\/03\/Neil-Lodge-Badminton-1024x576.png 1024w, http:\/\/monika-karbowska-liberte-pour-julian-assange.ovh\/wp-content\/uploads\/2022\/03\/Neil-Lodge-Badminton-300x169.png 300w, http:\/\/monika-karbowska-liberte-pour-julian-assange.ovh\/wp-content\/uploads\/2022\/03\/Neil-Lodge-Badminton-768x432.png 768w, http:\/\/monika-karbowska-liberte-pour-julian-assange.ovh\/wp-content\/uploads\/2022\/03\/Neil-Lodge-Badminton-1536x864.png 1536w, http:\/\/monika-karbowska-liberte-pour-julian-assange.ovh\/wp-content\/uploads\/2022\/03\/Neil-Lodge-Badminton-1568x882.png 1568w, http:\/\/monika-karbowska-liberte-pour-julian-assange.ovh\/wp-content\/uploads\/2022\/03\/Neil-Lodge-Badminton.png 1920w\" sizes=\"(max-width: 1024px) 100vw, 1024px\" \/><\/figure>\n\n\n\n<p>Ce lieu est connu pour \u00eatre une r\u00e9serve naturelle et g\u00e9ologique du comt\u00e9 de Gloucester, situ\u00e9 \u00e0 <strong>Wickwar, un village tr\u00e8s ancien \u00e0 10km du ch\u00e2teau de Badminton. <\/strong>Celui qui dirige l\u2019assembl\u00e9e g\u00e9n\u00e9rale de 2021 de la structure de Madame Ward est-il le gardien de la r\u00e9serve naturelle si proche des terres des Beaufort pour y vivre en permanence\u00a0<a href=\"#_ftn18\">[18]<\/a>?<\/p>\n\n\n\n<figure class=\"wp-block-image size-large\"><img loading=\"lazy\" width=\"900\" height=\"675\" src=\"http:\/\/monika-karbowska-liberte-pour-julian-assange.ovh\/wp-content\/uploads\/2022\/03\/Lower-Woods-4.jpg\" alt=\"\" class=\"wp-image-2224\" srcset=\"http:\/\/monika-karbowska-liberte-pour-julian-assange.ovh\/wp-content\/uploads\/2022\/03\/Lower-Woods-4.jpg 900w, http:\/\/monika-karbowska-liberte-pour-julian-assange.ovh\/wp-content\/uploads\/2022\/03\/Lower-Woods-4-300x225.jpg 300w, http:\/\/monika-karbowska-liberte-pour-julian-assange.ovh\/wp-content\/uploads\/2022\/03\/Lower-Woods-4-768x576.jpg 768w\" sizes=\"(max-width: 900px) 100vw, 900px\" \/><\/figure>\n\n\n\n<p>Le <strong>Gloucestershire Wildflife Trust<\/strong> qui g\u00e8re ce parc naturel est une riche structure de 87 employ\u00e9s et d\u2019un budget de 1 million de Livres, dont l\u2019histoire de sa cr\u00e9ation et le Conseil d\u2019Administration comportent des noms aristocratiques prestigieux<a href=\"#_ftn19\">[19]<\/a>.<\/p>\n\n\n\n<p>Tracy Ward parait plut\u00f4t tr\u00e8s li\u00e9e \u00e0 <strong>The price of progress Production Limited,<\/strong> qui est une entreprise de production de programme pour la t\u00e9l\u00e9vision<a href=\"#_ftn20\">[20]<\/a>. Le si\u00e8ge de cette entreprise se trouve justement dans la maison du Cottage \u00e0 Badminton. Elle a \u00e9t\u00e9 cr\u00e9\u00e9e <strong>par Henry (Harry) John Fitzroy Somerset marquis de Worcester, \u00e0 l\u2019\u00e9poque son mari et  par elle-m\u00eame, sous le nom de Tracy Ward Worcester en 2006<\/strong>. <\/p>\n\n\n\n<figure class=\"wp-block-image size-large\"><img loading=\"lazy\" width=\"1024\" height=\"523\" src=\"http:\/\/monika-karbowska-liberte-pour-julian-assange.ovh\/wp-content\/uploads\/2022\/03\/2006-Tracy-et-Harry-Progres-production-1024x523.png\" alt=\"\" class=\"wp-image-2227\" srcset=\"http:\/\/monika-karbowska-liberte-pour-julian-assange.ovh\/wp-content\/uploads\/2022\/03\/2006-Tracy-et-Harry-Progres-production-1024x523.png 1024w, http:\/\/monika-karbowska-liberte-pour-julian-assange.ovh\/wp-content\/uploads\/2022\/03\/2006-Tracy-et-Harry-Progres-production-300x153.png 300w, http:\/\/monika-karbowska-liberte-pour-julian-assange.ovh\/wp-content\/uploads\/2022\/03\/2006-Tracy-et-Harry-Progres-production-768x393.png 768w, http:\/\/monika-karbowska-liberte-pour-julian-assange.ovh\/wp-content\/uploads\/2022\/03\/2006-Tracy-et-Harry-Progres-production-1536x785.png 1536w, http:\/\/monika-karbowska-liberte-pour-julian-assange.ovh\/wp-content\/uploads\/2022\/03\/2006-Tracy-et-Harry-Progres-production-1568x801.png 1568w, http:\/\/monika-karbowska-liberte-pour-julian-assange.ovh\/wp-content\/uploads\/2022\/03\/2006-Tracy-et-Harry-Progres-production.png 1753w\" sizes=\"(max-width: 1024px) 100vw, 1024px\" \/><\/figure>\n\n\n\n<p>L\u2019adresse de Henry (Harry) John Fitzroy Somerset et de Tracy Ward est \u00e0 l\u2019\u00e9poque le fameux Cottage de Badminton, ce qui laisse supposer que <strong>Henry Somerset actuel Duc de Beaufort en est toujours propri\u00e9taire<\/strong><a href=\"#_ftn21\">[21]<\/a>. En 2006 Madame Ward affiche comme profession \u00ab\u00a0film maker\u00a0\u00bb, r\u00e9alisatrice de film.<\/p>\n\n\n\n<figure class=\"wp-block-image size-large\"><img loading=\"lazy\" width=\"1024\" height=\"576\" src=\"http:\/\/monika-karbowska-liberte-pour-julian-assange.ovh\/wp-content\/uploads\/2022\/03\/Harry-cottage-Price-of-Progress-Production-1024x576.png\" alt=\"\" class=\"wp-image-2225\" srcset=\"http:\/\/monika-karbowska-liberte-pour-julian-assange.ovh\/wp-content\/uploads\/2022\/03\/Harry-cottage-Price-of-Progress-Production-1024x576.png 1024w, http:\/\/monika-karbowska-liberte-pour-julian-assange.ovh\/wp-content\/uploads\/2022\/03\/Harry-cottage-Price-of-Progress-Production-300x169.png 300w, http:\/\/monika-karbowska-liberte-pour-julian-assange.ovh\/wp-content\/uploads\/2022\/03\/Harry-cottage-Price-of-Progress-Production-768x432.png 768w, http:\/\/monika-karbowska-liberte-pour-julian-assange.ovh\/wp-content\/uploads\/2022\/03\/Harry-cottage-Price-of-Progress-Production-1536x864.png 1536w, http:\/\/monika-karbowska-liberte-pour-julian-assange.ovh\/wp-content\/uploads\/2022\/03\/Harry-cottage-Price-of-Progress-Production-1568x882.png 1568w, http:\/\/monika-karbowska-liberte-pour-julian-assange.ovh\/wp-content\/uploads\/2022\/03\/Harry-cottage-Price-of-Progress-Production.png 1920w\" sizes=\"(max-width: 1024px) 100vw, 1024px\" \/><\/figure>\n\n\n\n<p>En 2007 un nouveau secr\u00e9taire <strong>Adrian Robert Kilmartin<\/strong> est engag\u00e9 et Henry John Worcester d\u00e9missionne <strong>cessant ainsi d\u2019\u00eatre le pr\u00eate-nom prestigieux de l\u2019entreprise de son \u00e9pouse<\/strong>. Madame Ward qui se dit \u00ab\u00a0Marchioness\u00a0\u00bb, marquise Worcester, et son associ\u00e9 Kilmartin deviennent alors les uniques actionnaires de l\u2019entreprise de production de films <a href=\"#_ftn22\">[22]<\/a>.<\/p>\n\n\n\n<figure class=\"wp-block-image size-large\"><img loading=\"lazy\" width=\"1024\" height=\"576\" src=\"http:\/\/monika-karbowska-liberte-pour-julian-assange.ovh\/wp-content\/uploads\/2022\/03\/Adrian-Killmartin-et-la-marquise-Tracy-1024x576.png\" alt=\"\" class=\"wp-image-2228\" srcset=\"http:\/\/monika-karbowska-liberte-pour-julian-assange.ovh\/wp-content\/uploads\/2022\/03\/Adrian-Killmartin-et-la-marquise-Tracy-1024x576.png 1024w, http:\/\/monika-karbowska-liberte-pour-julian-assange.ovh\/wp-content\/uploads\/2022\/03\/Adrian-Killmartin-et-la-marquise-Tracy-300x169.png 300w, http:\/\/monika-karbowska-liberte-pour-julian-assange.ovh\/wp-content\/uploads\/2022\/03\/Adrian-Killmartin-et-la-marquise-Tracy-768x432.png 768w, http:\/\/monika-karbowska-liberte-pour-julian-assange.ovh\/wp-content\/uploads\/2022\/03\/Adrian-Killmartin-et-la-marquise-Tracy-1536x864.png 1536w, http:\/\/monika-karbowska-liberte-pour-julian-assange.ovh\/wp-content\/uploads\/2022\/03\/Adrian-Killmartin-et-la-marquise-Tracy-1568x882.png 1568w, http:\/\/monika-karbowska-liberte-pour-julian-assange.ovh\/wp-content\/uploads\/2022\/03\/Adrian-Killmartin-et-la-marquise-Tracy.png 1920w\" sizes=\"(max-width: 1024px) 100vw, 1024px\" \/><\/figure>\n\n\n\n<p> M. Kilmartin est alors log\u00e9 dans une maison, Church Farm, tr\u00e8s proche du ch\u00e2teau de Badminton et du Cottage. Fin 2008 Alastair Kenneil, n\u00e9 en 1948, arrive \u00e0 la t\u00eate de Price of Progress Production mais Tracy Worcester signe le bilan financier de 2009 comme \u00ab&nbsp;Director&nbsp;\u00bb<a href=\"#_ftn23\">[23]<\/a>. Elle devient officiellement directrice de l\u2019entreprise en f\u00e9vrier 2010 toujours en signant du titre \u00ab&nbsp;Marquise&nbsp;\u00bb de Worcester<a href=\"#_ftn24\">[24]<\/a>. En 2011<strong> elle demeure unique actionnaire de l\u2019entreprise qu\u2019elle co-dirige avec Alastair Kenneil <\/strong>et dont Kilmartin est le secr\u00e9taire. L\u2019entreprise est dissoute en 2014.<\/p>\n\n\n\n<figure class=\"wp-block-image size-large\"><img loading=\"lazy\" width=\"1024\" height=\"576\" src=\"http:\/\/monika-karbowska-liberte-pour-julian-assange.ovh\/wp-content\/uploads\/2022\/03\/Tracy-marquise-director-2009-1024x576.png\" alt=\"\" class=\"wp-image-2230\" srcset=\"http:\/\/monika-karbowska-liberte-pour-julian-assange.ovh\/wp-content\/uploads\/2022\/03\/Tracy-marquise-director-2009-1024x576.png 1024w, http:\/\/monika-karbowska-liberte-pour-julian-assange.ovh\/wp-content\/uploads\/2022\/03\/Tracy-marquise-director-2009-300x169.png 300w, http:\/\/monika-karbowska-liberte-pour-julian-assange.ovh\/wp-content\/uploads\/2022\/03\/Tracy-marquise-director-2009-768x432.png 768w, http:\/\/monika-karbowska-liberte-pour-julian-assange.ovh\/wp-content\/uploads\/2022\/03\/Tracy-marquise-director-2009-1536x864.png 1536w, http:\/\/monika-karbowska-liberte-pour-julian-assange.ovh\/wp-content\/uploads\/2022\/03\/Tracy-marquise-director-2009-1568x882.png 1568w, http:\/\/monika-karbowska-liberte-pour-julian-assange.ovh\/wp-content\/uploads\/2022\/03\/Tracy-marquise-director-2009.png 1920w\" sizes=\"(max-width: 1024px) 100vw, 1024px\" \/><\/figure>\n\n\n\n<p>Madame Ward est par ailleurs aussi administratrice pendant 2 ans d\u2019une entreprise cr\u00e9e en 1946 <strong>the Soil Association<\/strong>, une structure ayant pour objectif la pr\u00e9servation du sol, de la nature et de l\u2019environnement, dont les cr\u00e9ateur appartiennent aussi \u00e0 l\u2019aristocratie britannique comme <strong>Eve Comtesse de Balfour<\/strong><a href=\"#_ftn25\">[25]<\/a>. Eve Balfour est connue pour \u00eatre pionni\u00e8re de l\u2019agriculture biologique. Madame Ward, r\u00e9alisatrice de t\u00e9l\u00e9vision parvient \u00e0 devenir membre du Conseil d\u2019Administration de cette entreprise de 1994 \u00e0 1998<a href=\"#_ftn26\">[26]<\/a>.<\/p>\n\n\n\n<figure class=\"wp-block-image size-large\"><img loading=\"lazy\" width=\"1024\" height=\"576\" src=\"http:\/\/monika-karbowska-liberte-pour-julian-assange.ovh\/wp-content\/uploads\/2022\/03\/Soil-Association-Tracy-Ward-1024x576.png\" alt=\"\" class=\"wp-image-2235\" srcset=\"http:\/\/monika-karbowska-liberte-pour-julian-assange.ovh\/wp-content\/uploads\/2022\/03\/Soil-Association-Tracy-Ward-1024x576.png 1024w, http:\/\/monika-karbowska-liberte-pour-julian-assange.ovh\/wp-content\/uploads\/2022\/03\/Soil-Association-Tracy-Ward-300x169.png 300w, http:\/\/monika-karbowska-liberte-pour-julian-assange.ovh\/wp-content\/uploads\/2022\/03\/Soil-Association-Tracy-Ward-768x432.png 768w, http:\/\/monika-karbowska-liberte-pour-julian-assange.ovh\/wp-content\/uploads\/2022\/03\/Soil-Association-Tracy-Ward-1536x864.png 1536w, http:\/\/monika-karbowska-liberte-pour-julian-assange.ovh\/wp-content\/uploads\/2022\/03\/Soil-Association-Tracy-Ward-1568x882.png 1568w, http:\/\/monika-karbowska-liberte-pour-julian-assange.ovh\/wp-content\/uploads\/2022\/03\/Soil-Association-Tracy-Ward.png 1920w\" sizes=\"(max-width: 1024px) 100vw, 1024px\" \/><\/figure>\n\n\n\n<p>Malgr\u00e9 l\u2019intense pr\u00e9sence m\u00e9diatique de la campagne \u00ab\u00a0Farms not factories\u00a0\u00bb, le bilan de travail r\u00e9el de l\u2019entreprise de films que Tracy Ward et Alastair Kenneil ont dirig\u00e9e pendant 8 ans, le Price of Progress Production<strong>, est plus que modeste.<\/strong><\/p>\n\n\n\n<p><strong>Adrian Robert Kilmartin, leur collaborateur, apparait comme g\u00e9rant de 22 soci\u00e9t\u00e9s<\/strong>, tout en \u00e9tant toujours domicili\u00e9 Church Farm Action Turville \u00e0 Badminton, \u00e0 une encablure du ch\u00e2teau de Badminton, mais il n\u2019y a pas d\u2019autres informations sur lui<a href=\"#_ftn27\">[27]<\/a>. Parmi ses soci\u00e9t\u00e9s dont il est administrateur nombreuses sont les entreprises de s\u00e9curit\u00e9 intitul\u00e9es NHP Securities N\u00b0\u2026, des entreprises de gestion de fonds, de sant\u00e9 et ont une longue histoire de 20 \u00e0 30 ans. Leurs activit\u00e9 est souvent d\u00e9crite de fa\u00e7on floue \u00ab&nbsp;other activities&nbsp;\u00bb et M. Kilmartin y apparait parfois au poste de comptable.<\/p>\n\n\n\n<p>L\u2019activit\u00e9 politique de Madame Ward dans le domaine de l\u2019environnement et d\u2019agriculture biologique apparait bien plut\u00f4t <strong>un show destin\u00e9 aux m\u00e9dias dont elle est la vedette en tant qu\u2019ancienne actrice<\/strong> et ancienne \u00e9pouse d\u2019un homme issu d\u2019une famille en vue.<\/p>\n\n\n\n<p><strong>Elle n\u2019est pas la propri\u00e9taire de la maison londonienne de son ancien mari<\/strong> et il est peu probable qu\u2019elle soit celle du Cottage de Badminton o\u00f9 elle avait domicili\u00e9 le si\u00e8ge de son entreprise de production audiovisuelle ensemble avec son acolyte Kenneil. Comme ses d\u00e9clarations ne r\u00e9sistent pas plus \u00e0 l\u2019examen des faits que celles de Stella Moris, <strong>on se demande pourquoi elle s\u2019affiche comme une proche de Julian Assange<\/strong>. <\/p>\n\n\n\n<p>Selon moi, il serait pr\u00e9f\u00e9rable pour lui de se tenir \u00e9loign\u00e9 de personne dont le show m\u00e9diatique ne recouvre pas d\u2019activit\u00e9 r\u00e9elle et sinc\u00e8re et pouvant \u00eatre prouv\u00e9e. <strong>A moins que les v\u00e9ritables \u00ab&nbsp;h\u00f4tes&nbsp;\u00bb de Julian Assange soient les Ducs de Beaufort, <\/strong>si proches par leur histoire du pouvoir royal en Angleterre et que le nom de \u00ab&nbsp;Tracy Ward&nbsp;\u00bb ne serve qu\u2019\u00e0 recouvrir ce fait d\u2019un voile pudique et trouble\u2026.<strong>Quels liens relient donc l\u2019artistocratie et la famille r\u00e9gnante avec l\u2019homme distingu\u00e9 <\/strong>que nous avons vu et avec lequel nous avons communiqu\u00e9 d\u2019une fa\u00e7on particuli\u00e8re dans la Woolwich Court le 27 f\u00e9vrier 2020 juste avant la violence de l\u2019Op\u00e9ration Covid&nbsp;?<\/p>\n\n\n\n<figure class=\"wp-block-image size-large\"><img loading=\"lazy\" width=\"1024\" height=\"576\" src=\"http:\/\/monika-karbowska-liberte-pour-julian-assange.ovh\/wp-content\/uploads\/2022\/03\/Demain-le-proces-JA-26.10.2021-1024x576.png\" alt=\"\" class=\"wp-image-2236\" srcset=\"http:\/\/monika-karbowska-liberte-pour-julian-assange.ovh\/wp-content\/uploads\/2022\/03\/Demain-le-proces-JA-26.10.2021-1024x576.png 1024w, http:\/\/monika-karbowska-liberte-pour-julian-assange.ovh\/wp-content\/uploads\/2022\/03\/Demain-le-proces-JA-26.10.2021-300x169.png 300w, http:\/\/monika-karbowska-liberte-pour-julian-assange.ovh\/wp-content\/uploads\/2022\/03\/Demain-le-proces-JA-26.10.2021-768x432.png 768w, http:\/\/monika-karbowska-liberte-pour-julian-assange.ovh\/wp-content\/uploads\/2022\/03\/Demain-le-proces-JA-26.10.2021-1536x864.png 1536w, http:\/\/monika-karbowska-liberte-pour-julian-assange.ovh\/wp-content\/uploads\/2022\/03\/Demain-le-proces-JA-26.10.2021-1568x882.png 1568w, http:\/\/monika-karbowska-liberte-pour-julian-assange.ovh\/wp-content\/uploads\/2022\/03\/Demain-le-proces-JA-26.10.2021.png 1920w\" sizes=\"(max-width: 1024px) 100vw, 1024px\" \/><\/figure>\n\n\n\n<figure class=\"wp-block-image size-large\"><img loading=\"lazy\" width=\"600\" height=\"400\" src=\"http:\/\/monika-karbowska-liberte-pour-julian-assange.ovh\/wp-content\/uploads\/2022\/03\/Assange-beau-et-delicat-octobre-2021.jpg\" alt=\"\" class=\"wp-image-2237\" srcset=\"http:\/\/monika-karbowska-liberte-pour-julian-assange.ovh\/wp-content\/uploads\/2022\/03\/Assange-beau-et-delicat-octobre-2021.jpg 600w, http:\/\/monika-karbowska-liberte-pour-julian-assange.ovh\/wp-content\/uploads\/2022\/03\/Assange-beau-et-delicat-octobre-2021-300x200.jpg 300w\" sizes=\"(max-width: 600px) 100vw, 600px\" \/><\/figure>\n\n\n\n<p>Je finis ma soir\u00e9e au pub the Wellington, install\u00e9e par un gentil jeune serveur tout sourire au premier \u00e9tage, sur une large banquette en cuir en face d\u2019un grand zinc bien astiqu\u00e9 et d\u2019\u00e9normes miroirs. Le bar est d\u00e9sservi par une adorable jeune fille blonde qui pr\u00e9pare les boissons en blaguant avec ses coll\u00e8gues du m\u00eame \u00e2ge. J\u2019\u00e9coute leurs conversations de jeunes, je suis fascin\u00e9e par leurs beaux visages, leur joie de vivre, tout en pensant \u00e0 ma pauvre France et \u00e0 ses jeunes priv\u00e9s de ce bonheur si simple. Ils ne semblent pas \u00e9tonn\u00e9s par mon anglais parfois h\u00e9sitant et mon allure de dame au chapeau si fran\u00e7aise\u00a0: les Fran\u00e7ais, touristes de bonne classe moyenne constituent ce soir la moiti\u00e9 de leur client\u00e8le. Tout en savourant mon \u00e9norme poisson, des frites, ses petits pois verts et une excellente bi\u00e8re, je prends quelques photos du d\u00e9cor et de la jeune fille souriante. C\u2019est si important de montrer en France que plus personne ne porte ici la museli\u00e8re covidienne.<\/p>\n\n\n\n<figure class=\"wp-block-image size-large is-resized\"><img src=\"http:\/\/monika-karbowska-liberte-pour-julian-assange.ovh\/wp-content\/uploads\/2022\/03\/IMG_2278-768x1024.jpg\" alt=\"\" class=\"wp-image-2240\" height=\"700\" srcset=\"http:\/\/monika-karbowska-liberte-pour-julian-assange.ovh\/wp-content\/uploads\/2022\/03\/IMG_2278-768x1024.jpg 768w, http:\/\/monika-karbowska-liberte-pour-julian-assange.ovh\/wp-content\/uploads\/2022\/03\/IMG_2278-225x300.jpg 225w, http:\/\/monika-karbowska-liberte-pour-julian-assange.ovh\/wp-content\/uploads\/2022\/03\/IMG_2278-1152x1536.jpg 1152w, http:\/\/monika-karbowska-liberte-pour-julian-assange.ovh\/wp-content\/uploads\/2022\/03\/IMG_2278-1536x2048.jpg 1536w, http:\/\/monika-karbowska-liberte-pour-julian-assange.ovh\/wp-content\/uploads\/2022\/03\/IMG_2278-1568x2091.jpg 1568w, http:\/\/monika-karbowska-liberte-pour-julian-assange.ovh\/wp-content\/uploads\/2022\/03\/IMG_2278-scaled.jpg 1920w\" sizes=\"(max-width: 768px) 100vw, 768px\" \/><\/figure>\n\n\n\n<p>C\u2019est \u00e0 regret que je regagne ma chambre sous les toits, avec vue sur le croisement Wellington-Strand street, mon pub et l\u2019ensemble n\u00e9oclassique du Sommerset House si\u00e8ge d\u2019institutions artistiques et litt\u00e9raires, la Tamise en arri\u00e8re-plan. Auparavant je fais un crochet chez le petit Tesco pour pr\u00e9parer mes provisions de la bataille du lendemain\u00a0: noix et noisettes, fruits secs, g\u00e2teaux secs et jus car les heures de lutte seront longues le lendemain matin.<\/p>\n\n\n\n<figure class=\"wp-block-image size-large is-resized\"><img src=\"http:\/\/monika-karbowska-liberte-pour-julian-assange.ovh\/wp-content\/uploads\/2022\/03\/IMG_2246-768x1024.jpg\" alt=\"\" class=\"wp-image-2241\" height=\"700\" srcset=\"http:\/\/monika-karbowska-liberte-pour-julian-assange.ovh\/wp-content\/uploads\/2022\/03\/IMG_2246-768x1024.jpg 768w, http:\/\/monika-karbowska-liberte-pour-julian-assange.ovh\/wp-content\/uploads\/2022\/03\/IMG_2246-225x300.jpg 225w, http:\/\/monika-karbowska-liberte-pour-julian-assange.ovh\/wp-content\/uploads\/2022\/03\/IMG_2246-1152x1536.jpg 1152w, http:\/\/monika-karbowska-liberte-pour-julian-assange.ovh\/wp-content\/uploads\/2022\/03\/IMG_2246-1536x2048.jpg 1536w, http:\/\/monika-karbowska-liberte-pour-julian-assange.ovh\/wp-content\/uploads\/2022\/03\/IMG_2246-1568x2091.jpg 1568w, http:\/\/monika-karbowska-liberte-pour-julian-assange.ovh\/wp-content\/uploads\/2022\/03\/IMG_2246-scaled.jpg 1920w\" sizes=\"(max-width: 768px) 100vw, 768px\" \/><figcaption>Somerset House<\/figcaption><\/figure>\n\n\n\n<hr class=\"wp-block-separator\"\/>\n\n\n\n<p><a href=\"#_ftnref1\">[1]<\/a> <a href=\"https:\/\/context-cdn.washingtonpost.com\/notes\/prod\/default\/documents\/1faa4572-d776-4dcb-94c7-110abf7c7ceb\/note\/36d6ed33-c5a0-4c0f-a024-bf07831d297a.\">https:\/\/context-cdn.washingtonpost.com\/notes\/prod\/default\/documents\/1faa4572-d776-4dcb-94c7-110abf7c7ceb\/note\/36d6ed33-c5a0-4c0f-a024-bf07831d297a.<\/a><\/p>\n\n\n\n<p><a href=\"#_ftnref2\">[2]<\/a> <a href=\"https:\/\/en.wikipedia.org\/wiki\/Tracy_Somerset,_Duchess_of_Beaufort\">Tracy Somerset, Duchess of Beaufort &#8211; Wikipedia<\/a><\/p>\n\n\n\n<p><a href=\"https:\/\/stringfixer.com\/fr\/Tracy_Louise_Ward\">Tracy Somerset, duchesse de Beaufort (stringfixer.com)<\/a><\/p>\n\n\n\n<p><a href=\"https:\/\/www.theaustralian.com.au\/world\/london-judge-denies-bail-to-wikileaks-founder-assange\/news-story\/05d1bdbd947a709f2a197ecc5c0364bb\">London judge denies bail to WikiLeaks founder Assange (theaustralian.com.au)<\/a><\/p>\n\n\n\n<p><a href=\"https:\/\/www.bloombergquint.com\/onweb\/julian-assange-denied-bail-during-u-s-extradition-appeal\">Julian Assange Denied Bail During U.S. Extradition Appeal (bloombergquint.com)<\/a><\/p>\n\n\n\n<p><a href=\"https:\/\/farmsnotfactories.org\/about-us\">About Us \u2022 Farms Not Factories<\/a><\/p>\n\n\n\n<p><a href=\"#_ftnref3\">[3]<\/a> <a href=\"https:\/\/www.dailymail.co.uk\/femail\/article-5376755\/Meet-Britains-likely-duchess.html\">Meet Britain&rsquo;s least likely duchess Tracy Worcester | Daily Mail Online<\/a><\/p>\n\n\n\n<p><a href=\"https:\/\/www.alamyimages.fr\/photo-image-tracy-somerset-duchesse-de-beaufort-egalement-connu-sous-le-nom-de-tracy-ward-tracy-tracy-worcester-somerset-photographie-dans-sa-maison-a-badminton-144587085.html\">Tracy Somerset, duchesse de beaufort \u00e9galement connu sous le nom de tracy ward, Tracy Tracy worcester somerset,photographi\u00e9 dans sa maison \u00e0 Badminton Photo Stock &#8211; Alamy (alamyimages.fr)<\/a><\/p>\n\n\n\n<p><a href=\"https:\/\/www.independent.co.uk\/news\/people\/profiles\/tracy-worcester-mummy-s-got-to-save-the-planet-8433313.html\">Tracy Worcester: &lsquo;Mummy&rsquo;s got to save the planet&rsquo; | The Independent | The Independent<\/a><\/p>\n\n\n\n<p><a href=\"https:\/\/www.google.fr\/search?q=tracy+worcester+badminton&amp;tbm=isch&amp;chips=q:tracy+worcester+badminton,online_chips:beaufort:PJ96pa4u2xo%3D&amp;hl=fr&amp;sa=X&amp;ved=2ahUKEwiH_OWXsdD1AhUK0hQKHc7uBPIQ4lYoAnoECAEQIA&amp;biw=1381&amp;bih=685\">tracy worcester badminton \u2013 Recherche&nbsp;Google<\/a><\/p>\n\n\n\n<p><a href=\"#_ftnref4\">[4]<\/a> <a href=\"http:\/\/monika-karbowska-liberte-pour-julian-assange.ovh\/?p=5\">Fin de partie romantique de l\u2019affaire Julian Assange? 1\u00e8re partie \u2013 Libert\u00e9 pour Julian Assange \u2013 Monika Karbowska (monika-karbowska-liberte-pour-julian-assange.ovh)<\/a><\/p>\n\n\n\n<p><a href=\"http:\/\/monika-karbowska-liberte-pour-julian-assange.ovh\/?p=24\">Fin de partie romantique de l\u2019affaire Julian Assange? 2\u00e8me partie \u2013 Libert\u00e9 pour Julian Assange \u2013 Monika Karbowska (monika-karbowska-liberte-pour-julian-assange.ovh)<\/a><\/p>\n\n\n\n<p><a href=\"http:\/\/monika-karbowska-liberte-pour-julian-assange.ovh\/?p=1913\">20 septembre 2019, Westminster Magistrate Court, l\u2019audience de Julian Assange qui ne devait pas avoir lieu \u2013 Libert\u00e9 pour Julian Assange \u2013 Monika Karbowska (monika-karbowska-liberte-pour-julian-assange.ovh)<\/a><\/p>\n\n\n\n<p><a href=\"#_ftnref5\">[5]<\/a> <a href=\"https:\/\/www.telegraph.co.uk\/news\/2017\/08\/18\/duke-beauforts-wife-insists-will-duchess-despite-four-year-separation\/#:~:text=Contact%20us-,Duke%20of%20Beaufort%27s%20wife%20insists%20she,Duchess%20despite%20four%2Dyear%20separation&amp;text=%E2%80%9CHow%20could%20she%20be%20the,living%20there%20and%20running%20it%3F%E2%80%9D&amp;text=Instead%2C%20Ms%20Powell%20could%20upon,%2C%20and%20not%20legally%2Dbinding.\">Duke of Beaufort&rsquo;s wife insists she will be Duchess despite four-year separation (telegraph.co.uk)<\/a><\/p>\n\n\n\n<p><a href=\"#_ftnref6\">[6]<\/a>&nbsp; <a href=\"https:\/\/www.illustre.ch\/magazine\/stella-morris-et-julian-assange-on-adorerait-vivre-en-suisse\">Stella Morris et Julian Assange: \u00abOn adorerait vivre en Suisse\u00bb | Illustr\u00e9 (illustre.ch)<\/a><\/p>\n\n\n\n<figure class=\"wp-block-image size-large\"><img loading=\"lazy\" width=\"1024\" height=\"589\" src=\"http:\/\/monika-karbowska-liberte-pour-julian-assange.ovh\/wp-content\/uploads\/2022\/03\/Moris-suisse-et-tracy-ward-1-1024x589.png\" alt=\"\" class=\"wp-image-2191\" srcset=\"http:\/\/monika-karbowska-liberte-pour-julian-assange.ovh\/wp-content\/uploads\/2022\/03\/Moris-suisse-et-tracy-ward-1-1024x589.png 1024w, http:\/\/monika-karbowska-liberte-pour-julian-assange.ovh\/wp-content\/uploads\/2022\/03\/Moris-suisse-et-tracy-ward-1-300x173.png 300w, http:\/\/monika-karbowska-liberte-pour-julian-assange.ovh\/wp-content\/uploads\/2022\/03\/Moris-suisse-et-tracy-ward-1-768x442.png 768w, http:\/\/monika-karbowska-liberte-pour-julian-assange.ovh\/wp-content\/uploads\/2022\/03\/Moris-suisse-et-tracy-ward-1-1536x884.png 1536w, http:\/\/monika-karbowska-liberte-pour-julian-assange.ovh\/wp-content\/uploads\/2022\/03\/Moris-suisse-et-tracy-ward-1-1568x903.png 1568w, http:\/\/monika-karbowska-liberte-pour-julian-assange.ovh\/wp-content\/uploads\/2022\/03\/Moris-suisse-et-tracy-ward-1.png 1713w\" sizes=\"(max-width: 1024px) 100vw, 1024px\" \/><\/figure>\n\n\n\n<p><a href=\"#_ftnref7\">[7]<\/a> <a href=\"https:\/\/www.bbc.com\/news\/uk-england-gloucestershire-26067015\">Lord Edward Somerset jailed for beating wife Caroline &#8211; BBC News<\/a><\/p>\n\n\n\n<p><a href=\"https:\/\/en.wikipedia.org\/wiki\/Henry_Somerset,_12th_Duke_of_Beaufort\">Henry Somerset, 12th Duke of Beaufort &#8211; Wikipedia<\/a><\/p>\n\n\n\n<p><a href=\"#_ftnref8\">[8]<\/a> <a href=\"http:\/\/farmsnotfactories.org\/about-us#section4\">About Us \u2022 Farms Not Factories<\/a><\/p>\n\n\n\n<figure class=\"wp-block-image size-large\"><img loading=\"lazy\" width=\"1024\" height=\"576\" src=\"http:\/\/monika-karbowska-liberte-pour-julian-assange.ovh\/wp-content\/uploads\/2022\/03\/Farms-not-factories-photo-1-1024x576.png\" alt=\"\" class=\"wp-image-2195\" srcset=\"http:\/\/monika-karbowska-liberte-pour-julian-assange.ovh\/wp-content\/uploads\/2022\/03\/Farms-not-factories-photo-1-1024x576.png 1024w, http:\/\/monika-karbowska-liberte-pour-julian-assange.ovh\/wp-content\/uploads\/2022\/03\/Farms-not-factories-photo-1-300x169.png 300w, http:\/\/monika-karbowska-liberte-pour-julian-assange.ovh\/wp-content\/uploads\/2022\/03\/Farms-not-factories-photo-1-768x432.png 768w, http:\/\/monika-karbowska-liberte-pour-julian-assange.ovh\/wp-content\/uploads\/2022\/03\/Farms-not-factories-photo-1-1536x864.png 1536w, http:\/\/monika-karbowska-liberte-pour-julian-assange.ovh\/wp-content\/uploads\/2022\/03\/Farms-not-factories-photo-1-1568x882.png 1568w, http:\/\/monika-karbowska-liberte-pour-julian-assange.ovh\/wp-content\/uploads\/2022\/03\/Farms-not-factories-photo-1.png 1920w\" sizes=\"(max-width: 1024px) 100vw, 1024px\" \/><\/figure>\n\n\n\n<p><a href=\"#_ftnref9\">[9]<\/a> <\/p>\n\n\n\n<figure class=\"wp-block-image size-large\"><img loading=\"lazy\" width=\"1024\" height=\"576\" src=\"http:\/\/monika-karbowska-liberte-pour-julian-assange.ovh\/wp-content\/uploads\/2022\/03\/Farms-not-factories-charity-1-1024x576.png\" alt=\"\" class=\"wp-image-2196\" srcset=\"http:\/\/monika-karbowska-liberte-pour-julian-assange.ovh\/wp-content\/uploads\/2022\/03\/Farms-not-factories-charity-1-1024x576.png 1024w, http:\/\/monika-karbowska-liberte-pour-julian-assange.ovh\/wp-content\/uploads\/2022\/03\/Farms-not-factories-charity-1-300x169.png 300w, http:\/\/monika-karbowska-liberte-pour-julian-assange.ovh\/wp-content\/uploads\/2022\/03\/Farms-not-factories-charity-1-768x432.png 768w, http:\/\/monika-karbowska-liberte-pour-julian-assange.ovh\/wp-content\/uploads\/2022\/03\/Farms-not-factories-charity-1-1536x864.png 1536w, http:\/\/monika-karbowska-liberte-pour-julian-assange.ovh\/wp-content\/uploads\/2022\/03\/Farms-not-factories-charity-1-1568x882.png 1568w, http:\/\/monika-karbowska-liberte-pour-julian-assange.ovh\/wp-content\/uploads\/2022\/03\/Farms-not-factories-charity-1.png 1920w\" sizes=\"(max-width: 1024px) 100vw, 1024px\" \/><\/figure>\n\n\n\n<p><a href=\"#_ftnref10\">[10]<\/a> <\/p>\n\n\n\n<figure class=\"wp-block-image size-large\"><img loading=\"lazy\" width=\"1024\" height=\"576\" src=\"http:\/\/monika-karbowska-liberte-pour-julian-assange.ovh\/wp-content\/uploads\/2022\/03\/Farms-not-factories-the-cottage-1-1024x576.png\" alt=\"\" class=\"wp-image-2199\" srcset=\"http:\/\/monika-karbowska-liberte-pour-julian-assange.ovh\/wp-content\/uploads\/2022\/03\/Farms-not-factories-the-cottage-1-1024x576.png 1024w, http:\/\/monika-karbowska-liberte-pour-julian-assange.ovh\/wp-content\/uploads\/2022\/03\/Farms-not-factories-the-cottage-1-300x169.png 300w, http:\/\/monika-karbowska-liberte-pour-julian-assange.ovh\/wp-content\/uploads\/2022\/03\/Farms-not-factories-the-cottage-1-768x432.png 768w, http:\/\/monika-karbowska-liberte-pour-julian-assange.ovh\/wp-content\/uploads\/2022\/03\/Farms-not-factories-the-cottage-1-1536x864.png 1536w, http:\/\/monika-karbowska-liberte-pour-julian-assange.ovh\/wp-content\/uploads\/2022\/03\/Farms-not-factories-the-cottage-1-1568x882.png 1568w, http:\/\/monika-karbowska-liberte-pour-julian-assange.ovh\/wp-content\/uploads\/2022\/03\/Farms-not-factories-the-cottage-1.png 1920w\" sizes=\"(max-width: 1024px) 100vw, 1024px\" \/><\/figure>\n\n\n\n<p><a href=\"#_ftnref11\">[11]<\/a> <a href=\"https:\/\/www.google.fr\/maps\/place\/Kennel+Dr+%26+High+St,+Badminton+GL9+1EH,+Royaume-Uni\/@51.5426351,-2.2856838,3a,90y,12.4h,90t\/data=!3m6!1e1!3m4!1scIXyiw_vn3hyQwXeKqf33Q!2e0!7i13312!8i6656!4m5!3m4!1s0x48717636528dfb03:0x281f6a0ca4cd5d82!8m2!3d51.5426307!4d-2.2856435\">7 The Limes &#8211; Google&nbsp;Maps<\/a><\/p>\n\n\n\n<figure class=\"wp-block-image size-large\"><img loading=\"lazy\" width=\"1024\" height=\"534\" src=\"http:\/\/monika-karbowska-liberte-pour-julian-assange.ovh\/wp-content\/uploads\/2022\/03\/The-cottage-Badminton-sur-google-1024x534.png\" alt=\"\" class=\"wp-image-2208\" srcset=\"http:\/\/monika-karbowska-liberte-pour-julian-assange.ovh\/wp-content\/uploads\/2022\/03\/The-cottage-Badminton-sur-google-1024x534.png 1024w, http:\/\/monika-karbowska-liberte-pour-julian-assange.ovh\/wp-content\/uploads\/2022\/03\/The-cottage-Badminton-sur-google-300x156.png 300w, http:\/\/monika-karbowska-liberte-pour-julian-assange.ovh\/wp-content\/uploads\/2022\/03\/The-cottage-Badminton-sur-google-768x400.png 768w, http:\/\/monika-karbowska-liberte-pour-julian-assange.ovh\/wp-content\/uploads\/2022\/03\/The-cottage-Badminton-sur-google-1536x801.png 1536w, http:\/\/monika-karbowska-liberte-pour-julian-assange.ovh\/wp-content\/uploads\/2022\/03\/The-cottage-Badminton-sur-google-1568x818.png 1568w, http:\/\/monika-karbowska-liberte-pour-julian-assange.ovh\/wp-content\/uploads\/2022\/03\/The-cottage-Badminton-sur-google.png 1910w\" sizes=\"(max-width: 1024px) 100vw, 1024px\" \/><\/figure>\n\n\n\n<p><a href=\"#_ftnref12\">[12]<\/a> <a href=\"https:\/\/en.wikipedia.org\/wiki\/Badminton_House\">Badminton House &#8211; Wikipedia<\/a><\/p>\n\n\n\n<p><a href=\"https:\/\/www.independent.co.uk\/news\/people\/profiles\/tracy-worcester-mummy-s-got-to-save-the-planet-8433313.html\">Tracy Worcester: &lsquo;Mummy&rsquo;s got to save the planet&rsquo; | The Independent | The Independent<\/a><\/p>\n\n\n\n<p><a href=\"https:\/\/www.facebook.com\/houseandheritage\/posts\/badminton-house-great-badminton-gloucestershireharry-worcester-known-to-everyone\/1615624181842406\/\">House and Heritage &#8211; Publications (facebook.com)<\/a><\/p>\n\n\n\n<p><a href=\"#_ftnref13\">[13]<\/a> <a href=\"https:\/\/www.dailymail.co.uk\/news\/article-4803898\/Rock-n-roll-duke-plays-band-inherited-315m.html\">&nbsp;https:\/\/www.dailymail.co.uk\/news\/article-4803898\/Rock-n-roll-duke-plays-band-inherited-315m.html<\/a><\/p>\n\n\n\n<p><a href=\"https:\/\/fr.wikipedia.org\/wiki\/Maison_de_Beaufort\">Maison de Beaufort \u2014 Wikip\u00e9dia (wikipedia.org)<\/a><\/p>\n\n\n\n<p><a href=\"#_ftnref14\">[14]<\/a> <a href=\"https:\/\/www.dailymail.co.uk\/news\/article-7564427\/Lucy-Yorke-Long-gets-engaged-Duke-Beaufort-Bobby-Worcester.html\">Lucy Yorke-Long gets engaged to Duke of Beaufort Bobby Worcester | Daily Mail Online<\/a><\/p>\n\n\n\n<p><a href=\"#_ftnref15\">[15]<\/a> <a href=\"https:\/\/www.imdb.com\/name\/nm1374293\/\">Alastair Kenneil &#8211; IMDb<\/a><\/p>\n\n\n\n<p><a href=\"#_ftnref16\">[16]<\/a> <a href=\"https:\/\/www.crunchbase.com\/person\/ian-m-worrall\">Ian Worrall &#8211; Co-founder @ MyBit &#8211; Crunchbase Person Profile<\/a><\/p>\n\n\n\n<p><a href=\"#_ftnref17\">[17]<\/a> <\/p>\n\n\n\n<figure class=\"wp-block-image size-large\"><img loading=\"lazy\" width=\"1024\" height=\"576\" src=\"http:\/\/monika-karbowska-liberte-pour-julian-assange.ovh\/wp-content\/uploads\/2022\/03\/Neil-Lodge-Badminton-1-1024x576.png\" alt=\"\" class=\"wp-image-2223\" srcset=\"http:\/\/monika-karbowska-liberte-pour-julian-assange.ovh\/wp-content\/uploads\/2022\/03\/Neil-Lodge-Badminton-1-1024x576.png 1024w, http:\/\/monika-karbowska-liberte-pour-julian-assange.ovh\/wp-content\/uploads\/2022\/03\/Neil-Lodge-Badminton-1-300x169.png 300w, http:\/\/monika-karbowska-liberte-pour-julian-assange.ovh\/wp-content\/uploads\/2022\/03\/Neil-Lodge-Badminton-1-768x432.png 768w, http:\/\/monika-karbowska-liberte-pour-julian-assange.ovh\/wp-content\/uploads\/2022\/03\/Neil-Lodge-Badminton-1-1536x864.png 1536w, http:\/\/monika-karbowska-liberte-pour-julian-assange.ovh\/wp-content\/uploads\/2022\/03\/Neil-Lodge-Badminton-1-1568x882.png 1568w, http:\/\/monika-karbowska-liberte-pour-julian-assange.ovh\/wp-content\/uploads\/2022\/03\/Neil-Lodge-Badminton-1.png 1920w\" sizes=\"(max-width: 1024px) 100vw, 1024px\" \/><\/figure>\n\n\n\n<p><a href=\"#_ftnref18\">[18]<\/a> <a href=\"https:\/\/en.wikipedia.org\/wiki\/Lower_Woods\">Lower Woods &#8211; Wikipedia<\/a><\/p>\n\n\n\n<p><a href=\"#_ftnref19\">[19]<\/a><a href=\"https:\/\/en.wikipedia.org\/wiki\/Gloucestershire_Wildlife_Trust\"> Gloucestershire Wildlife Trust &#8211; Wikipedia<\/a><\/p>\n\n\n\n<p><a href=\"https:\/\/register-of-charities.charitycommission.gov.uk\/charity-search\/-\/charity-details\/232580\/trustees\">GLOUCESTERSHIRE WILDLIFE TRUST &#8211; 232580 (charitycommission.gov.uk)<\/a><\/p>\n\n\n\n<p><a href=\"#_ftnref20\">[20]<\/a> <a href=\"https:\/\/find-and-update.company-information.service.gov.uk\/company\/05674310\">THE PRICE OF PROGRESS PRODUCTIONS LIMITED overview &#8211; Find and update company information &#8211; GOV.UK (company-information.service.gov.uk)<\/a><\/p>\n\n\n\n<p><a href=\"#_ftnref21\">[21]<\/a> <a href=\"https:\/\/s3.eu-west-2.amazonaws.com\/document-api-images-live.ch.gov.uk\/docs\/2mclMNaauYJuXsp0b8cM8krs4EG530tUH1s394zEJnU\/application-pdf?X-Amz-Algorithm=AWS4-HMAC-SHA256&amp;X-Amz-Credential=ASIAWRGBDBV3CTX3A7OK%2F20220130%2Feu-west-2%2Fs3%2Faws4_request&amp;X-Amz-Date=20220130T195503Z&amp;X-Amz-Expires=60&amp;X-Amz-Security-Token=IQoJb3JpZ2luX2VjEOP%2F%2F%2F%2F%2F%2F%2F%2F%2F%2FwEaCWV1LXdlc3QtMiJIMEYCIQClgrAJMbokoMpbCgeGAxXSDCdTNZ9gESVuh58b4wPTvgIhAMkMAjn5FgnJ%2FHVbCyGXzBg2flfOUwznGGdAwRZOXIjJKvoDCBsQBBoMNDQ5MjI5MDMyODIyIgzpxQUZYIalHfzl%2BdAq1wMHkQDn3Dx%2Ft8URmpYdcpyE%2BWRAsv5XJXOreETQORcl%2BPx6mtRmVegN1%2FI031%2Bh31zVxx9ChOb5DSVByoZT5gjPQvRxq9ZZZX3l%2BzabRJDiAz2wVmXjrHDeRzJ7dV88D73HaO6Ozgc%2Fi0PdxQsxuy5MqK4GeuGYMosE7wQPmSFkMk%2Bgj9stAaRSaNRQ2FTbV89hqR4DeQH%2BdDVRRwb7Q2rOTg5QeBpdsF1vO3HJd%2BLAY914QxGv0A4Q1LPqWDWDPxpgqYt0eXoyCg1JHoiDuxUM8Aj7JMR2jwwvIZplNH18DV8Ed4RJrej9s0eXbeDE1oN02ppQsMRYgNYId8OOvvgsK5d82l%2FQDN4jOksE%2ByIbLGsmr6OlbiRgm9l2FWh0q9zrk6L0oNbxYNAItjZT9qb9kMmlTFsVi3eaTE%2BBHgMKHvC2nxVhNgFQy7Z8eyzYEmAG3oNztai1EoEmCPRMok%2FjZ2GupO26HQSNF46nr%2FLLSX5OmvxKqxmsiXGsFaaKN1xnZ4Hvj%2BD5CK1%2Fj%2BrCE1%2FILZ0wa7au9yLb2tqdRDz38sWJ%2BXysi0fUx5oyJKJ0V92b9we9XbGQcbkJM5WirHpC1dqTXZCNpIjG8bTuuud4q4kwOqZChZAwwa3bjwY6pAHyerkKhQR318rPeJD6Uytjhh8dMjx1EPtL1IJsd9F1R5M4GMswYodoPTP9xx6S9KFGqme5M8oJ5DFeSNaUAXzXk6yz9PFsXjkJkSOQtqASDPtuNAcFiXUclNh71VKEKR7vTgdV3UkAZPeOqcCej2sPgl%2FvlmMc7uvA3LPgk%2FvhW46VcFNIhFpjSO%2FRVYZ3G%2FU7SUQZQNux13BQ1wZL5AatgUeMow%3D%3D&amp;X-Amz-SignedHeaders=host&amp;response-content-disposition=inline%3Bfilename%3D%22companies_house_document.pdf%22&amp;X-Amz-Signature=0f444f817291b73428f447b9eac919633334f62217bb96ca51be79e29a4e40ed\">application-pdf<\/a><\/p>\n\n\n\n<figure class=\"wp-block-image size-large\"><img loading=\"lazy\" width=\"1024\" height=\"576\" src=\"http:\/\/monika-karbowska-liberte-pour-julian-assange.ovh\/wp-content\/uploads\/2022\/03\/Harry-cottage-Price-of-Progress-Production-1-1024x576.png\" alt=\"\" class=\"wp-image-2231\" srcset=\"http:\/\/monika-karbowska-liberte-pour-julian-assange.ovh\/wp-content\/uploads\/2022\/03\/Harry-cottage-Price-of-Progress-Production-1-1024x576.png 1024w, http:\/\/monika-karbowska-liberte-pour-julian-assange.ovh\/wp-content\/uploads\/2022\/03\/Harry-cottage-Price-of-Progress-Production-1-300x169.png 300w, http:\/\/monika-karbowska-liberte-pour-julian-assange.ovh\/wp-content\/uploads\/2022\/03\/Harry-cottage-Price-of-Progress-Production-1-768x432.png 768w, http:\/\/monika-karbowska-liberte-pour-julian-assange.ovh\/wp-content\/uploads\/2022\/03\/Harry-cottage-Price-of-Progress-Production-1-1536x864.png 1536w, http:\/\/monika-karbowska-liberte-pour-julian-assange.ovh\/wp-content\/uploads\/2022\/03\/Harry-cottage-Price-of-Progress-Production-1-1568x882.png 1568w, http:\/\/monika-karbowska-liberte-pour-julian-assange.ovh\/wp-content\/uploads\/2022\/03\/Harry-cottage-Price-of-Progress-Production-1.png 1920w\" sizes=\"(max-width: 1024px) 100vw, 1024px\" \/><\/figure>\n\n\n\n<p><a href=\"#_ftnref22\">[22]<\/a> <\/p>\n\n\n\n<figure class=\"wp-block-image size-large\"><img loading=\"lazy\" width=\"1024\" height=\"576\" src=\"http:\/\/monika-karbowska-liberte-pour-julian-assange.ovh\/wp-content\/uploads\/2022\/03\/Adrian-Killmartin-et-la-marquise-Tracy-1-1024x576.png\" alt=\"\" class=\"wp-image-2233\" srcset=\"http:\/\/monika-karbowska-liberte-pour-julian-assange.ovh\/wp-content\/uploads\/2022\/03\/Adrian-Killmartin-et-la-marquise-Tracy-1-1024x576.png 1024w, http:\/\/monika-karbowska-liberte-pour-julian-assange.ovh\/wp-content\/uploads\/2022\/03\/Adrian-Killmartin-et-la-marquise-Tracy-1-300x169.png 300w, http:\/\/monika-karbowska-liberte-pour-julian-assange.ovh\/wp-content\/uploads\/2022\/03\/Adrian-Killmartin-et-la-marquise-Tracy-1-768x432.png 768w, http:\/\/monika-karbowska-liberte-pour-julian-assange.ovh\/wp-content\/uploads\/2022\/03\/Adrian-Killmartin-et-la-marquise-Tracy-1-1536x864.png 1536w, http:\/\/monika-karbowska-liberte-pour-julian-assange.ovh\/wp-content\/uploads\/2022\/03\/Adrian-Killmartin-et-la-marquise-Tracy-1-1568x882.png 1568w, http:\/\/monika-karbowska-liberte-pour-julian-assange.ovh\/wp-content\/uploads\/2022\/03\/Adrian-Killmartin-et-la-marquise-Tracy-1.png 1920w\" sizes=\"(max-width: 1024px) 100vw, 1024px\" \/><\/figure>\n\n\n\n<p><a href=\"#_ftnref23\">[23]<\/a><\/p>\n\n\n\n<figure class=\"wp-block-image size-large\"><img loading=\"lazy\" width=\"1024\" height=\"576\" src=\"http:\/\/monika-karbowska-liberte-pour-julian-assange.ovh\/wp-content\/uploads\/2022\/03\/Tracy-marquise-director-2009-1-1024x576.png\" alt=\"\" class=\"wp-image-2234\" srcset=\"http:\/\/monika-karbowska-liberte-pour-julian-assange.ovh\/wp-content\/uploads\/2022\/03\/Tracy-marquise-director-2009-1-1024x576.png 1024w, http:\/\/monika-karbowska-liberte-pour-julian-assange.ovh\/wp-content\/uploads\/2022\/03\/Tracy-marquise-director-2009-1-300x169.png 300w, http:\/\/monika-karbowska-liberte-pour-julian-assange.ovh\/wp-content\/uploads\/2022\/03\/Tracy-marquise-director-2009-1-768x432.png 768w, http:\/\/monika-karbowska-liberte-pour-julian-assange.ovh\/wp-content\/uploads\/2022\/03\/Tracy-marquise-director-2009-1-1536x864.png 1536w, http:\/\/monika-karbowska-liberte-pour-julian-assange.ovh\/wp-content\/uploads\/2022\/03\/Tracy-marquise-director-2009-1-1568x882.png 1568w, http:\/\/monika-karbowska-liberte-pour-julian-assange.ovh\/wp-content\/uploads\/2022\/03\/Tracy-marquise-director-2009-1.png 1920w\" sizes=\"(max-width: 1024px) 100vw, 1024px\" \/><\/figure>\n\n\n\n<p><a href=\"#_ftnref24\">[24]<\/a> <a href=\"https:\/\/s3.eu-west-2.amazonaws.com\/document-api-images-live.ch.gov.uk\/docs\/Z7hue_zSySy9EzCeDWvNANOgq15OpxTH_VmQl1CPejg\/application-pdf?X-Amz-Algorithm=AWS4-HMAC-SHA256&amp;X-Amz-Credential=ASIAWRGBDBV3JDOUONWT%2F20220130%2Feu-west-2%2Fs3%2Faws4_request&amp;X-Amz-Date=20220130T200815Z&amp;X-Amz-Expires=60&amp;X-Amz-Security-Token=IQoJb3JpZ2luX2VjEOL%2F%2F%2F%2F%2F%2F%2F%2F%2F%2FwEaCWV1LXdlc3QtMiJHMEUCIEuP%2B42VcDLhbaPahFqVxPxJU%2BWLZf4qo1OV1Nfjj4kFAiEAw6pNW%2FezGKpkjX5EnDNBfVM%2B3vBrVT3jIK%2BQvW3QOZUq%2BgMIGhAEGgw0NDkyMjkwMzI4MjIiDILDrQCX%2B4V66%2FmdBCrXA0%2FgycdAQ%2FJoE2HeXjwj8CFXWuUlQJC969mdBHRvd%2FTpXGkc3iARYFzrsCez8IQHh2aWaB75QIwkQvslqbiwouDemSUdQtKdKhzGkNDPvH7uyybp8LhY7GLPiJbSshzdcBGMLi9BBEGs9vp6lQEEtIOTvbt%2BOnLF1C6rm3n5JGnfh3zLVBHf69dMbOzyuKLF6N5GTckBcW4OEEYSPz9VLlSQyUgGypfhrRSObqXBmXfwCjBBvjqvtodnDY%2FsiNhxCxho7ofHjGBEHh0hWmHG7zTGmDN4JEhUU8grNy6JRVq6Qd3%2BIf05Z63W8wdHaWSbg3jTdl2t9uuU2aNIvLcNQhw0hVn6hhJIkwfjCSlSKhJS94XpF4Q2%2FuNLlkTRvcYqHczJHI0BpHns7KrsfJPLf9n3QWfOrbL4b4eyEgofyUvU7kIyWZ89BQ8h5VXEjqTF2%2FAil5zQZlwldZM3fG0AsOIoQ1Yw2K61Jt5GQX0ryZBLVDB6v7ldRhMYpahUK4gPMX1sVUQjKNTShyh1NPLjHPf3qHyD3HRAxPfGvKFdB2eGRRD7nVo2UkX1LG5FuM1i2DmsLpKSA76pAgH%2BeGCuL02ENHxc%2Bgf9MGLyNeNNxmmN7BsmMyKwkzDEkduPBjqlATkFzHk%2Fj%2Fn9TG%2Fi8W9NPbmYJQCh6hj1OVTwN%2F6EnX%2B1frDCyAl0sdunlDNYH9W9Zm%2BnEM3DFphJ3PGEd2xleBmmDar3kvjCAkTHVyGY4Nfw6Jx7EjDVmEYe9xX0viqKgZxXSPzQ%2Bt%2F6iKCUJAeTj0%2FGQ8UI1pxoOo4dr1Go02G%2F6OPFpTh711BlZAnVyCUxSwmicn32kN32fDUjyCFZqTKHYb3ncw%3D%3D&amp;X-Amz-SignedHeaders=host&amp;response-content-disposition=inline%3Bfilename%3D%22companies_house_document.pdf%22&amp;X-Amz-Signature=e6d347aa42135eb92a3bc8ef5a897cb3ab0cc9914b01fa5a84c1f7cde3a37bea\">application-pdf<\/a><\/p>\n\n\n\n<p><a href=\"#_ftnref25\">[25]<\/a> <a href=\"https:\/\/fr.wikipedia.org\/wiki\/Eve_Balfour\">Eve Balfour \u2014 Wikip\u00e9dia (wikipedia.org)<\/a><\/p>\n\n\n\n<p><a href=\"http:\/\/monika-karbowska-liberte-pour-julian-assange.ovh\/wp-admin\/post.php?post=2093&amp;action=edit#_ftnref25\">[26]<\/a><\/p>\n\n\n\n<figure class=\"wp-block-image size-large\"><img loading=\"lazy\" width=\"1024\" height=\"576\" src=\"http:\/\/monika-karbowska-liberte-pour-julian-assange.ovh\/wp-content\/uploads\/2022\/03\/Soil-Association-Tracy-Ward-1-1024x576.png\" alt=\"\" class=\"wp-image-2238\" srcset=\"http:\/\/monika-karbowska-liberte-pour-julian-assange.ovh\/wp-content\/uploads\/2022\/03\/Soil-Association-Tracy-Ward-1-1024x576.png 1024w, http:\/\/monika-karbowska-liberte-pour-julian-assange.ovh\/wp-content\/uploads\/2022\/03\/Soil-Association-Tracy-Ward-1-300x169.png 300w, http:\/\/monika-karbowska-liberte-pour-julian-assange.ovh\/wp-content\/uploads\/2022\/03\/Soil-Association-Tracy-Ward-1-768x432.png 768w, http:\/\/monika-karbowska-liberte-pour-julian-assange.ovh\/wp-content\/uploads\/2022\/03\/Soil-Association-Tracy-Ward-1-1536x864.png 1536w, http:\/\/monika-karbowska-liberte-pour-julian-assange.ovh\/wp-content\/uploads\/2022\/03\/Soil-Association-Tracy-Ward-1-1568x882.png 1568w, http:\/\/monika-karbowska-liberte-pour-julian-assange.ovh\/wp-content\/uploads\/2022\/03\/Soil-Association-Tracy-Ward-1.png 1920w\" sizes=\"(max-width: 1024px) 100vw, 1024px\" \/><\/figure>\n\n\n\n<p><a href=\"#_ftnref27\">[27]<\/a> <a href=\"https:\/\/find-and-update.company-information.service.gov.uk\/officers\/dATW3sgfjp1fcIKCOby31qmi7rE\/appointments\">Adrian Robert KILMARTIN personal appointments &#8211; Find and update company information &#8211; GOV.UK (company-information.service.gov.uk)<\/a><\/p>\n","protected":false},"excerpt":{"rendered":"<p>Monika Karbowska J\u2019ai effectu\u00e9 mon 23 voyage en Angleterre en 2 ans et demi pour le proc\u00e8s de Julian Assange. J\u2019ai s\u00e9journ\u00e9 \u00e0 Londres du 25 octobre 2021 au 3 novembre dernier et ce voyage, dans une Europe ravag\u00e9e par la dictature covidienne depuis 2 ans, me fut une mesure salutaire, une v\u00e9ritable bouff\u00e9e d\u2019oxyg\u00e8ne [&hellip;]<\/p>\n","protected":false},"author":1,"featured_media":0,"comment_status":"open","ping_status":"closed","sticky":false,"template":"","format":"standard","meta":[],"categories":[4],"tags":[],"_links":{"self":[{"href":"http:\/\/monika-karbowska-liberte-pour-julian-assange.ovh\/index.php?rest_route=\/wp\/v2\/posts\/2093"}],"collection":[{"href":"http:\/\/monika-karbowska-liberte-pour-julian-assange.ovh\/index.php?rest_route=\/wp\/v2\/posts"}],"about":[{"href":"http:\/\/monika-karbowska-liberte-pour-julian-assange.ovh\/index.php?rest_route=\/wp\/v2\/types\/post"}],"author":[{"embeddable":true,"href":"http:\/\/monika-karbowska-liberte-pour-julian-assange.ovh\/index.php?rest_route=\/wp\/v2\/users\/1"}],"replies":[{"embeddable":true,"href":"http:\/\/monika-karbowska-liberte-pour-julian-assange.ovh\/index.php?rest_route=%2Fwp%2Fv2%2Fcomments&post=2093"}],"version-history":[{"count":79,"href":"http:\/\/monika-karbowska-liberte-pour-julian-assange.ovh\/index.php?rest_route=\/wp\/v2\/posts\/2093\/revisions"}],"predecessor-version":[{"id":3232,"href":"http:\/\/monika-karbowska-liberte-pour-julian-assange.ovh\/index.php?rest_route=\/wp\/v2\/posts\/2093\/revisions\/3232"}],"wp:attachment":[{"href":"http:\/\/monika-karbowska-liberte-pour-julian-assange.ovh\/index.php?rest_route=%2Fwp%2Fv2%2Fmedia&parent=2093"}],"wp:term":[{"taxonomy":"category","embeddable":true,"href":"http:\/\/monika-karbowska-liberte-pour-julian-assange.ovh\/index.php?rest_route=%2Fwp%2Fv2%2Fcategories&post=2093"},{"taxonomy":"post_tag","embeddable":true,"href":"http:\/\/monika-karbowska-liberte-pour-julian-assange.ovh\/index.php?rest_route=%2Fwp%2Fv2%2Ftags&post=2093"}],"curies":[{"name":"wp","href":"https:\/\/api.w.org\/{rel}","templated":true}]}}