{"id":1482,"date":"2021-06-04T18:22:19","date_gmt":"2021-06-04T16:22:19","guid":{"rendered":"http:\/\/monika-karbowska-liberte-pour-julian-assange.ovh\/?p=1482"},"modified":"2021-06-05T12:29:53","modified_gmt":"2021-06-05T10:29:53","slug":"luniversite-dassas-interdit-a-une-association-de-defense-des-droits-de-lhomme-lentree-a-une-conference-publique","status":"publish","type":"post","link":"http:\/\/monika-karbowska-liberte-pour-julian-assange.ovh\/?p=1482","title":{"rendered":"L\u2019Universit\u00e9 d\u2019Assas interdit \u00e0 une association de d\u00e9fense des Droits de l\u2019Homme l\u2019entr\u00e9e \u00e0 une conf\u00e9rence publique"},"content":{"rendered":"\n<p><\/p>\n\n\n\n<figure class=\"wp-block-image size-large\"><img loading=\"lazy\" width=\"1024\" height=\"664\" src=\"http:\/\/monika-karbowska-liberte-pour-julian-assange.ovh\/wp-content\/uploads\/2021\/06\/Assas-Morris-et-Vey-1-1024x664.png\" alt=\"\" class=\"wp-image-1505\" srcset=\"http:\/\/monika-karbowska-liberte-pour-julian-assange.ovh\/wp-content\/uploads\/2021\/06\/Assas-Morris-et-Vey-1-1024x664.png 1024w, http:\/\/monika-karbowska-liberte-pour-julian-assange.ovh\/wp-content\/uploads\/2021\/06\/Assas-Morris-et-Vey-1-300x195.png 300w, http:\/\/monika-karbowska-liberte-pour-julian-assange.ovh\/wp-content\/uploads\/2021\/06\/Assas-Morris-et-Vey-1-768x498.png 768w, http:\/\/monika-karbowska-liberte-pour-julian-assange.ovh\/wp-content\/uploads\/2021\/06\/Assas-Morris-et-Vey-1-1536x996.png 1536w, http:\/\/monika-karbowska-liberte-pour-julian-assange.ovh\/wp-content\/uploads\/2021\/06\/Assas-Morris-et-Vey-1-1568x1017.png 1568w, http:\/\/monika-karbowska-liberte-pour-julian-assange.ovh\/wp-content\/uploads\/2021\/06\/Assas-Morris-et-Vey-1.png 1593w\" sizes=\"(max-width: 1024px) 100vw, 1024px\" \/><\/figure>\n\n\n\n<p class=\"has-large-font-size\">Monika Karbowska<\/p>\n\n\n\n<p>Le 1 juin dernier nous avons voulu participer en tant qu\u2019association Wikijustice Julian Assange, \u00e0 la conf\u00e9rence donn\u00e9e par Maitre Antoine Vey, accompagn\u00e9e par Madame Stella Morris dans l\u2019enceinte de l\u2019Universit\u00e9 Paris II Assas, au 92 rue d\u2019Assas \u00e0 Paris.<\/p>\n\n\n\n<p>Antoine Vey, proche collaborateur depuis 2013 et associ\u00e9 depuis 2016 de l\u2019actuel ministre de la justice de Macron et Castex, <strong>Eric Dupont Moretti<\/strong>, avait particip\u00e9 avec lui \u00e0 la conf\u00e9rence de presse au sujet de la situation de Julian Assange le 20 f\u00e9vrier 2020 \u00e0 Paris. Cependant, je ne l\u2019ai jamais vu \u00e0 Londres \u00e0 aucune audience du proc\u00e8s de Julian Assange, ni \u00e0 la Westminster Court, ni \u00e0 la Old Bailey, ni au tribunal Woolwich en f\u00e9vrier 2020. J\u2019\u00e9tais donc curieuse d\u2019entendre comment quelqu\u2019un qui n\u2019est pas avocat britannique et n\u2019a particip\u00e9 \u00e0 aucune \u00e9tape du parcours de Julian Assange allait expliquer la strat\u00e9gie juridique destin\u00e9e \u00e0 lui \u00eatre appliqu\u00e9e aujourd\u2019hui.<\/p>\n\n\n\n<p>Je me suis inscrite avec mes coll\u00e8gues le 26 mai sur le site de l\u2019\u00e9v\u00e9nement ou la participation \u00e9tait libre de frais&nbsp;: cela me semblait normal, \u00e9tant donn\u00e9 que l\u2019Universit\u00e9 d\u2019Assas est la prestigieuse et historique Facult\u00e9 de Droit de l\u2019Universit\u00e9 de Paris et donc \u00e0 ce titre une universit\u00e9 publique pay\u00e9e par nos imp\u00f4ts. Certes, l\u2019entreprise <strong>Evenbrite<\/strong> qui g\u00e8re les billets pour le compte de l\u2019association \u00e9tudiante cens\u00e9e organiser l\u2019\u00e9v\u00e9nement est situ\u00e9e \u00e0 San Francisco. C\u2019est un peu \u00e9trange qu\u2019une universit\u00e9 fran\u00e7aise et un avocat fran\u00e7ais aient besoin d\u2019une organisation am\u00e9ricaine pour inscrire des participants \u00e0 une conf\u00e9rence sur un sujet politique et juridique dans une universit\u00e9 publique fran\u00e7aise, mais cela pouvait \u00eatre d\u00fb \u00e0 l\u2019ignorance ou \u00e0 la paresse intellectuelle qui font le lit de bien des dysfonctionnements que nous vivons dans notre soci\u00e9t\u00e9.<\/p>\n\n\n\n<figure class=\"wp-block-image size-large\"><img loading=\"lazy\" width=\"1024\" height=\"543\" src=\"http:\/\/monika-karbowska-liberte-pour-julian-assange.ovh\/wp-content\/uploads\/2021\/06\/billeterie-Tribune-Assas-1024x543.png\" alt=\"\" class=\"wp-image-1487\" srcset=\"http:\/\/monika-karbowska-liberte-pour-julian-assange.ovh\/wp-content\/uploads\/2021\/06\/billeterie-Tribune-Assas-1024x543.png 1024w, http:\/\/monika-karbowska-liberte-pour-julian-assange.ovh\/wp-content\/uploads\/2021\/06\/billeterie-Tribune-Assas-300x159.png 300w, http:\/\/monika-karbowska-liberte-pour-julian-assange.ovh\/wp-content\/uploads\/2021\/06\/billeterie-Tribune-Assas-768x408.png 768w, http:\/\/monika-karbowska-liberte-pour-julian-assange.ovh\/wp-content\/uploads\/2021\/06\/billeterie-Tribune-Assas-1536x815.png 1536w, http:\/\/monika-karbowska-liberte-pour-julian-assange.ovh\/wp-content\/uploads\/2021\/06\/billeterie-Tribune-Assas-1568x832.png 1568w, http:\/\/monika-karbowska-liberte-pour-julian-assange.ovh\/wp-content\/uploads\/2021\/06\/billeterie-Tribune-Assas.png 1920w\" sizes=\"(max-width: 1024px) 100vw, 1024px\" \/><\/figure>\n\n\n\n<p>Ayant obtenu rapidement mon billet d\u2019inscription, je ne me suis donc pas m\u00e9fi\u00e9e. La veille au soir de l\u2019\u00e9v\u00e9nement, \u00e0 10h45 <strong>Tribunes Assas<\/strong>, une association \u00e9tudiante qui figure comme organisateur du d\u00e9bat, m\u2019\u00e9crivit un mail&nbsp;:<\/p>\n\n\n\n<p><em>\u00ab&nbsp;Bonjour, Vous avez r\u00e9serv\u00e9 deux billets pour la conf\u00e9rence de demain e pr\u00e9sentiel au centre assas \u00e0 10h30; malheureusement cela n\u2019est pas possible, ou il nous faut le nom&nbsp; de la deuxi\u00e8me personne. Sans cela, elle ne sera pas en mesure d\u2019entrer dans l\u2019enceinte de l\u2019universit\u00e9. Merci, de nous donner une r\u00e9ponse tr\u00e8s rapidement, Tribunes Assas&nbsp;\u00bb.<\/em><\/p>\n\n\n\n<p>J\u2019ai r\u00e9pondu qu\u2019il s\u2019agissait d\u2019un bug, que je ne voulais r\u00e9server qu\u2019une seule place et j\u2019en ai profit\u00e9 pour demander s\u2019il fallait pr\u00e9senter une pi\u00e8ce d\u2019identit\u00e9 \u00e0 l\u2019entr\u00e9e. Pour le compte de Tribunes Assas la pr\u00e9sidente Rapha\u00eblle de Villeneuve de Flayosc et la vice-pr\u00e9sidente Eulalie Montoya ont signifi\u00e9 leur r\u00e9ponse \u00e9crite le 31 mai \u00e0 21h25&nbsp;: \u00ab&nbsp;oui, il faut une pi\u00e8ce d&rsquo;identit\u00e9 ou tout justificatif d&rsquo;identit\u00e9.&nbsp;Merci&nbsp;\u00bb.<\/p>\n\n\n\n<p>A 21h33 j\u2019obtenais un mail de Eventbrite sign\u00e9 Tribunes Assas&nbsp;: <em>\u00ab&nbsp;Nous vous rappelons que la conf\u00e9rence \u00e0 laquelle vous vous \u00eates inscrit aura lieu demain matin au 92 rue d&rsquo;Assas, amphith\u00e9\u00e2tre 1.&nbsp;Merci de pr\u00e9senter une pi\u00e8ce d&rsquo;idendit\u00e9 \u00e0 l&rsquo;entr\u00e9e et d&rsquo;arriver \u00e0 10h15, sit 15 minutes avant le d\u00e9but pr\u00e9vu \u00e0 10h30&nbsp;\u00bb<\/em> (orthographe originale).<\/p>\n\n\n\n<p>Tout paraissait normal<\/p>\n\n\n\n<p>Apr\u00e8s 2 heures de route de mon domicile de banlieue je me suis pr\u00e9sent\u00e9e avec mon coll\u00e8gue de Wikijustice \u00e0 10h20 \u00e0 l\u2019entr\u00e9e du 92 rue d\u2019Assas, un b\u00e2timent flambant neuf dans le style massif \u00ab&nbsp;jeux olympiques 1936&nbsp;\u00bb qu\u2019affectionnent les promoteurs immobiliers travaillant actuellement d\u2019arrache-pied pour transformer Paris dans le cadre de la d\u00e9sastreuse politique de la maire Hidalgo pour les Jeux Olympiques de 2024.<\/p>\n\n\n\n<p>Nous faisons la queue avec des jeunes gens alors que devant la porte d\u2019entr\u00e9e se tient un homme d\u2019\u00e2ge m\u00fbr qui ressemble \u00e0 un appariteur de coll\u00e8ge et qui, liste de noms \u00e0 la main, inspecte les pi\u00e8ces d\u2019identit\u00e9. Quelle ne fut pas ma surprise lorsque l\u2019homme voyant l\u2019invitation avec la mention Event Brite et QR code que je lui pr\u00e9sente me dit \u00ab&nbsp;vous ne pouvez pas entrer&nbsp;\u00bb.<\/p>\n\n\n\n<p>&nbsp;Je tombe des nues mais avant que je ne puisse lui r\u00e9pondre une jeune fille blonde aux cheveux boucl\u00e9s d\u00fbment masqu\u00e9e (on ne sait jamais \u00e0 qui on a affaire avec ces satan\u00e9s masques\u2026) fonce sur moi pour me dire \u00ab&nbsp;c\u2019est r\u00e9serv\u00e9 uniquement aux \u00e9tudiants d\u2019Assas&nbsp;\u00bb. Je suis plus que surprise, d\u2019une part parce que je ne sais pas qui elle est, elle ne porte aucun signe d\u2019identification, d\u2019autre part parce que j\u2019ai re\u00e7u la veille au soir le mail de confirmation sign\u00e9 Mesdames Rapha\u00eblle de Villeneuve de Flayosc et Eulalie Montoya.<\/p>\n\n\n\n<p>Je r\u00e9ponds que je suis d\u00fbment inscrite, que Tribunes Assas a m\u00eame envoy\u00e9 ce mail de confirmation et avait m\u00eame r\u00e9pondu \u00e0 ma demande s\u2019il faut une pi\u00e8ce d\u2019identit\u00e9 sans jamais me dire que la participation \u00e9tait r\u00e9serv\u00e9e aux seuls \u00e9tudiants&nbsp;! En outre il n\u2019est pas mentionn\u00e9 dans le tract de pr\u00e9sentation de la conf\u00e9rence qui a largement circul\u00e9 sur les r\u00e9seaux sociaux publiquement que la conf\u00e9rence serait ferm\u00e9e. Au contraire, le tract de pr\u00e9sentation sugg\u00e9rait que la participation \u00e9tait libre et physiquement possible.<\/p>\n\n\n\n<p>Je mets sous le nez de mon interlocutrice mon billet de participation et je fouille dans mon t\u00e9l\u00e9phone \u00e0 la recherche du mail de confirmation re\u00e7u la veille de la part des organisatrices. Le jeune fille est d\u00e9sagr\u00e9able et veut me faire croire que le tract de pr\u00e9sentation public limitait la participation aux seuls \u00e9tudiants. Je suis agac\u00e9e \u00ab&nbsp;<strong>Mais ce n\u2019est pas vrai&nbsp;! Les publications n\u2019ont jamais annonc\u00e9 cela&nbsp;! <\/strong>Pourquoi diffusez-vous l\u2019invitation dans les milieux militants si ce n\u2019est pas possible de s\u2019y rendre&nbsp;? Pourquoi avez-vous r\u00e9pondu \u00e0 mes questions sur la pi\u00e8ce d\u2019identit\u00e9 si votre conf\u00e9rence \u00e9tait d\u2019embl\u00e9e limit\u00e9e aux \u00e9tudiants&nbsp;? Pourquoi ne m\u2019avez-vous rien dit hier&nbsp;?&nbsp;\u00bb<\/p>\n\n\n\n<p>Quand aux r\u00e8gles covid dont la demoiselle veut maladroitement se pr\u00e9valoir pour m\u2019interdire l\u2019entr\u00e9e, je r\u00e9ponds comme j\u2019ai r\u00e9pondu \u00e0 la Westminster Court plus de dix fois&nbsp;: \u00ab&nbsp;je suis dans la queue avant le d\u00e9but de la conf\u00e9rence, il n\u2019y a pas de raisons que les autres passent avant moi si le nombre de places est limit\u00e9 pour cause de pr\u00e9tendu covid. Premier arriv\u00e9&nbsp;; premier servi&nbsp;! C\u2019est la r\u00e8gle juste de l\u2019\u00e9galit\u00e9 entre les hommes&nbsp;\u00bb&nbsp;!<\/p>\n\n\n\n<p>Une autre jeune femme se pr\u00e9cipite alors sur moi, elle est brune, cheveux longs, je ne vois pas son visage sous le masque mais sa voix est plus douce&nbsp;: \u00ab&nbsp;On est d\u00e9sol\u00e9 mais en fait on vous a envoy\u00e9 un mail ce matin pour vous le dire&nbsp;\u00bb.<\/p>\n\n\n\n<p>Je reste polie, mais mon agacement est le m\u00eame&nbsp;: \u00ab&nbsp;Vous ne pouvez pas changer les r\u00e8gles du jeu \u00e0 la derni\u00e8re minute&nbsp;! Ce n\u2019est pas d\u00e9mocratique&nbsp;\u00bb&nbsp;!<\/p>\n\n\n\n<p>Mon coll\u00e8gue essaye alors d\u2019expliquer \u00e0 un gar\u00e7on qui nous sommes. Je rench\u00e9ris, alors que nous nous tenons toujours \u00e0 gauche de la porte, en nous \u00e9cartant juste de 2 m\u00e8tres pour laisser les autres de la file entrer puisqu\u2019eux en ont le droit.<\/p>\n\n\n\n<p>La jeune fille brune me dit alors \u00ab&nbsp;vous pouvez suivre la conf\u00e9rence sur zoom&nbsp;\u00bb. C\u2019est exactement ce genre de chose qui m\u2019\u00e9nerve le plus. Je lui r\u00e9ponds <strong>\u00ab&nbsp;la d\u00e9mocratie ce n\u2019est pas zoom. La d\u00e9mocratie se vit \u00e0 visage d\u00e9couvert et en vrai. D\u2019ailleurs il faudrait enlever le masque pour que nous puissions voir \u00e0 qui on a affaire. On ne peut pas dialoguer avec des gens dont on ne voit pas le visage&nbsp;<\/strong>\u00bb.<\/p>\n\n\n\n<p>Je joins le geste \u00e0 la parole et je montre mon visage \u00e0 ces jeunes gens qui prennent cette \u00e9trange habitude de vivre avec un voile permanent sur la bouche, \u00e0 l\u2019image de ces femmes contraintes de vivre ainsi en Arabie Saoudite jusqu\u2019\u00e0 r\u00e9cemment. Un dialogue tendu s\u2019engage.<\/p>\n\n\n\n<figure class=\"wp-block-image size-large\"><img loading=\"lazy\" width=\"1024\" height=\"519\" src=\"http:\/\/monika-karbowska-liberte-pour-julian-assange.ovh\/wp-content\/uploads\/2021\/06\/Assas-dialogue-31.05.2021-1024x519.png\" alt=\"\" class=\"wp-image-1484\" srcset=\"http:\/\/monika-karbowska-liberte-pour-julian-assange.ovh\/wp-content\/uploads\/2021\/06\/Assas-dialogue-31.05.2021-1024x519.png 1024w, http:\/\/monika-karbowska-liberte-pour-julian-assange.ovh\/wp-content\/uploads\/2021\/06\/Assas-dialogue-31.05.2021-300x152.png 300w, http:\/\/monika-karbowska-liberte-pour-julian-assange.ovh\/wp-content\/uploads\/2021\/06\/Assas-dialogue-31.05.2021-768x390.png 768w, http:\/\/monika-karbowska-liberte-pour-julian-assange.ovh\/wp-content\/uploads\/2021\/06\/Assas-dialogue-31.05.2021-1536x779.png 1536w, http:\/\/monika-karbowska-liberte-pour-julian-assange.ovh\/wp-content\/uploads\/2021\/06\/Assas-dialogue-31.05.2021-1568x795.png 1568w, http:\/\/monika-karbowska-liberte-pour-julian-assange.ovh\/wp-content\/uploads\/2021\/06\/Assas-dialogue-31.05.2021.png 1920w\" sizes=\"(max-width: 1024px) 100vw, 1024px\" \/><\/figure>\n\n\n\n<p>Alors je demande \u00e0 ces jeunes ce qu\u2019elles savent du proc\u00e8s de Julian Assange. A voir ces la cinquantaines de jeunes de 20 ans pr\u00e9senter leur carte d\u2019\u00e9tudiant d\u2019un air d\u00e9sabus\u00e9 et en \u00e9coutant leurs conversations, on comprend qu\u2019ils et elles ne s\u2019int\u00e9ressent pas particuli\u00e8rement \u00e0 Julian Assange, mais qu\u2019ils n\u2019assistent \u00e0 cet \u00e9v\u00e9nement que pour obtenir une note et valider leur ann\u00e9e d\u2019\u00e9tude. Alors nous entreprenons de leur expliquer qui nous sommes et comment nous avons contribu\u00e9 \u00e0 sauver Julian Assange de l\u2019extradition ill\u00e9gale. Je leur raconte que c\u2019est \u00e0 Londres qu\u2019il faut aller, que j\u2019y suis all\u00e9e 23 fois \u00e0 23 audiences, qu\u2019il faut se lever de bonne heure et faire la queue pour entrer au tribunal, que <strong>Wikijustice a \u00e9crit 14 demandes de lib\u00e9ration aux cours anglaises<\/strong> et transmises \u00e0 tous les parlementaires, les Lords, les institutions juridiques et politiques du Royaume, des Etats Unis, de l\u2019Union Europ\u00e9enne\u2026 que nous avons re\u00e7u un SOS sign\u00e9 \u00ab&nbsp;Julian Assange&nbsp;\u00bb et qu&rsquo;avec les citoyens mobilis\u00e9s dans le mouvement des Gilets Jaunes, nous sommes all\u00e9s lui porter secours\u2026<\/p>\n\n\n\n<p>Qu\u2019eux, futurs juges et avocats fran\u00e7ais, futurs dipl\u00f4m\u00e9s de cette prestigieuse et c\u00e9l\u00e8bre Facult\u00e9 de Droit dire \u00ab&nbsp;Universit\u00e9 Paris II Assas&nbsp;\u00bb, <strong>doivent comprendre qu\u2019ils ne peuvent pas, n\u2019ont pas le droit de fermer arbitrairemen<\/strong>t la porte d\u2019une conf\u00e9rence ouverte dans une universit\u00e9 publique pay\u00e9e par nos imp\u00f4ts, ou bien nous ne sommes plus en d\u00e9mocratie&nbsp;!&#8230;<\/p>\n\n\n\n<p>Nous parlons d\u2019une voix de plus en plus forte pour bien nous faire entendre des \u00e9tudiants qui de leur place dans la file, nous \u00e9coutent.  Plus notre indignation monte plus nous mesurons l\u2019injustice et l\u2019arbitraire qui s\u2019\u00e9talent devant nous dans toute son horreur&nbsp;: <strong>les citoyens, militants des droits de l\u2019Homme, vir\u00e9s d\u2019une Universit\u00e9 publique ou ils sont venus \u00e9couter une conf\u00e9rence publique sur le sort d\u2019un prisonnier politique<\/strong> qu\u2019ils ont d\u00e9fendu envers et contre tout\u2026 Des citoyens membres d\u2019une association de d\u00e9fense des Droits de l\u2019Hommes vir\u00e9s de l\u2019Universit\u00e9 Paris II Assas par les \u00e9tudiants de cette universit\u00e9, \u00e9tudiants qui seront les futurs juges, avocats et hommes et femmes politiques de notre pays&nbsp;! Voil\u00e0 vers quoi se dirige notre pays si nous ne r\u00e9sistons pas&nbsp;!<\/p>\n\n\n\n<p>Quelques minutes plus tard, je me d\u00e9place sur le c\u00f4t\u00e9 gauche de la porte d\u2019entr\u00e9e pour r\u00e9fl\u00e9chir \u00e0 l\u2019ombre sur la strat\u00e9gie \u00e0 tenir. Mais je n\u2019ai pas le temps de poser mon sac par terre et de prendre mon t\u00e9l\u00e9phone, les jeunes \u00e9tudiantes cheffes de l\u2019organisation s\u2019effacent et <strong>deux hommes sortent du b\u00e2timent.<\/strong> Ils se pr\u00e9cipitent vers nous et nous invectivent avant que nous ne puissions r\u00e9fl\u00e9chir \u00e0 la situation. Le premier est petit, il a les cheveux bruns et porte une chemise noir, un pantalon clair et un masque. Il se rue sur moi et me somme de d\u00e9guerpir\u00a0: \u00ab\u00a0allez-vous en, d\u00e9gagez, vous n\u2019avez rien \u00e0 faire ici\u00a0\u00bb. Je n\u2019ai pas l\u2019habitude \u00e0 ce qu\u2019on me parle sur ce ton dans la vie sociale. L\u2019homme a une d\u00e9gaine d\u2019agent de s\u00e9curit\u00e9, il porte un badge au bout d\u2019un cordon accroch\u00e9 \u00e0 son cou. Mais je ne me laisse pas d\u00e9monter. Lorsqu\u2019il s\u2019avance vers moi, je lui fais face\u00a0:<\/p>\n\n\n\n<figure class=\"wp-block-image size-large\"><img loading=\"lazy\" width=\"1024\" height=\"768\" src=\"http:\/\/monika-karbowska-liberte-pour-julian-assange.ovh\/wp-content\/uploads\/2021\/06\/IMG_1172-1024x768.jpg\" alt=\"\" class=\"wp-image-1490\" srcset=\"http:\/\/monika-karbowska-liberte-pour-julian-assange.ovh\/wp-content\/uploads\/2021\/06\/IMG_1172-1024x768.jpg 1024w, http:\/\/monika-karbowska-liberte-pour-julian-assange.ovh\/wp-content\/uploads\/2021\/06\/IMG_1172-300x225.jpg 300w, http:\/\/monika-karbowska-liberte-pour-julian-assange.ovh\/wp-content\/uploads\/2021\/06\/IMG_1172-768x576.jpg 768w, http:\/\/monika-karbowska-liberte-pour-julian-assange.ovh\/wp-content\/uploads\/2021\/06\/IMG_1172-1536x1152.jpg 1536w, http:\/\/monika-karbowska-liberte-pour-julian-assange.ovh\/wp-content\/uploads\/2021\/06\/IMG_1172-1568x1176.jpg 1568w, http:\/\/monika-karbowska-liberte-pour-julian-assange.ovh\/wp-content\/uploads\/2021\/06\/IMG_1172.jpg 2048w\" sizes=\"(max-width: 1024px) 100vw, 1024px\" \/><\/figure>\n\n\n\n<p>&nbsp;Je lui r\u00e9ponds \u00ab&nbsp;qui \u00eates- vous pour me parler ainsi&nbsp;? Je suis dans un espace public, et j\u2019ai le droit de rester ici&nbsp;\u00bb. Il me toise d\u2019un air m\u00e9prisant&nbsp;: \u00ab&nbsp;C\u2019est une conf\u00e9rence priv\u00e9e, ici c\u2019est priv\u00e9, allez-vous en&nbsp;\u00bb. Avec mon coll\u00e8gue nous sommes de plus en plus indign\u00e9s. <strong>\u00ab&nbsp;Non. Nous sommes dehors, dans un espace public, nous restons&nbsp;\u00bb <\/strong>&#8211; Nous sommes debout sur la petite place sur le c\u00f4t\u00e9 gauche de la porte d\u2019entr\u00e9e, nous ne g\u00eanons aucunement et nous n\u2019emp\u00eachons pas la file de jeunes d\u2019entrer dans l\u2019immeuble. Le ton monte.<\/p>\n\n\n\n<p>Je ne sais toujours pas qui est cet homme qui ne s\u2019est pas pr\u00e9sent\u00e9. Je sais qu\u2019un agent de s\u00e9curit\u00e9 priv\u00e9 doit, selon le livre VI du Code de la S\u00e9curit\u00e9 Int\u00e9rieure<a href=\"#_ftn1\">[1]<\/a>, porter un uniforme mais qui ne doit pas ressembler \u00e0 celui d\u2019un uniforme de police ainsi qu\u2019un badge avec son nom et le nom et le logo de sa soci\u00e9t\u00e9. <strong>L\u2019homme est en civil et je distingue un drapeau bleu blanc rouge sur son badge.<\/strong><\/p>\n\n\n\n<figure class=\"wp-block-image size-large\"><img loading=\"lazy\" width=\"1024\" height=\"768\" src=\"http:\/\/monika-karbowska-liberte-pour-julian-assange.ovh\/wp-content\/uploads\/2021\/06\/IMG_1180-1024x768.jpg\" alt=\"\" class=\"wp-image-1491\" srcset=\"http:\/\/monika-karbowska-liberte-pour-julian-assange.ovh\/wp-content\/uploads\/2021\/06\/IMG_1180-1024x768.jpg 1024w, http:\/\/monika-karbowska-liberte-pour-julian-assange.ovh\/wp-content\/uploads\/2021\/06\/IMG_1180-300x225.jpg 300w, http:\/\/monika-karbowska-liberte-pour-julian-assange.ovh\/wp-content\/uploads\/2021\/06\/IMG_1180-768x576.jpg 768w, http:\/\/monika-karbowska-liberte-pour-julian-assange.ovh\/wp-content\/uploads\/2021\/06\/IMG_1180-1536x1152.jpg 1536w, http:\/\/monika-karbowska-liberte-pour-julian-assange.ovh\/wp-content\/uploads\/2021\/06\/IMG_1180-1568x1176.jpg 1568w, http:\/\/monika-karbowska-liberte-pour-julian-assange.ovh\/wp-content\/uploads\/2021\/06\/IMG_1180.jpg 2048w\" sizes=\"(max-width: 1024px) 100vw, 1024px\" \/><\/figure>\n\n\n\n<p>Devant son attitude de plus en plus mena\u00e7ante, je suis de ferme dans ma d\u00e9fense des lois et des droits fondamentaux humains car, ce qui se passe est un comble devant une universit\u00e9 qui forme des citoyens cens\u00e9s faire respecter ces droits en tous lieux et en toutes circonstances. Monsieur Vey, Monsieur Moretti, les organisateurs de la conf\u00e9rence et la direction d\u2019Assas ont une f\u00e2cheuse tendance \u00e0 confondre censure, dictature et droits de l\u2019Homme. On ne peut que douter de l\u2019efficacit\u00e9 des avocats fran\u00e7ais de Julian Assange car comment pourraient-ils d\u00e9fendre un homme qui a sacrifi\u00e9 sa vie pour la libert\u00e9 d\u2019expression s\u2019ils ne mettent pas tout en \u0153uvre pour que leurs concitoyens soient libres de s\u2019informer, de s\u2019exprimer et de p\u00e9n\u00e9trer dans un lieu d\u00e9di\u00e9 \u00e0 la culture populaire, une universit\u00e9 d\u2019Etat&nbsp;? <\/p>\n\n\n\n<p>Je demande \u00e0 l&rsquo;agent de s\u00e9curit\u00e9  d\u2019appeler son responsable et la police, car je suis s\u00fbre de mon bon droit et je n\u2019ai jamais eu une attitude d\u00e9plac\u00e9e ou violente dans toute cette affaire. <strong>Personne de l\u2019Universit\u00e9 d\u2019Assas n\u2019appellera d\u2019ailleurs la police<\/strong>. Un deuxi\u00e8me homme, \u00e9galement Magr\u00e9bin, portant une chemise blanche et un jean, sort du b\u00e2timent et vient pr\u00eater main forte \u00e0 son coll\u00e8gue. Tous les deux nous repoussent vers la rue. Je ne me laisse pas virer de l\u2019enceinte de l\u2019Universit\u00e9 et je reste devant la grille. La tension monte encore. Mon coll\u00e8gue de Wikijustice explique aux \u00e9tudiants de la file comment les Gilets Jaunes ont d\u00e9fendu Julian Assange et ce qu\u2019est une v\u00e9ritable d\u00e9mocratie.<\/p>\n\n\n\n<p>Je suis d\u00e9sesp\u00e9r\u00e9e par l\u2019attitude soumise des \u00e9tudiants enferm\u00e9s sous leur masque&nbsp;: \u00ab&nbsp;Aujourd\u2019hui vous virez les militants des droits de l\u2019homme d\u2019une universit\u00e9 publique qu\u2019ils payent avec leurs imp\u00f4ts, demain dans 20 ans vous serez \u00e0 notre place, vous ne serez plus rien, vous serez des esclaves&nbsp;!&nbsp;\u00bb La jeune femme blonde qui se faisait passer pour la cheffe des \u00e9tudiants hausse les \u00e9paules \u00ab&nbsp;et alors, ce n\u2019est pas grave&nbsp;\u00bb. Si, c\u2019est grave\u2026<\/p>\n\n\n\n<p>Car lorsque j\u2019\u00e9tais \u00e9tudiante \u00e0 Paris I, Panth\u00e9on Sorbonne, on pouvait entrer librement dans l\u2019universit\u00e9&nbsp;! On pouvait assister \u00e0 un cours magistral en auditeur libre, consulter des ouvrages \u00e0 la biblioth\u00e8que, se renseigner sur le programme des cours, aller \u00e0 un rendez vous avec un professeur\u2026 <strong>Aujourd\u2019hui il n\u2019y a plus d\u2019universit\u00e9 libre, mais elle est toujours pay\u00e9e par les contribuables, il n\u2019est pas normal que l\u2019acc\u00e8s en soit interdit aux citoyens&nbsp;!<\/strong><\/p>\n\n\n\n<figure class=\"wp-block-image size-large\"><img loading=\"lazy\" width=\"1024\" height=\"768\" src=\"http:\/\/monika-karbowska-liberte-pour-julian-assange.ovh\/wp-content\/uploads\/2021\/06\/IMG_1171-1024x768.jpg\" alt=\"\" class=\"wp-image-1492\" srcset=\"http:\/\/monika-karbowska-liberte-pour-julian-assange.ovh\/wp-content\/uploads\/2021\/06\/IMG_1171-1024x768.jpg 1024w, http:\/\/monika-karbowska-liberte-pour-julian-assange.ovh\/wp-content\/uploads\/2021\/06\/IMG_1171-300x225.jpg 300w, http:\/\/monika-karbowska-liberte-pour-julian-assange.ovh\/wp-content\/uploads\/2021\/06\/IMG_1171-768x576.jpg 768w, http:\/\/monika-karbowska-liberte-pour-julian-assange.ovh\/wp-content\/uploads\/2021\/06\/IMG_1171-1536x1152.jpg 1536w, http:\/\/monika-karbowska-liberte-pour-julian-assange.ovh\/wp-content\/uploads\/2021\/06\/IMG_1171-1568x1176.jpg 1568w, http:\/\/monika-karbowska-liberte-pour-julian-assange.ovh\/wp-content\/uploads\/2021\/06\/IMG_1171.jpg 2048w\" sizes=\"(max-width: 1024px) 100vw, 1024px\" \/><\/figure>\n\n\n\n<p>C\u2019est alors qu\u2019un homme d\u2019une 60-taine d\u2019ann\u00e9e sort de la facult\u00e9 accompagn\u00e9 d\u2019une femme un peu plus jeune. Il porte une chemise blanche et une cravate rouge, la femme une jupe verte et un chemisier blanc. Leurs masques emp\u00eachent comme d\u2019habitude de voir leur visage. Il ne se pr\u00e9sente pas, je ne sais pas qui il est, mais avec autorit\u00e9 il me dit que c\u2019est un lieu priv\u00e9 et que nous devons aller dans la rue. Nous r\u00e9pondons invariablement que nous ne sommes pas \u00e0 la D\u00e9fense dans les locaux d\u2019une entreprise priv\u00e9e mais dans une universit\u00e9 publique pay\u00e9e par nos imp\u00f4ts. Le dialogue est impossible. Cependant l\u2019homme ne me menace pas comme l\u2019avait fait son agent de s\u00e9curit\u00e9. Au bout de 5 minutes de discussion tendue il l\u00e2che prise. Lorsque je lui rappelle que lorsque lui a fait ses \u00e9tudes l\u2019entr\u00e9e \u00e0 la facult\u00e9 \u00e9tait libre, il hausse les \u00e9paules d\u2019un air fataliste&nbsp;: \u00ab&nbsp;C\u2019\u00e9tait dans les ann\u00e9es 80&nbsp;\u00bb&nbsp;; dit-il et repart avec la femme vers l\u2019immeuble.<\/p>\n\n\n\n<figure class=\"wp-block-embed is-type-video is-provider-youtube wp-block-embed-youtube wp-embed-aspect-16-9 wp-has-aspect-ratio\"><div class=\"wp-block-embed__wrapper\">\n<iframe title=\"L&#039;Universit\u00e9 d&#039;Assas interdit l&#039;entr\u00e9e \u00e0 une association de d\u00e9fense des droits de l&#039;Homme\" width=\"640\" height=\"360\" src=\"https:\/\/www.youtube.com\/embed\/Ivch-VlbyCg?feature=oembed\" frameborder=\"0\" allow=\"accelerometer; autoplay; clipboard-write; encrypted-media; gyroscope; picture-in-picture\" allowfullscreen><\/iframe>\n<\/div><\/figure>\n\n\n\n<figure class=\"wp-block-image size-large\"><img loading=\"lazy\" width=\"1024\" height=\"768\" src=\"http:\/\/monika-karbowska-liberte-pour-julian-assange.ovh\/wp-content\/uploads\/2021\/06\/IMG_1176-1024x768.jpg\" alt=\"\" class=\"wp-image-1494\" srcset=\"http:\/\/monika-karbowska-liberte-pour-julian-assange.ovh\/wp-content\/uploads\/2021\/06\/IMG_1176-1024x768.jpg 1024w, http:\/\/monika-karbowska-liberte-pour-julian-assange.ovh\/wp-content\/uploads\/2021\/06\/IMG_1176-300x225.jpg 300w, http:\/\/monika-karbowska-liberte-pour-julian-assange.ovh\/wp-content\/uploads\/2021\/06\/IMG_1176-768x576.jpg 768w, http:\/\/monika-karbowska-liberte-pour-julian-assange.ovh\/wp-content\/uploads\/2021\/06\/IMG_1176-1536x1152.jpg 1536w, http:\/\/monika-karbowska-liberte-pour-julian-assange.ovh\/wp-content\/uploads\/2021\/06\/IMG_1176-1568x1176.jpg 1568w, http:\/\/monika-karbowska-liberte-pour-julian-assange.ovh\/wp-content\/uploads\/2021\/06\/IMG_1176.jpg 2048w\" sizes=\"(max-width: 1024px) 100vw, 1024px\" \/><\/figure>\n\n\n\n<p>Nous sommes ici dans la plus ancienne et la plus prestigieuse Universit\u00e9 de Droit en France&nbsp;!<\/p>\n\n\n\n<p>En tant que futur juristes, les jeunes organisateurs de la conf\u00e9rence qui cachent leur visage sous un couvre-visage sectaire et emp\u00eachent des citoyens d\u2019acc\u00e9der \u00e0 un lieu d\u00e9bat d\u00e9mocratique devraient pourtant savoir ceci&nbsp;:<\/p>\n\n\n\n<p><strong>Dissimulation forc\u00e9e du visage en violation du 225-4-10 du code p\u00e9nal Fran\u00e7ais&nbsp;:<\/strong><\/p>\n\n\n\n<p>\u00ab\u00a0Le fait pour toute personne d&rsquo;imposer \u00e0 une ou plusieurs autres personnes de dissimuler leur visage par menace, violence, contrainte, abus d&rsquo;autorit\u00e9 ou abus de pouvoir, en raison de leur sexe, est puni d&rsquo;un an d&#8217;emprisonnement et de 30 000 \u20ac d&rsquo;amende.&nbsp;<\/p>\n\n\n\n<p>Lorsque le fait est commis au pr\u00e9judice d&rsquo;un mineur, les peines sont port\u00e9es \u00e0 deux ans d&#8217;emprisonnement et \u00e0 60 000 \u20ac d&rsquo;amende.\u00a0\u00bb<\/p>\n\n\n\n<p>Si la dissimulation forc\u00e9e du visage par abus d\u2019autorit\u00e9 est un d\u00e9lit lorsqu\u2019elle est impos\u00e9e \u00e0 un citoyen ou une citoyenne en raison de son sexe alors cette dissimulation forc\u00e9e est aussi un d\u00e9lit si elle est impos\u00e9e \u00e0 un citoyen en violation de ses droits fondamentaux.<\/p>\n\n\n\n<p><strong>L\u2019obligation de porter un masque est donc une violation du droit \u00e0 l\u2019int\u00e9grit\u00e9 de la personne<\/strong> tel que garantit, entre autres, <strong>l\u2019article 3 de la Charte des Droits de l\u2019Union Europ\u00e9enne.<\/strong><\/p>\n\n\n\n<p><strong>\u00ab\u00a0Toute personne a droit \u00e0 son int\u00e9grit\u00e9 physique et mentale.<\/strong><\/p>\n\n\n\n<p>Dans le cadre de la m\u00e9decine et de la biologie, doivent notamment \u00eatre respect\u00e9s:<\/p>\n\n\n\n<p>Le consentement libre et \u00e9clair\u00e9 de la personne concern\u00e9e, selon les modalit\u00e9s d\u00e9finies par la loi, l\u2019interdiction des pratiques eug\u00e9niques, notamment celles qui ont pour but la s\u00e9lection des personnes. l\u2019interdiction de faire du corps humain et de ses parties, en tant que tels, une source de profit, l\u2019interdiction du clonage reproductif des \u00eatres humains.\u00a0\u00bb <\/p>\n\n\n\n<p>Je suis encore sonn\u00e9e par la violence de ce que je viens de vivre.  Avec mon coll\u00e8gue nous restons dehors. J\u2019observe et je tente de comprendre. Les deux agents de s\u00e9curit\u00e9 en civil se postent devant la porte. Ils prennent la place du concierge d\u2019Assas et de quelques autres hommes qui portent des badges avec le logo de l\u2019Universit\u00e9. Je voudrais comprendre qui ils sont.<\/p>\n\n\n\n<p>Je reste une demi-heure \u00e0 les observer. Ils sont tr\u00e8s \u00e0 l\u2019aise. Ils s\u2019approchent de la grille, font le tour de la petite place, discutent avec un jeune homme qui dans un minibus arborant le logo de l\u2019Universit\u00e9 am\u00e8ne une palette de victuailles&nbsp;: un ap\u00e9ritif pour les participants \u00e0 la conf\u00e9rence&nbsp;? <strong>Je vois distinctement l\u2019insigne bleu blanc rouge du badge des deux hommes.<\/strong><\/p>\n\n\n\n<p>Alors je m\u2019approche d\u2019eux et je leur demande leur nom&nbsp;: un agent de s\u00e9curit\u00e9 priv\u00e9 <strong>DOIT<\/strong> d\u00e9cliner son identit\u00e9 \u00e0 celui qui le demande s\u2019il a une quelconque d\u00e9l\u00e9gation d\u2019autorit\u00e9 pour filtrer un acc\u00e8s. A peine ai-je eu le temps de finir ma phrase que les <strong>deux hommes, de concert, escamotent leur badge en le cachant dans une poche de leur chemise<\/strong>&nbsp;! Je suis choqu\u00e9e. Pourquoi cachent-ils leur identit\u00e9&nbsp;?<\/p>\n\n\n\n<p>Le plus arrogant me toise avec m\u00e9pris \u00ab&nbsp;Je ne vous le dirai pas&nbsp;\u00bb. Je r\u00e9ponds&nbsp;: \u00ab Vous savez bien qu\u2019un agent de s\u00e9curit\u00e9 priv\u00e9e doit avoir un badge avec son nom visible dessus et doit d\u00e9cliner son identit\u00e9&nbsp;\u00bb. Il me dit alors \u00ab&nbsp;je suis fonctionnaire&nbsp;\u00bb. Je r\u00e9ponds <strong>\u00ab&nbsp;A fortiori si vous \u00eates fonctionnaire, vous n\u2019avez pas le droit de dissimuler votre identit\u00e9\u00bb<\/strong>&nbsp;!<\/p>\n\n\n\n<p>Les deux hommes me rient au nez satisfaits de jouir de de leur pouvoir arbitraire. J\u2019ai beau leur parler de Loi et de Droits, devant l\u2019Universit\u00e9 historique de Droit de Paris, ils s\u2019en moquent. C\u2019est symboliquement tr\u00e8s violent. J\u2019ai beau argumenter, prendre \u00e0 t\u00e9moin un agent de s\u00e9curit\u00e9 incendie qui vient nous rejoindre, qui est bien plus sympathique et qui connait bien le code de la S\u00e9curit\u00e9 Int\u00e9rieur du CNAPS car les agents de s\u00e9curit\u00e9 incendie en d\u00e9pendent au m\u00eame titre que les agent de s\u00e9curit\u00e9, alors m\u00eame qu\u2019ils n\u2019exercent pas le m\u00eame m\u00e9tier\u2026 Rien n\u2019y fait. <strong>La facult\u00e9 d\u2019Assas est gard\u00e9e par des hommes myst\u00e9rieux qui ne r\u00e9pondent devant aucune Loi<\/strong>.<\/p>\n\n\n\n<figure class=\"wp-block-image size-large\"><img loading=\"lazy\" width=\"1024\" height=\"768\" src=\"http:\/\/monika-karbowska-liberte-pour-julian-assange.ovh\/wp-content\/uploads\/2021\/06\/IMG_1173-1024x768.jpg\" alt=\"\" class=\"wp-image-1496\" srcset=\"http:\/\/monika-karbowska-liberte-pour-julian-assange.ovh\/wp-content\/uploads\/2021\/06\/IMG_1173-1024x768.jpg 1024w, http:\/\/monika-karbowska-liberte-pour-julian-assange.ovh\/wp-content\/uploads\/2021\/06\/IMG_1173-300x225.jpg 300w, http:\/\/monika-karbowska-liberte-pour-julian-assange.ovh\/wp-content\/uploads\/2021\/06\/IMG_1173-768x576.jpg 768w, http:\/\/monika-karbowska-liberte-pour-julian-assange.ovh\/wp-content\/uploads\/2021\/06\/IMG_1173-1536x1152.jpg 1536w, http:\/\/monika-karbowska-liberte-pour-julian-assange.ovh\/wp-content\/uploads\/2021\/06\/IMG_1173-1568x1176.jpg 1568w, http:\/\/monika-karbowska-liberte-pour-julian-assange.ovh\/wp-content\/uploads\/2021\/06\/IMG_1173.jpg 2048w\" sizes=\"(max-width: 1024px) 100vw, 1024px\" \/><\/figure>\n\n\n\n<p>C\u2019est un comportement de mercenaires au service d\u2019une entit\u00e9 priv\u00e9e. Ils n\u2019ont a priori rien \u00e0 faire dans une universit\u00e9 publique. A moins, <strong>qu\u2019Assas n\u2019ait \u00e9t\u00e9 vendue par le gouvernement fran\u00e7ais<\/strong> comme l\u2019a \u00e9t\u00e9 la Sorbonne Paris III selon le t\u00e9moignages de riverains. Si c\u2019est le cas, il s\u2019agit d\u2019un vol car le bien public appartient aux citoyens m\u00eame si c\u2019est l\u2019\u00e9tat qui le g\u00e8re. En d\u00e9mocratie, un gouvernement repr\u00e9sente les citoyens et d\u00e9fend leurs int\u00e9r\u00eats. <strong>Vendre le patrimoine de la France est un acte de trahison qui rel\u00e8ve du 410-1 du code p\u00e9nal<\/strong>. C\u2019est passible de la perp\u00e9tuit\u00e9.&nbsp;:<\/p>\n\n\n\n<p><em>\u00ab&nbsp;<\/em><em>Article 410-1<\/em><em>. <\/em><strong><em>Les int\u00e9r\u00eats fondamentaux de la nation<\/em><\/strong><em> s&rsquo;entendent au sens du pr\u00e9sent titre de son ind\u00e9pendance, de l&rsquo;int\u00e9grit\u00e9 de son territoire, de sa s\u00e9curit\u00e9, de la forme r\u00e9publicaine de ses institutions, des moyens de sa d\u00e9fense et de sa diplomatie, de la sauvegarde de sa population en France et \u00e0 l&rsquo;\u00e9tranger, de l&rsquo;\u00e9quilibre de son milieu naturel et de son environnement <strong>et des \u00e9l\u00e9ments essentiels de son potentiel scientifique et \u00e9conomique et de son patrimoine culturel<\/strong>&nbsp;\u00bb. <\/em><em><\/em><\/p>\n\n\n\n<p>Tous ces agents de s\u00e9curit\u00e9 auxquels nous avons affaire comportent comme des miliciens d\u2019un pouvoir occulte affichant la m\u00eame arrogance qu\u2019Alexandre Benalla en 2017. L\u2019ambiance est aussi celle que j\u2019ai connue au tribunal Westminster \u00e0 Londres, quand les agents de l\u2019entreprise Mitie gardaient Julian Assange pour le compte de la \u00ab\u00a0confr\u00e9rie Mountbatten-Windsor\u00a0\u00bb. <\/p>\n\n\n\n<p>Ici devant l\u2019Universit\u00e9 de Paris Assas Stella Morris et Antoine Vey <strong>sont prot\u00e9g\u00e9s par des hommes qui se disent fonctionnaires, q<\/strong>ui poss\u00e8dent des badges portant le symbole de la R\u00e9publique Fran\u00e7aise, et qui ont suffisamment de pouvoir pour nous interdire l\u2019acc\u00e8s aux locaux. Mais pourquoi ces hommes travaillent-ils dans le secret et cachent-ils leur nom&nbsp;? Qui sont-ils donc&nbsp;?<\/p>\n\n\n\n<p>C\u2019est alors que le deuxi\u00e8me des \u00ab&nbsp;agents&nbsp;\u00bb me dit, sans me regarder dans les yeux&nbsp;: \u00ab&nbsp;les organisateurs n\u2019ont pas voulu que vous rentriez. Ils nous ont demand\u00e9 de vous interdire l\u2019entr\u00e9e&nbsp;\u00bb.<\/p>\n\n\n\n<p>Oui, Wikijustice Julian Assange est vis\u00e9e par cette \u00ab&nbsp;police&nbsp;\u00bb priv\u00e9e.<\/p>\n\n\n\n<p>Cette \u00ab&nbsp;police&nbsp;\u00bb priv\u00e9e refuse donc l\u2019entr\u00e9e d\u2019Assas, \u00e0 une conf\u00e9rence concernant l\u2019avenir de Julian Assange, \u00e0 la seule association de d\u00e9fense des droits de l\u2019Homme qui a tout mis en \u0153uvre pour le faire lib\u00e9rer, qui a re\u00e7u de lui un SOS qui lui donne toute l\u00e9gitimit\u00e9 pour le repr\u00e9senter d\u00e9fendre ses int\u00e9r\u00eats et porte son nom afin de rendre hommage \u00e0 son combat.<\/p>\n\n\n\n<p>Qui sont les organisateurs&nbsp;de cette rencontre si secr\u00e8te dans une universit\u00e9 publique fran\u00e7aise? Qui est cette milice&nbsp;?<\/p>\n\n\n\n<p>Qu\u2019est donc la France devenue&nbsp;?<\/p>\n\n\n\n<hr class=\"wp-block-separator\"\/>\n\n\n\n<p><a href=\"#_ftnref1\">[1]<\/a> <a href=\"https:\/\/www.legifrance.gouv.fr\/codes\/section_lc\/LEGITEXT000025503132\/LEGISCTA000025506179\/\">https:\/\/www.legifrance.gouv.fr\/codes\/section_lc\/LEGITEXT000025503132\/LEGISCTA000025506179\/<\/a><\/p>\n\n\n\n<figure class=\"wp-block-image size-large\"><img loading=\"lazy\" width=\"570\" height=\"379\" src=\"http:\/\/monika-karbowska-liberte-pour-julian-assange.ovh\/wp-content\/uploads\/2021\/06\/20070125a_kenya_0275-570x379-2.jpg\" alt=\"\" class=\"wp-image-1500\" srcset=\"http:\/\/monika-karbowska-liberte-pour-julian-assange.ovh\/wp-content\/uploads\/2021\/06\/20070125a_kenya_0275-570x379-2.jpg 570w, http:\/\/monika-karbowska-liberte-pour-julian-assange.ovh\/wp-content\/uploads\/2021\/06\/20070125a_kenya_0275-570x379-2-300x199.jpg 300w\" sizes=\"(max-width: 570px) 100vw, 570px\" \/><\/figure>\n\n\n\n<h2>Article 223-6<\/h2>\n\n\n\n<p><a href=\"https:\/\/www.legifrance.gouv.fr\/loda\/id\/LEGIARTI000037286955\/2018-08-06\/\"><strong>Modifi\u00e9 par LOI n\u00b02018-703 du 3 ao\u00fbt 2018 &#8211; art. 5<\/strong><\/a><\/p>\n\n\n\n<p>Quiconque pouvant emp\u00eacher par son action imm\u00e9diate, sans risque pour lui ou pour les tiers, soit un crime, soit un d\u00e9lit contre l&rsquo;int\u00e9grit\u00e9 corporelle de la personne s&rsquo;abstient volontairement de le faire est puni de cinq ans d&#8217;emprisonnement et de 75 000 euros d&rsquo;amende.<\/p>\n\n\n\n<p>Sera puni des m\u00eames peines quiconque s&rsquo;abstient volontairement de porter \u00e0 une personne en p\u00e9ril l&rsquo;assistance que, sans risque pour lui ou pour les tiers, il pouvait lui pr\u00eater soit par son action personnelle, soit en provoquant un secours.<\/p>\n\n\n\n<p>Les peines sont port\u00e9es \u00e0 sept ans d&#8217;emprisonnement et 100 000 euros d&rsquo;amende lorsque le crime ou le d\u00e9lit contre l&rsquo;int\u00e9grit\u00e9 corporelle de la personne mentionn\u00e9e au premier alin\u00e9a est commis sur un mineur de quinze ans ou lorsque la personne en p\u00e9ril mentionn\u00e9e au deuxi\u00e8me alin\u00e9a est un mineur de quinze ans.<\/p>\n","protected":false},"excerpt":{"rendered":"<p>Monika Karbowska Le 1 juin dernier nous avons voulu participer en tant qu\u2019association Wikijustice Julian Assange, \u00e0 la conf\u00e9rence donn\u00e9e par Maitre Antoine Vey, accompagn\u00e9e par Madame Stella Morris dans l\u2019enceinte de l\u2019Universit\u00e9 Paris II Assas, au 92 rue d\u2019Assas \u00e0 Paris. Antoine Vey, proche collaborateur depuis 2013 et associ\u00e9 depuis 2016 de l\u2019actuel ministre [&hellip;]<\/p>\n","protected":false},"author":1,"featured_media":0,"comment_status":"open","ping_status":"open","sticky":false,"template":"","format":"standard","meta":[],"categories":[6],"tags":[],"_links":{"self":[{"href":"http:\/\/monika-karbowska-liberte-pour-julian-assange.ovh\/index.php?rest_route=\/wp\/v2\/posts\/1482"}],"collection":[{"href":"http:\/\/monika-karbowska-liberte-pour-julian-assange.ovh\/index.php?rest_route=\/wp\/v2\/posts"}],"about":[{"href":"http:\/\/monika-karbowska-liberte-pour-julian-assange.ovh\/index.php?rest_route=\/wp\/v2\/types\/post"}],"author":[{"embeddable":true,"href":"http:\/\/monika-karbowska-liberte-pour-julian-assange.ovh\/index.php?rest_route=\/wp\/v2\/users\/1"}],"replies":[{"embeddable":true,"href":"http:\/\/monika-karbowska-liberte-pour-julian-assange.ovh\/index.php?rest_route=%2Fwp%2Fv2%2Fcomments&post=1482"}],"version-history":[{"count":17,"href":"http:\/\/monika-karbowska-liberte-pour-julian-assange.ovh\/index.php?rest_route=\/wp\/v2\/posts\/1482\/revisions"}],"predecessor-version":[{"id":1518,"href":"http:\/\/monika-karbowska-liberte-pour-julian-assange.ovh\/index.php?rest_route=\/wp\/v2\/posts\/1482\/revisions\/1518"}],"wp:attachment":[{"href":"http:\/\/monika-karbowska-liberte-pour-julian-assange.ovh\/index.php?rest_route=%2Fwp%2Fv2%2Fmedia&parent=1482"}],"wp:term":[{"taxonomy":"category","embeddable":true,"href":"http:\/\/monika-karbowska-liberte-pour-julian-assange.ovh\/index.php?rest_route=%2Fwp%2Fv2%2Fcategories&post=1482"},{"taxonomy":"post_tag","embeddable":true,"href":"http:\/\/monika-karbowska-liberte-pour-julian-assange.ovh\/index.php?rest_route=%2Fwp%2Fv2%2Ftags&post=1482"}],"curies":[{"name":"wp","href":"https:\/\/api.w.org\/{rel}","templated":true}]}}