{"id":1198,"date":"2019-10-21T00:28:08","date_gmt":"2019-10-20T22:28:08","guid":{"rendered":"http:\/\/monika-karbowska-liberte-pour-julian-assange.ovh\/?p=1198"},"modified":"2021-07-04T16:13:27","modified_gmt":"2021-07-04T14:13:27","slug":"comment-traverser-les-murs-de-la-dark-place-a-une-rencontre-incroyable-le-proces-de-julian-assange-le-21-octobre-2019","status":"publish","type":"post","link":"http:\/\/monika-karbowska-liberte-pour-julian-assange.ovh\/?p=1198","title":{"rendered":"Comment traverser les Murs \u2013 de la \u00ab\u00a0Dark place\u00a0\u00bb \u00e0 une rencontre incroyable: Le proc\u00e8s de Julian Assange le 21 octobre 2019"},"content":{"rendered":"\n<figure class=\"wp-block-image size-large\"><img loading=\"lazy\" width=\"468\" height=\"321\" src=\"http:\/\/monika-karbowska-liberte-pour-julian-assange.ovh\/wp-content\/uploads\/2021\/02\/JA-2011-bracelet-eletronique.jpg\" alt=\"\" class=\"wp-image-1254\" srcset=\"http:\/\/monika-karbowska-liberte-pour-julian-assange.ovh\/wp-content\/uploads\/2021\/02\/JA-2011-bracelet-eletronique.jpg 468w, http:\/\/monika-karbowska-liberte-pour-julian-assange.ovh\/wp-content\/uploads\/2021\/02\/JA-2011-bracelet-eletronique-300x206.jpg 300w\" sizes=\"(max-width: 468px) 100vw, 468px\" \/><\/figure>\n\n\n\n<p><strong>Monika Karbowska<\/strong><\/p>\n\n\n\n<p><a href=\"https:\/\/www.linkedin.com\/pulse\/situation-report-1-political-prisoner-julian-assange-v%C3%A9ronique\/\">https:\/\/www.linkedin.com\/pulse\/situation-report-1-political-prisoner-julian-assange-v%C3%A9ronique\/<\/a><\/p>\n\n\n\n<p><a href=\"https:\/\/www.linkedin.com\/pulse\/julian-assange-sos-pidancet-barri%25C3%25A8re-v%25C3%25A9ronique\/\">Julian Assange SOS | LinkedIn<\/a><\/p>\n\n\n\n<figure class=\"wp-block-image size-large\"><img loading=\"lazy\" width=\"1024\" height=\"502\" src=\"http:\/\/monika-karbowska-liberte-pour-julian-assange.ovh\/wp-content\/uploads\/2021\/02\/20190817-CR-RECU-JA_Page_3-1024x502.jpg\" alt=\"\" class=\"wp-image-1236\" srcset=\"http:\/\/monika-karbowska-liberte-pour-julian-assange.ovh\/wp-content\/uploads\/2021\/02\/20190817-CR-RECU-JA_Page_3-1024x502.jpg 1024w, http:\/\/monika-karbowska-liberte-pour-julian-assange.ovh\/wp-content\/uploads\/2021\/02\/20190817-CR-RECU-JA_Page_3-300x147.jpg 300w, http:\/\/monika-karbowska-liberte-pour-julian-assange.ovh\/wp-content\/uploads\/2021\/02\/20190817-CR-RECU-JA_Page_3-768x377.jpg 768w, http:\/\/monika-karbowska-liberte-pour-julian-assange.ovh\/wp-content\/uploads\/2021\/02\/20190817-CR-RECU-JA_Page_3-1536x753.jpg 1536w, http:\/\/monika-karbowska-liberte-pour-julian-assange.ovh\/wp-content\/uploads\/2021\/02\/20190817-CR-RECU-JA_Page_3-2048x1004.jpg 2048w, http:\/\/monika-karbowska-liberte-pour-julian-assange.ovh\/wp-content\/uploads\/2021\/02\/20190817-CR-RECU-JA_Page_3-1568x769.jpg 1568w\" sizes=\"(max-width: 1024px) 100vw, 1024px\" \/><figcaption>Lettre re\u00e7ue par une militante de Wikijustice le 17 ao\u00fbt 2019 en r\u00e9ponse \u00e0 ses courriers \u00e0 Julian Assange<\/figcaption><\/figure>\n\n\n\n<figure class=\"wp-block-image size-large\"><img loading=\"lazy\" width=\"1024\" height=\"501\" src=\"http:\/\/monika-karbowska-liberte-pour-julian-assange.ovh\/wp-content\/uploads\/2021\/02\/20190817-CR-RECU-JA_Page_4-1024x501.jpg\" alt=\"\" class=\"wp-image-1237\" srcset=\"http:\/\/monika-karbowska-liberte-pour-julian-assange.ovh\/wp-content\/uploads\/2021\/02\/20190817-CR-RECU-JA_Page_4-1024x501.jpg 1024w, http:\/\/monika-karbowska-liberte-pour-julian-assange.ovh\/wp-content\/uploads\/2021\/02\/20190817-CR-RECU-JA_Page_4-300x147.jpg 300w, http:\/\/monika-karbowska-liberte-pour-julian-assange.ovh\/wp-content\/uploads\/2021\/02\/20190817-CR-RECU-JA_Page_4-768x376.jpg 768w, http:\/\/monika-karbowska-liberte-pour-julian-assange.ovh\/wp-content\/uploads\/2021\/02\/20190817-CR-RECU-JA_Page_4-1536x752.jpg 1536w, http:\/\/monika-karbowska-liberte-pour-julian-assange.ovh\/wp-content\/uploads\/2021\/02\/20190817-CR-RECU-JA_Page_4-2048x1003.jpg 2048w, http:\/\/monika-karbowska-liberte-pour-julian-assange.ovh\/wp-content\/uploads\/2021\/02\/20190817-CR-RECU-JA_Page_4-1568x768.jpg 1568w\" sizes=\"(max-width: 1024px) 100vw, 1024px\" \/><figcaption>SOS \u00e9crit au dos de la lettre<\/figcaption><\/figure>\n\n\n\n<p><\/p>\n\n\n\n<figure class=\"wp-block-image size-large\"><img loading=\"lazy\" width=\"1024\" height=\"527\" src=\"http:\/\/monika-karbowska-liberte-pour-julian-assange.ovh\/wp-content\/uploads\/2021\/02\/20190817-CR-RECU-JA_Page_2-1024x527.jpg\" alt=\"\" class=\"wp-image-1239\" srcset=\"http:\/\/monika-karbowska-liberte-pour-julian-assange.ovh\/wp-content\/uploads\/2021\/02\/20190817-CR-RECU-JA_Page_2-1024x527.jpg 1024w, http:\/\/monika-karbowska-liberte-pour-julian-assange.ovh\/wp-content\/uploads\/2021\/02\/20190817-CR-RECU-JA_Page_2-300x154.jpg 300w, http:\/\/monika-karbowska-liberte-pour-julian-assange.ovh\/wp-content\/uploads\/2021\/02\/20190817-CR-RECU-JA_Page_2-768x395.jpg 768w, http:\/\/monika-karbowska-liberte-pour-julian-assange.ovh\/wp-content\/uploads\/2021\/02\/20190817-CR-RECU-JA_Page_2-1536x790.jpg 1536w, http:\/\/monika-karbowska-liberte-pour-julian-assange.ovh\/wp-content\/uploads\/2021\/02\/20190817-CR-RECU-JA_Page_2-2048x1054.jpg 2048w, http:\/\/monika-karbowska-liberte-pour-julian-assange.ovh\/wp-content\/uploads\/2021\/02\/20190817-CR-RECU-JA_Page_2-1568x807.jpg 1568w\" sizes=\"(max-width: 1024px) 100vw, 1024px\" \/><figcaption>Adresse Belmarsh et num\u00e9ro de prisonnier de Julian Assange<\/figcaption><\/figure>\n\n\n\n<p>Lorsqu\u2019en mai 2019 j\u2019ai commenc\u00e9 \u00e0 m\u2019occuper de \u00ab&nbsp;l\u2019affaire Assange&nbsp;\u00bb j\u2019avais l\u2019intention de d\u00e9monter la cabale embrouill\u00e9e des accusations su\u00e9doises mont\u00e9es contre lui. Mon but \u00e9tait surtout de nettoyer \u00ab&nbsp;mon&nbsp;\u00bb milieu f\u00e9ministe qui \u00e0 mon sens se laissait manipuler par des organisations douteuses et se fourvoyait dans des chasse \u00e0 l\u2019homme aussi m\u00e9diatiques qu\u2019ill\u00e9gales. Puis vint un long d\u2019un \u00e9t\u00e9 au cours duquel l\u2019homme Julian Assange avait tellement disparu de la circulation qu\u2019on se demandait s\u2019il n\u2019\u00e9tait pas une chim\u00e8re, un fant\u00f4me ou\u2026 une invention.<\/p>\n\n\n\n<figure class=\"wp-block-image size-large\"><img loading=\"lazy\" width=\"420\" height=\"280\" src=\"http:\/\/monika-karbowska-liberte-pour-julian-assange.ovh\/wp-content\/uploads\/2021\/02\/assange-bw.jpg\" alt=\"\" class=\"wp-image-1212\" srcset=\"http:\/\/monika-karbowska-liberte-pour-julian-assange.ovh\/wp-content\/uploads\/2021\/02\/assange-bw.jpg 420w, http:\/\/monika-karbowska-liberte-pour-julian-assange.ovh\/wp-content\/uploads\/2021\/02\/assange-bw-300x200.jpg 300w\" sizes=\"(max-width: 420px) 100vw, 420px\" \/><\/figure>\n\n\n\n<p>Cependant, ayant rejoint le comit\u00e9 Wikijustice issu du mouvement des Gilets Jaunes, j\u2019ai pu poser aupr\u00e8s des camarades du comit\u00e9 des doutes qui m\u2019habitaient depuis toujours sur l\u2019incoh\u00e9rence du dossier. Les invraisemblances de la mission diplomatique \u00e9quatorienne, signal\u00e9es dans un pr\u00e9c\u00e9dent article, mes doutes sur la strat\u00e9gie des avocats. Evidemment, ma propre exp\u00e9rience de la r\u00e9pression m\u2019incitait \u00e0 un examen critique. Puis on a travaill\u00e9 sur la \u00ab&nbsp;mati\u00e8re humaine&nbsp;\u00bb &#8211; la personnalit\u00e9 de Julian Assange, son histoire, sa famille, ses relations\u2026 C\u2019est ainsi qu\u2019est apparue sous nos yeux une situation de plus en plus difficile, une solitude terrible, un isolement humain qui nous a fait craindre le pire&nbsp;: que \u00ab&nbsp;l\u2019affaire Assange&nbsp;\u00bb ne soit un des plus grands scandales de l\u2019Europe Occidentale actuelle, une \u00ab&nbsp;extraordinary rendition&nbsp;\u00bb organis\u00e9e minutieusement sur 10 ans, visant \u00e0 isoler, \u00e0 diffamer, puis \u00e0 enfermer un humain dans une captivit\u00e9 aussi ubuesque qu\u2019ill\u00e9gale, pour finir par le d\u00e9truire psychiquement et physiquement\u2026.Puis le capturer, le d\u00e9tenir dans un \u00ab&nbsp;trou noir&nbsp;\u00bb (qu\u2019importe qu\u2019il s\u2019appelle Belmarsh ou ici vous pouvez mettre le nom d\u2019une des nombreuses bases secr\u00e8tes et non secr\u00e8te des Etats Unis en Europe). Au final l\u2019homme-\u00e9pave sera jug\u00e9 en son absence, mollement d\u00e9fendu par des personnes \u00e0 peine convaincues de son innocence, puis extrad\u00e9 vers Guantanamo (\u00ab&nbsp;parce qu\u2019on ne peut rien faire, n\u2019est-ce pas&nbsp;\u00bb -vieille antienne que le syst\u00e8me nous ressert \u00e0 toutes les sauces et \u00e0 toutes les occasions) pour y devenir, comme l\u2019a cyniquement annonc\u00e9 un vice-pr\u00e9sident de Stratfor \u00ab&nbsp;une excellente \u00e9pouse en prison&nbsp;\u00bb, c\u2019est-\u00e0-dire un corps viol\u00e9 utilis\u00e9 comme esclave sexuel.<\/p>\n\n\n\n<figure class=\"wp-block-image size-large\"><img loading=\"lazy\" width=\"512\" height=\"363\" src=\"http:\/\/monika-karbowska-liberte-pour-julian-assange.ovh\/wp-content\/uploads\/2021\/02\/julian-assange-occupy.jpg\" alt=\"\" class=\"wp-image-1201\" srcset=\"http:\/\/monika-karbowska-liberte-pour-julian-assange.ovh\/wp-content\/uploads\/2021\/02\/julian-assange-occupy.jpg 512w, http:\/\/monika-karbowska-liberte-pour-julian-assange.ovh\/wp-content\/uploads\/2021\/02\/julian-assange-occupy-300x213.jpg 300w\" sizes=\"(max-width: 512px) 100vw, 512px\" \/><figcaption>Julian Assange en 2012 au mouvement Occupy London<\/figcaption><\/figure>\n\n\n\n<p>Ayant d\u00e9mont\u00e9 l\u2019implacable machine, nous avons d\u00e9cid\u00e9 de la gripper et c\u2019est ainsi que je me suis d\u00e9plac\u00e9e \u00e0 Londres pour assister \u00e0 toutes les quatre audiences d\u2019extradition de la Westminster Magistrate Court du 20 septembre au 21 octobre dernier. Au passage j\u2019ai beaucoup appris sur les compagnons d\u2019infortune et de circonstance de Julian Assange \u2013 les extrad\u00e9s polonais et autres est-europ\u00e9ens, jug\u00e9s en leur absence, sans avocats et sans interpr\u00e8te, souvent sans comprendre ce qui se passe sous le regard r\u00e9sign\u00e9 de leurs familles muettes dans le public. La vie du prol\u00e9tariat est-europ\u00e9en \u00e9migr\u00e9 en Grande Bretagne d\u00e9filait sous mes yeux alors que j\u2019attendais que l\u2019administration britannique appelle le prisonnier Julian Assange \u00e0 la barre. A force de protester contre les nombreuses violations de droits, les lettres qui n\u2019arrivent jamais, les colis non livr\u00e9s, les protestations aupr\u00e8s de l\u2019administration p\u00e9nitentiaire sans r\u00e9ponses, nous avons enfin obtenu l\u2019inesp\u00e9r\u00e9&nbsp;: la \u00ab&nbsp;justice&nbsp;\u00bb britannique a \u00e9t\u00e9 oblig\u00e9e de pr\u00e9senter l\u2019homme Assange physiquement. De prouver qu\u2019il n\u2019a pas encore \u00e9t\u00e9 assassin\u00e9 \u00e0 force de tortures. Car elle en a la responsabilit\u00e9 p\u00e9nale, l\u2019administration britannique, puisqu\u2019il est priv\u00e9 de libert\u00e9 et enferm\u00e9 dans ses prisons. La torture est un crime voyez-vous, et les assassinats extrajudiciaires aussi. On peut \u00e9chapper aux molles remontrances d\u2019un comit\u00e9 de l\u2019ONU mais sur le long terme, la col\u00e8re du peuple peut \u00eatre terrible. Les Gilets Jaunes prenant d\u2019assaut le fourgon policier transportant Julian Assange donne aux \u00e9lites anglaises un avant -go\u00fbt de ce que peut \u00eatre la R\u00e9volution.<\/p>\n\n\n\n<figure class=\"wp-block-image size-large\"><img loading=\"lazy\" width=\"897\" height=\"720\" src=\"http:\/\/monika-karbowska-liberte-pour-julian-assange.ovh\/wp-content\/uploads\/2021\/02\/897px-Eugene_Delacroix_-_Le_28_Juillet._La_Liberte_guidant_le_peuple.jpg\" alt=\"\" class=\"wp-image-1202\" srcset=\"http:\/\/monika-karbowska-liberte-pour-julian-assange.ovh\/wp-content\/uploads\/2021\/02\/897px-Eugene_Delacroix_-_Le_28_Juillet._La_Liberte_guidant_le_peuple.jpg 897w, http:\/\/monika-karbowska-liberte-pour-julian-assange.ovh\/wp-content\/uploads\/2021\/02\/897px-Eugene_Delacroix_-_Le_28_Juillet._La_Liberte_guidant_le_peuple-300x241.jpg 300w, http:\/\/monika-karbowska-liberte-pour-julian-assange.ovh\/wp-content\/uploads\/2021\/02\/897px-Eugene_Delacroix_-_Le_28_Juillet._La_Liberte_guidant_le_peuple-768x616.jpg 768w\" sizes=\"(max-width: 897px) 100vw, 897px\" \/><figcaption>La fameuse Libert\u00e9 fran\u00e7aise guidant le peuple &#8211; j&rsquo;avais envoy\u00e9 cette carte postale \u00e0 la lettre que j&rsquo;\u00e9vais \u00e9crite \u00e0 Julian  Assange en juin 2019<\/figcaption><\/figure>\n\n\n\n<p>Voil\u00e0 donc que le 21 octobre 2019 au petit matin je me retrouve devant la Westminster Magistrate Court dans l\u2019espoir que peut \u00eatre les avocats de Julian Assange vont demander sa lib\u00e9ration et que peut \u00eatre, innocent qu\u2019il est, sortira -t-il ce soir libre\u2026 Avec ma coll\u00e8gue de Wikijustice nous avions pr\u00e9par\u00e9 de petits panneaux port\u00e9s sur des tee-shirts avec de petits messages. Nous voulions les brandir devant le fourgon de la soci\u00e9t\u00e9 priv\u00e9e qui devait l\u2019amener au tribunal par une porte situ\u00e9e dans une rue lat\u00e9rale. Mais nous avions d\u00e9j\u00e0 compris qu\u2019il y aura plein de police, que cela serait interpr\u00e9t\u00e9 comme une tentative d\u2019aide \u00e0 l\u2019\u00e9vasion et risquait d\u2019ob\u00e9rer nos chances d\u2019entrer dans le tribunal.<\/p>\n\n\n\n<figure class=\"wp-block-image size-large\"><img loading=\"lazy\" width=\"1024\" height=\"576\" src=\"http:\/\/monika-karbowska-liberte-pour-julian-assange.ovh\/wp-content\/uploads\/2021\/02\/maxresdefault-1024x576.jpg\" alt=\"\" class=\"wp-image-1213\" srcset=\"http:\/\/monika-karbowska-liberte-pour-julian-assange.ovh\/wp-content\/uploads\/2021\/02\/maxresdefault-1024x576.jpg 1024w, http:\/\/monika-karbowska-liberte-pour-julian-assange.ovh\/wp-content\/uploads\/2021\/02\/maxresdefault-300x169.jpg 300w, http:\/\/monika-karbowska-liberte-pour-julian-assange.ovh\/wp-content\/uploads\/2021\/02\/maxresdefault-768x432.jpg 768w, http:\/\/monika-karbowska-liberte-pour-julian-assange.ovh\/wp-content\/uploads\/2021\/02\/maxresdefault.jpg 1280w\" sizes=\"(max-width: 1024px) 100vw, 1024px\" \/><figcaption>Julian Assange en 2009 ou 2010<\/figcaption><\/figure>\n\n\n\n<p>A 8h30 donc nous sommes encore dans le caf\u00e9 sympa proche du tribunal qui est le fief des avocats, lorsque nous avons la surprise de croiser l\u2019avocate de Julian Assange Gareth Peirce et son <em>barrister<\/em> Mark Summers. Le caf\u00e9 est petit, nous ne pouvons \u00e9viter de la voir instruire son collaborateur au sujet des arguments qu\u2019il va d\u00e9rouler pour d\u00e9fendre Julian Assange dans moins d\u2019une heure. Dans ce lieu public accessible \u00e0 tous je vois le document A4 de 5 \u00e0 10 pages stabilot\u00e9 de jaune. Je ne peux m\u2019emp\u00eacher de penser \u00e0 ce pauvre Julian Assange terroris\u00e9 \u00e0 l\u2019id\u00e9e d\u2019\u00eatre suivi par les services secrets am\u00e9ricains, incapable de faire confiance \u00e0 des gens inconnus au point de ne se fier que toujours au m\u00eame cercle depuis 10 ans, m\u00eame si le cercle en question s\u2019av\u00e8re nocif. Je n\u2019utilise pas de cam\u00e9ra cach\u00e9e, j\u2019agis \u00e0 visage d\u00e9couvert en tant que militante, mais dans un lieu pareil, le boulevard est ouvert \u00e0 toutes les oreilles qui trainent par la\u2026<\/p>\n\n\n\n<figure class=\"wp-block-image size-large is-resized\"><img src=\"http:\/\/monika-karbowska-liberte-pour-julian-assange.ovh\/wp-content\/uploads\/2021\/02\/1_EP3upWW_6M5p_L6qH1PfPA.jpeg\" alt=\"\" class=\"wp-image-1214\" height=\"700\" srcset=\"http:\/\/monika-karbowska-liberte-pour-julian-assange.ovh\/wp-content\/uploads\/2021\/02\/1_EP3upWW_6M5p_L6qH1PfPA.jpeg 928w, http:\/\/monika-karbowska-liberte-pour-julian-assange.ovh\/wp-content\/uploads\/2021\/02\/1_EP3upWW_6M5p_L6qH1PfPA-272x300.jpeg 272w, http:\/\/monika-karbowska-liberte-pour-julian-assange.ovh\/wp-content\/uploads\/2021\/02\/1_EP3upWW_6M5p_L6qH1PfPA-768x847.jpeg 768w\" sizes=\"(max-width: 928px) 100vw, 928px\" \/><figcaption>Julian Assange en 2013, ou 2014 ou 2015<\/figcaption><\/figure>\n\n\n\n<p>Lorsque nous arrivons devant le tribunal, surprise, environ 50 personnes font d\u00e9j\u00e0 la queue pour rentrer. D\u2019autres pr\u00e9parent panneaux, banderoles et pancartes \u00e0 l\u2019effigie de Julian Assange. C\u2019est sympathique jusqu\u2019\u00e0 ce que je comprenne que l\u2019organisation en commando sert \u00e0 permettre aux \u00ab&nbsp;personnalit\u00e9s&nbsp;\u00bb de l\u2019affaire, arriv\u00e9es en retard, \u00e0 se retrouver en reines de la resquille tout en haut de la file devant les autres et donc devant nous au risque de nous emp\u00eacher de rentrer au tribunal et d\u2019assister \u00e0 l\u2019audience. Ainsi, Kristinn Krafnsonn et Craig Murray arrivent bien apr\u00e8s moi mais une militante c\u00e8de sa place et ils se retrouvent, sans m\u00eame la remercier, tout pr\u00e8s de la porte. Il en sera de m\u00eame dans la salle d\u2019audience. La militante qui se fait appeler \u00ab&nbsp;Greekemmy&nbsp;\u00bb sur les r\u00e9seaux sociaux r\u00e9gente un groupe de femmes \u00ab&nbsp;petites mains&nbsp;\u00bb qui occupent les si\u00e8ges mais c\u00e8dent leur place au gr\u00e9 de l\u2019arriv\u00e9e \u00ab&nbsp;d\u2019hommes importants&nbsp;\u00bb comme Pilger, Livingstone, Vaughan Smith puis m\u00eame Juan Branco et Maxime Nicolle bien plus tard. Il suffit que Greekemmy crie \u00ab&nbsp;substitution&nbsp;\u00bb et imm\u00e9diatement une femme se l\u00e8ve et donne sa place. Je ne trouve pas ce proc\u00e9d\u00e9 honn\u00eate et il est ill\u00e9gal. Tout le monde a le droit de venir assister \u00e0 une audience publique et une personne lambda ne peut pas s\u2019arroger le droit de d\u00e9cider qui peut rentrer dans un tribunal et qui non. M\u00eame en Pologne on n\u2019accepterait pas cela. D\u2019autant plus que Greekemmy fait pire&nbsp;: lorsqu\u2019elle aper\u00e7oit dans le couloir du tribunal ou dans la salle d\u2019audience une personne qu\u2019elle ne connait pas, d\u2019autorit\u00e9 elle exige de connaitre son nom et ses coordonn\u00e9es comme si elle \u00e9tait la police en personne. Or, il est ill\u00e9gal de stocker les donn\u00e9es priv\u00e9es de personnes rencontr\u00e9es dans un lieu public en se faisant passer pour une autorit\u00e9 comp\u00e9tente. Encore une des nombreuses bizarreries du dossier Assange qui a des cons\u00e9quences, puisque les citoyens sont ainsi d\u00e9courag\u00e9 d\u2019assister aux audiences ou il est jug\u00e9\u2026<\/p>\n\n\n\n<figure class=\"wp-block-image size-large is-resized\"><img src=\"http:\/\/monika-karbowska-liberte-pour-julian-assange.ovh\/wp-content\/uploads\/2021\/02\/IMG_20191021_091328-1024x768.jpg\" alt=\"\" class=\"wp-image-1219\" width=\"800\" srcset=\"http:\/\/monika-karbowska-liberte-pour-julian-assange.ovh\/wp-content\/uploads\/2021\/02\/IMG_20191021_091328-1024x768.jpg 1024w, http:\/\/monika-karbowska-liberte-pour-julian-assange.ovh\/wp-content\/uploads\/2021\/02\/IMG_20191021_091328-300x225.jpg 300w, http:\/\/monika-karbowska-liberte-pour-julian-assange.ovh\/wp-content\/uploads\/2021\/02\/IMG_20191021_091328-768x576.jpg 768w, http:\/\/monika-karbowska-liberte-pour-julian-assange.ovh\/wp-content\/uploads\/2021\/02\/IMG_20191021_091328-1536x1152.jpg 1536w, http:\/\/monika-karbowska-liberte-pour-julian-assange.ovh\/wp-content\/uploads\/2021\/02\/IMG_20191021_091328-2048x1536.jpg 2048w, http:\/\/monika-karbowska-liberte-pour-julian-assange.ovh\/wp-content\/uploads\/2021\/02\/IMG_20191021_091328-1568x1176.jpg 1568w\" sizes=\"(max-width: 1024px) 100vw, 1024px\" \/><figcaption>Craig Murra et Kristinn Harfnson et la militante qui lui a chauff\u00e9 la place<\/figcaption><\/figure>\n\n\n\n<figure class=\"wp-block-image size-large is-resized\"><img src=\"http:\/\/monika-karbowska-liberte-pour-julian-assange.ovh\/wp-content\/uploads\/2021\/02\/DSC_4395-1024x684.jpg\" alt=\"\" class=\"wp-image-1220\" width=\"800\" srcset=\"http:\/\/monika-karbowska-liberte-pour-julian-assange.ovh\/wp-content\/uploads\/2021\/02\/DSC_4395-1024x684.jpg 1024w, http:\/\/monika-karbowska-liberte-pour-julian-assange.ovh\/wp-content\/uploads\/2021\/02\/DSC_4395-300x200.jpg 300w, http:\/\/monika-karbowska-liberte-pour-julian-assange.ovh\/wp-content\/uploads\/2021\/02\/DSC_4395-768x513.jpg 768w, http:\/\/monika-karbowska-liberte-pour-julian-assange.ovh\/wp-content\/uploads\/2021\/02\/DSC_4395-1536x1025.jpg 1536w, http:\/\/monika-karbowska-liberte-pour-julian-assange.ovh\/wp-content\/uploads\/2021\/02\/DSC_4395-2048x1367.jpg 2048w, http:\/\/monika-karbowska-liberte-pour-julian-assange.ovh\/wp-content\/uploads\/2021\/02\/DSC_4395-1568x1047.jpg 1568w\" sizes=\"(max-width: 1024px) 100vw, 1024px\" \/><figcaption>Gilets Jaunes devant la Westminster Court<\/figcaption><\/figure>\n\n\n\n<figure class=\"wp-block-image size-large is-resized\"><img src=\"http:\/\/monika-karbowska-liberte-pour-julian-assange.ovh\/wp-content\/uploads\/2021\/02\/DSC_4411-1024x684.jpg\" alt=\"\" class=\"wp-image-1221\" width=\"800\" srcset=\"http:\/\/monika-karbowska-liberte-pour-julian-assange.ovh\/wp-content\/uploads\/2021\/02\/DSC_4411-1024x684.jpg 1024w, http:\/\/monika-karbowska-liberte-pour-julian-assange.ovh\/wp-content\/uploads\/2021\/02\/DSC_4411-300x200.jpg 300w, http:\/\/monika-karbowska-liberte-pour-julian-assange.ovh\/wp-content\/uploads\/2021\/02\/DSC_4411-768x513.jpg 768w, http:\/\/monika-karbowska-liberte-pour-julian-assange.ovh\/wp-content\/uploads\/2021\/02\/DSC_4411-1536x1025.jpg 1536w, http:\/\/monika-karbowska-liberte-pour-julian-assange.ovh\/wp-content\/uploads\/2021\/02\/DSC_4411-2048x1367.jpg 2048w, http:\/\/monika-karbowska-liberte-pour-julian-assange.ovh\/wp-content\/uploads\/2021\/02\/DSC_4411-1568x1047.jpg 1568w\" sizes=\"(max-width: 1024px) 100vw, 1024px\" \/><\/figure>\n\n\n\n<figure class=\"wp-block-image size-large\"><img loading=\"lazy\" width=\"1024\" height=\"684\" src=\"http:\/\/monika-karbowska-liberte-pour-julian-assange.ovh\/wp-content\/uploads\/2021\/02\/DSC_4421-1024x684.jpg\" alt=\"\" class=\"wp-image-1222\" srcset=\"http:\/\/monika-karbowska-liberte-pour-julian-assange.ovh\/wp-content\/uploads\/2021\/02\/DSC_4421-1024x684.jpg 1024w, http:\/\/monika-karbowska-liberte-pour-julian-assange.ovh\/wp-content\/uploads\/2021\/02\/DSC_4421-300x200.jpg 300w, http:\/\/monika-karbowska-liberte-pour-julian-assange.ovh\/wp-content\/uploads\/2021\/02\/DSC_4421-768x513.jpg 768w, http:\/\/monika-karbowska-liberte-pour-julian-assange.ovh\/wp-content\/uploads\/2021\/02\/DSC_4421-1536x1025.jpg 1536w, http:\/\/monika-karbowska-liberte-pour-julian-assange.ovh\/wp-content\/uploads\/2021\/02\/DSC_4421-2048x1367.jpg 2048w, http:\/\/monika-karbowska-liberte-pour-julian-assange.ovh\/wp-content\/uploads\/2021\/02\/DSC_4421-1568x1047.jpg 1568w\" sizes=\"(max-width: 1024px) 100vw, 1024px\" \/><\/figure>\n\n\n\n<p>D\u2019ailleurs, une femme passe devant la file d\u2019attente nous susurrant que tr\u00e8s peu de personnes pourront assister, la salle num\u00e9ro 3 est tr\u00e8s petite, il n\u2019y a que 13 places pour le public. C\u2019est vrai, je le sais, mais je pers\u00e9v\u00e8re. Nous passons les portiques de s\u00e9curit\u00e9 en compagnie des familles des autres accus\u00e9s polonais et roumains du jour. Surprise, l\u2019audience a lieu dans la salle 1, plus grande&nbsp;! Nous fon\u00e7ons au premier \u00e9tage. Il y a certes plus de place, mais 40 personnes attendent d\u00e9j\u00e0. Greekemmy n\u00e9gocie avec les agents de s\u00e9curit\u00e9 que ses prot\u00e9g\u00e9s passe avant les autres personnes en attente. Parmi les \u00ab&nbsp;prot\u00e9g\u00e9s&nbsp;\u00bb je distingue Jennifer Robinson, l\u2019ancienne m\u00e9diatique avocate d\u2019Assange, mais il n\u2019y ni Christine Hawkins ni John Shipton. Greekemmy ne peut donc se pr\u00e9valoir face aux huissiers que son groupe serait la \u00ab&nbsp;famille&nbsp;\u00bb de Julian Assange. A ce stade nous sommes tous \u00e0 \u00e9galit\u00e9, des citoyens qui venons assister \u00e0 un proc\u00e8s public. Les hussiers laissent passer une vingtaine de journalistes qui ont montr\u00e9 leur carte de presse au secr\u00e9tariat. La foule commence \u00e0 pousser sur la porte et Greekemmy n\u2019est pas en reste, me poussant et me tirant et me criant que je ne suis \u00ab&nbsp;pas enregistr\u00e9e sur la liste&nbsp;\u00bb. Je lui r\u00e9ponds en Grec, qu\u2019il n\u2019y a pas de liste, que le proc\u00e8s est public et que tout le monde a le droit de rentrer. Elle me menace et laisse entendre que je serais une espionne\u2026 Je lui r\u00e9ponds qu\u2019elle n\u2019a qu\u2019\u00e0 demander \u00e0 mes amis politiques grecs qui je suis, je suis connue en Gr\u00e8ce, oui\u2026 Mais pendant que ses copines grecques me cherchent noise et que la tension monte avec la chaleur dans la foule mass\u00e9e sous la porte, les \u00ab&nbsp;personnalit\u00e9s&nbsp;\u00bb pour lesquelles ma contradictrice travaille ne font m\u00eame pas attention \u00e0 elle&nbsp;: ils et elles la m\u00e9prisent tellement qu\u2019ils se parlent entre eux contents de se retrouver.<\/p>\n\n\n\n<figure class=\"wp-block-embed is-type-video is-provider-youtube wp-block-embed-youtube wp-embed-aspect-16-9 wp-has-aspect-ratio\"><div class=\"wp-block-embed__wrapper\">\n<iframe title=\"Les Gilets Jaunes \u00e0 Londres pour Julian Assange\" width=\"640\" height=\"360\" src=\"https:\/\/www.youtube.com\/embed\/XFQNU82st88?feature=oembed\" frameborder=\"0\" allow=\"accelerometer; autoplay; clipboard-write; encrypted-media; gyroscope; picture-in-picture\" allowfullscreen><\/iframe>\n<\/div><\/figure>\n\n\n\n<p>A un moment donn\u00e9 les agents de s\u00e9curit\u00e9 r\u00e9clament le calme et commencent par faire rentrer le public au compte-goutte. Je me retrouve dans une petite pi\u00e8ce derri\u00e8re une vitre, comme dans la salle 3 mais plus grande. Je m\u2019assied au milieu dans la seconde rang\u00e9e et je ne bouge plus, quoi qu\u2019il m\u2019en coute. La salle est vite remplie et commence alors le man\u00e8ge des \u00ab&nbsp;substitutions&nbsp;\u00bb qui permet \u00e0 Juan Branco de s\u2019assoir entre John Pilger et Ken Livingstone \u00e0 ma droite malgr\u00e9 son retard. Il a quand m\u00eame essay\u00e9 de prendre place dans la salle d\u2019audience parmi les journalistes, mais les huissiers le font sortir car il n\u2019a pas de carte de presse et n\u2019est pas avocat inscrit au barreau anglais. Ils lui demandent aussi de faire fouiller son sac par la s\u00e9curit\u00e9 qu\u2019il a aussi visiblement r\u00e9ussi \u00e0 \u00e9viter. Un peu rouge, le jeune Fran\u00e7ais m\u00e9diatique obtemp\u00e8re. Maxime Nicolle arrivera vers la fin de l\u2019audience, selon le m\u00eame proc\u00e9d\u00e9 une militante se l\u00e8vera pour lui c\u00e9der la place, il sera assis \u00e0 cot\u00e9 de son ami.<\/p>\n\n\n\n<figure class=\"wp-block-embed is-type-video is-provider-youtube wp-block-embed-youtube wp-embed-aspect-16-9 wp-has-aspect-ratio\"><div class=\"wp-block-embed__wrapper\">\n<iframe title=\"&quot;Julien Assange pourrait \u00eatre un gilet jaune&quot;: des fran\u00e7ais \u00e0 Londres pour soutenir l&#039;activiste\" width=\"640\" height=\"360\" src=\"https:\/\/www.youtube.com\/embed\/e2mu8XFgs3k?feature=oembed\" frameborder=\"0\" allow=\"accelerometer; autoplay; clipboard-write; encrypted-media; gyroscope; picture-in-picture\" allowfullscreen><\/iframe>\n<\/div><\/figure>\n\n\n\n<p>Il fait chaud, on est serr\u00e9s et immobiles, nous avons soif car on n\u2019a pas le droit d\u2019avoir une bouteille d\u2019eau. Le temps passe, tout le monde a pris place dans la salle mais l\u2019audience ne d\u00e9marre pas. Je vois Gareth Peirce et Mark Summers arriv\u00e9s apr\u00e8s leur s\u00e9ance au caf\u00e9, derri\u00e8re son assistante et un autre homme qui s\u2019av\u00e9rera \u00eatre Alistar Lyon, proche collaborateur de Peirce. Je distingue aussi Clair Dobbin, <em>la request barrister<\/em> des Am\u00e9ricains et une autre de ses collaboratrices. Je comprends maintenant que l\u2019accusation, le procureur est assis devant le juge avec \u00e0 sa gauche les avocats de la d\u00e9fense et \u00e0 sa droite ceux de l\u2019accusation. Le greffier, un homme \u00e2g\u00e9, prend place derri\u00e8re le bureau sous l\u2019estrade du juge. Il restera remarquablement discret, laissant la jeune et accorte juge Baraitser mener la barque de ce show politique. Les nombreux journalistes sont assis en rang d\u2019oignon au fond de la salle, c\u2019est \u00e0 dire sous la vitre s\u00e9parant le public du personnel juridique. Mais qui sont donc ces messieurs, trois jeunes et grands aux costumes bien taill\u00e9s, aux sourires \u00e9clatants et un autre un peu plus \u00e2g\u00e9&nbsp;? Ils mettent \u00e0 profit notre interminable attente pour se concerter, ensemble, avec Clair Dobbin et sa coll\u00e8gue, puis avec le procureur\u2026 Ils se placent de mani\u00e8re \u00e0 ne pas \u00eatre entendus des journalistes. Le messages est clair. C\u2019est les pontes de l\u2019accusation. Des Am\u00e9ricains&nbsp;? Interrog\u00e9s, ils refuseront de donner leur nom \u00e0 la sortie de l\u2019audience.&nbsp; Ils sortiront contents d\u2019eux et souriant. J\u2019ai vite compris que le retard de l\u2019audience est destin\u00e9 \u00e0 leur permettre d\u2019avoir le temps de se concerter avec la partie anglaise. Dans ce dossier, il n\u2019y a jamais de hasard.<\/p>\n\n\n\n<p>Les agents de s\u00e9curit\u00e9 puis la juge Baraitser elle-m\u00eame nous mettent en garde&nbsp;: au moindre mouvement de perturbation nous serons vir\u00e9s et la s\u00e9ances suspendue. Il n\u2019est donc \u00e9videmment pas question de montrer nos panneaux. Puis, un ange passe, cela va tr\u00e8s vite. L\u2019audience commence. <strong>Julian Assange arrive dans l\u2019espace des accus\u00e9s<\/strong> derri\u00e8re la vitre, perpendiculaire \u00e0 notre espace. Il s\u2019assied au fond. Il est debout quand nous nous levons lorsqu\u2019apparait la juge. L\u2019\u00e9motion saisit tout le monde. Il est l\u00e0\u2026 Il l\u00e8ve son poing gauche serr\u00e9 et se tourne vers nous. Nous r\u00e9pondons \u00e0 son salut r\u00e9volutionnaire et levons le poing. C\u2019est tout ce que nous avons le droit de faire. L\u2019agent de s\u00e9curit\u00e9 qui nous scrute en permanence nous fait signe que c\u2019est fini. Le show commence.<\/p>\n\n\n\n<figure class=\"wp-block-image size-large\"><img loading=\"lazy\" width=\"1002\" height=\"631\" src=\"http:\/\/monika-karbowska-liberte-pour-julian-assange.ovh\/wp-content\/uploads\/2021\/02\/JA-le-21-octobre-2019.png\" alt=\"\" class=\"wp-image-1225\" srcset=\"http:\/\/monika-karbowska-liberte-pour-julian-assange.ovh\/wp-content\/uploads\/2021\/02\/JA-le-21-octobre-2019.png 1002w, http:\/\/monika-karbowska-liberte-pour-julian-assange.ovh\/wp-content\/uploads\/2021\/02\/JA-le-21-octobre-2019-300x189.png 300w, http:\/\/monika-karbowska-liberte-pour-julian-assange.ovh\/wp-content\/uploads\/2021\/02\/JA-le-21-octobre-2019-768x484.png 768w\" sizes=\"(max-width: 1002px) 100vw, 1002px\" \/><figcaption>Julian Assane pris en photo apr\u00e8s que les Gilet Jaunes eurent r\u00e9ussi \u00e0 stopper le fourgon quelques secondes. La photo correspond \u00e0 l&rsquo;homme que j&rsquo;ai vu dans le tribunal salle 1<\/figcaption><\/figure>\n\n\n\n<p>Julian Assange est grand et vout\u00e9, mais il ne parait pas si maigre vue de loin -on est \u00e0 30 m\u00e8tres, derri\u00e8re 2 vitres et on ne le voit que jusqu&rsquo;\u00e0 la taille car le bas du box est opaque. Ce n&rsquo;est que lorsqu\u2019il se l\u00e8ve et que sa veste se soul\u00e8ve qu&rsquo;on voit qu&rsquo;il est amaigri.&nbsp; Il porte un pull bleu ciel neuf, une chemise blanche avec le col rentr\u00e9 dans le pull, une veste bleue marine et un pantalon gris. Il est ras\u00e9 et cette fois on voit bien son visage. Ses cheveux blancs sont coup\u00e9s selon le style qu\u2019il affectionnait quand il \u00e9tait plus jeune, en 2007-2009, sans frange et coiff\u00e9s vers l\u2019arri\u00e8re. Pendant les 45 minutes de l&rsquo;audience il regarde devant lui &#8211; la juge, les avocats et l&rsquo;accusation, donc moi qui suis assise au milieu de la salle du public juste dans l&rsquo;axe de la juge, j&rsquo;ai une excellente vue sur son profil c\u00f4t\u00e9 droit. Je suis bien oblig\u00e9 de le dire, il a l&rsquo;air tr\u00e8s triste, tr\u00e8s abattu. Il a l&rsquo;air d&rsquo;\u00eatre le m\u00eame homme qu&rsquo;en 2010 mais comme s&rsquo;il avait 60 ans et pas 48. Bien s\u00fbr il a perdu son air innocent des ann\u00e9es de libert\u00e9, son sourire et son humour. Bien s\u00fbr, c&rsquo;\u00e9tait d\u00e9j\u00e0 ainsi pendant sa captivit\u00e9 chez les Equatoriens, mais je crois que c&rsquo;est encore plus fort. Pas un seul petit sourire pendant 45 minutes, m\u00eame esquiss\u00e9. De plus il ne regarde jamais vers l&rsquo;endroit ou se trouvent ses \u00ab\u00a0proches\u00a0\u00bb, les personnalit\u00e9s. <strong>JAMAIS il ne les salue ou il ne leur fait un signe de t\u00eate ou un sourire. JAMAIS. Il ne salut pas d&rsquo;ailleurs ni Gareth Peirce ni Mark Summers. Il ne leur fait AUCUN signe.<\/strong><\/p>\n\n\n\n<figure class=\"wp-block-image size-large\"><img loading=\"lazy\" width=\"1024\" height=\"576\" src=\"http:\/\/monika-karbowska-liberte-pour-julian-assange.ovh\/wp-content\/uploads\/2021\/02\/Assange-octobre-2019-1024x576.jpg\" alt=\"\" class=\"wp-image-1226\" srcset=\"http:\/\/monika-karbowska-liberte-pour-julian-assange.ovh\/wp-content\/uploads\/2021\/02\/Assange-octobre-2019-1024x576.jpg 1024w, http:\/\/monika-karbowska-liberte-pour-julian-assange.ovh\/wp-content\/uploads\/2021\/02\/Assange-octobre-2019-300x169.jpg 300w, http:\/\/monika-karbowska-liberte-pour-julian-assange.ovh\/wp-content\/uploads\/2021\/02\/Assange-octobre-2019-768x432.jpg 768w, http:\/\/monika-karbowska-liberte-pour-julian-assange.ovh\/wp-content\/uploads\/2021\/02\/Assange-octobre-2019.jpg 1280w\" sizes=\"(max-width: 1024px) 100vw, 1024px\" \/><figcaption>Assange flash\u00e9 par les photographes de Russia Today dans le fourgon<\/figcaption><\/figure>\n\n\n\n<p>Je vois bien son visage. Il a le menton rond, rentr\u00e9 vers l\u2019arri\u00e8re, comme s\u2019il serrait les dents en permanence. Cela fait ressortir son nez droit, comme sur les photo de 2010-11. Il a des yeux gris bleus fonc\u00e9s et &nbsp;un regard qu&rsquo;on remarque. Je dois vous dire que malgr\u00e9 son abattement il a une pr\u00e9sence physique impressionnante, un c\u00f4t\u00e9 solide malgr\u00e9 tout, il affronte. Quand il se l\u00e8ve, se rapproche de la vitre pour demander \u00e0 parler aux avocats, il garde les gestes gracieux qu&rsquo;il a naturellement, il y&nbsp; un cot\u00e9 doux et fort chez lui. Il a un dossier de papiers \u00e0 la main mais ne les consulte pas. A un moment donn\u00e9 il sort des lunettes de sa poche de veste, puis les remet dans la poche. Nous ne savons pas h\u00e9las ce qu&rsquo;il peut voir. Pendant la premi\u00e8re partie du proc\u00e8s il gardera cependant la m\u00eame attitude de retrait que sur la video du 11 octobre: il se balance doucement d&rsquo;avant en arri\u00e8re, parait absent, met ses mains sous les aisselles sous les pans de sa veste et sa jambe gauche sur son genou droit. Mais plus tard il va changer d&rsquo;attitude et je verrai ses mains, qui sont longues et fines comme sur les photos d\u2019avant la captivit\u00e9 en 2011.<\/p>\n\n\n\n<p>Je remarque la femme black qui est entr\u00e9e dans le box avec lui et qui le regarde, assise 4 si\u00e8ges derri\u00e8re lui. Elle le regarde avec bienveillance et une esp\u00e8ce de douceur comme une infirmi\u00e8re son malade. Je r\u00e9alise seulement plus tard que c&rsquo;est une gardienne &#8211; une polici\u00e8re ou une agent de s\u00e9curit\u00e9 de l\u2019entreprise charg\u00e9e de surveiller les d\u00e9tenus. Cela montre qu&rsquo;ils ne peuvent pas le garder \u00e0 Belmarsh car les gardiens eux-m\u00eames comprennent qu&rsquo;il n&rsquo;a rien \u00e0 faire la, et qu\u2019il n&rsquo;est pas un d\u00e9tenu dangereux. Il n&rsquo;y a qu&rsquo;\u00e0 comparer avec M. K., le d\u00e9tenu polonais condamn\u00e9 pour braquage dont j&rsquo;avais vu le cas le 18 octobre dernier. Je sentais de la compassion pour ce compatriote de mon \u00e2ge issu certainement de la classe ouvri\u00e8re qui a tant perdu dans le capitalisme, une vie pass\u00e9e entre prison et braquage est un d\u00e9sastre total. Mais M. K. est un homme violent et dur, cela se voit et cela m&rsquo;\u00e9tonnerait qu&rsquo;on laisserait cette femme seule le garder dans le box quand il comparait physiquement au tribunal! Julian Assange a l\u2019air plus que jamais d\u2019une souris \u00e9gar\u00e9e dans un nid de crotales.<\/p>\n\n\n\n<p>Derri\u00e8re moi sont assis les membres de la famille du migrant suivant qui va \u00eatre jug\u00e9 apr\u00e8s. Ils discutent entre eux, ne paraissent pas tr\u00e8s contents. L&rsquo;huissi\u00e8re les sort pour leur dire que leur proche sera jug\u00e9 bien plus tard, apr\u00e8s le proc\u00e8s politique. Deux chaises se lib\u00e8rent; ce qui permet \u00e0 deux femmes petites mains de Greekemmy chass\u00e9es par l\u2019arriv\u00e9e de Pilger et Branco de revenir assister \u00e0 l\u2019audience.<\/p>\n\n\n\n<p>La gardienne regardera son t\u00e9l\u00e9phone toute la dur\u00e9e de l&rsquo;audience, \u00e0 la moiti\u00e9 un autre gardien black arrivera et sera assis loin de Julian. L\u2019attitude de ces gardiens me fait penser, \u00e9tant donn\u00e9 qu\u2019ils sont les sont les premiers au courant de son \u00e9tat psychique, que la \u00ab&nbsp;dark place&nbsp;\u00bb est peut-\u00eatre une unit\u00e9 psychiatrique dans Belmarsh ou quelque part sur une base.<\/p>\n\n\n\n<p>L&rsquo;audience commence. Je vous livre ce que j&rsquo;ai compris mais il n\u2019est pas facile de saisir la totalit\u00e9 de ce qui est dit, car juge, accusation et avocats se r\u00e9pondent mutuellement entre eux dans une justice rendue au nom du Roi et non du peuple dans laquelle le peuple n\u2019est que tol\u00e9r\u00e9. La juge Baraister demande \u00e0 Julian Assange de se pr\u00e9senter. <strong>Il se l\u00e8ve mais a du mal \u00e0 dire son propre nom&#8230; Il tr\u00e9buche sur les mots, finit par dire \u00ab\u00a0Julian Assange\u00a0\u00bb mais doit essayer plusieurs fois avant de prononcer sa date de naissance<\/strong>. On l&rsquo;entend tr\u00e8s mal, mais c&rsquo;est bien sa voix, sa fa\u00e7on tr\u00e8s particuli\u00e8re de parler qui fait j\u2019ai toujours compris, alors que je ne suis pas anglophone, la totalit\u00e9 de ses conf\u00e9rences et entretiens fleuves donn\u00e9es en 2010 et toujours accessibles sur internet.<\/p>\n\n\n\n<p>La juge Baraister parle de la progression du \u00ab&nbsp;case&nbsp;\u00bb, de la proc\u00e9dure et du calendrier qui a \u00e9t\u00e9 fix\u00e9 \u00e0 la fin de juillet. Elle cite souvent une audience du 31 juillet, une audience dont le public et nous- m\u00eame n&rsquo;\u00e9tions pas au courant alors qu\u2019au coeur de l&rsquo;\u00e9t\u00e9 avocats et \u00ab&nbsp;proches&nbsp;\u00bb de Julian Assange \u00e9taient partis et nous nous inqui\u00e9tions tant de l\u2019absence de la moindre nouvelle. <strong>Ce qui veut dire que les audiences dites \u00ab\u00a0techniques\u00a0\u00bb peuvent \u00eatre primordiales&#8230;.<\/strong> La juge d\u00e9clare enfin qu\u2019une \u00ab&nbsp;plainte des Etats Unis a men\u00e9 \u00e0 la formulation d\u2019une requ\u00eate d\u2019extradition aupr\u00e8s du gouvernement britannique&nbsp;\u00bb. D\u00e8s que la voie diplomatique est cit\u00e9e, il apparait enfin que la proc\u00e9dure utilis\u00e9e est la convention bilat\u00e9rale d\u2019extradition. C\u2019est certes une proc\u00e9dure qui s\u2019appliquera, Brexit ou pas Brexit, mais il faudra que les \u00ab&nbsp;preuves&nbsp;\u00bb soient examin\u00e9es. Concr\u00e8tement dans ces proc\u00e9dures bilat\u00e9rales les juges doivent examiner les preuves et il n\u2019est nullement automatique de devoir ob\u00e9ir \u00e0 la requ\u00eate de l\u2019Etat \u00e9tranger, puisque contrairement au Mandat d\u2019Arr\u00eat Europ\u00e9en, l\u2019Etat receveur de la requ\u00eate garde sa souverainet\u00e9.  Baraister donne parole au procureur britannique Lewis qui globalement gardera la parole les trois quart du temps. Un petit quart sera donn\u00e9 \u00e0 Summers. Le procureur est assis en face de la juge entre Summers et Peirce et Clair Dobbin. Au d\u00e9but il pr\u00e9sente donc la plainte des Etats Unis menant \u00e0 une requ\u00eate d&rsquo;extradition faite \u00e0 la Grande Bretagne. Selon lui le \u00ab\u00a0peuple des Etats Unis\u00a0\u00bb se serait senti offens\u00e9 par le fait que Julian Assange ait publi\u00e9 les t\u00e9l\u00e9grammes diplomatiques secrets am\u00e9ricains. 19 000, 400 000; les chiffres des publications de Wikileaks en 2010 d\u00e9filent. L&rsquo;offense serait constitu\u00e9e par le fait que les publications aurait d\u00e9lib\u00e9r\u00e9ment d\u00e9voil\u00e9 le noms de gens qui de ce fait auraient \u00e9t\u00e9 tortur\u00e9s et mis \u00e0 mort.<\/p>\n\n\n\n<p>C&rsquo;est le m\u00eame argument qu&rsquo;en 2010 et on sait qu\u2019il est faux. Le gouvernement des Etats-Unis de l\u2019\u00e9poque l\u2019avait admis. Mais que peuvent ils inventer d&rsquo;autre?&nbsp; Rien. Il faut qu&rsquo;ils justifient \u00ab\u00a0l\u2019offense faite au peuple am\u00e9ricain\u00a0\u00bb alors m\u00eame que leur requ\u00eate viole leurs propres lois. Il s\u2019en suit un dialogue entre procureur et juge \u00e0 propos du calendrier. Des dates sont \u00e9num\u00e9r\u00e9es&nbsp;: le 2 mai l\u2019arrestation, le 14 juin &#8211; \u00ab\u00a0l&rsquo;extradition adress&nbsp;\u00bb,&nbsp; puis le 31 juillet \u00ab\u00a0case management\u00a0\u00bb (audience de gestion), puis l&rsquo;instruction de la plainte et une date importante pour la d\u00e9fense &#8211;<strong>le 18 octobre. Oui, le 18 octobre il s&rsquo;est pass\u00e9 quelque chose d&rsquo;important entre les avocats et la juge. Mais j\u2019\u00e9tais pr\u00e9sente salle num\u00e9ro 3 aux audiences d\u2019extradition et je n\u2019y ai vu que les extrad\u00e9s est-europ\u00e9ens. Julien Assange n\u2019a pas comparu. <\/strong>Il est possible que c\u2019\u00e9tait la date limite du d\u00e9p\u00f4t des preuves de la d\u00e9fense, et cela a \u00e9t\u00e9 r\u00e9gl\u00e9 entre avocat et juge via le d\u00e9p\u00f4t des documents dans le dossier.Ce que je comprends est que l\u2019accusation veut que les preuves des deux parties soient d\u00e9pos\u00e9es en un mois, la d\u00e9fense veut avoir trois mois.<\/p>\n\n\n\n<figure class=\"wp-block-image size-large is-resized\"><img src=\"http:\/\/monika-karbowska-liberte-pour-julian-assange.ovh\/wp-content\/uploads\/2021\/02\/IMG_20191018_094316-768x1024.jpg\" alt=\"\" class=\"wp-image-1227\" height=\"700\" srcset=\"http:\/\/monika-karbowska-liberte-pour-julian-assange.ovh\/wp-content\/uploads\/2021\/02\/IMG_20191018_094316-768x1024.jpg 768w, http:\/\/monika-karbowska-liberte-pour-julian-assange.ovh\/wp-content\/uploads\/2021\/02\/IMG_20191018_094316-225x300.jpg 225w, http:\/\/monika-karbowska-liberte-pour-julian-assange.ovh\/wp-content\/uploads\/2021\/02\/IMG_20191018_094316-1152x1536.jpg 1152w, http:\/\/monika-karbowska-liberte-pour-julian-assange.ovh\/wp-content\/uploads\/2021\/02\/IMG_20191018_094316-1536x2048.jpg 1536w, http:\/\/monika-karbowska-liberte-pour-julian-assange.ovh\/wp-content\/uploads\/2021\/02\/IMG_20191018_094316-1568x2091.jpg 1568w, http:\/\/monika-karbowska-liberte-pour-julian-assange.ovh\/wp-content\/uploads\/2021\/02\/IMG_20191018_094316-scaled.jpg 1920w\" sizes=\"(max-width: 768px) 100vw, 768px\" \/><figcaption>Liste des extrad\u00e9s \u00e0 la Westminster Court. La photo \u00e9tant interdite, celle du 21 octobre n&rsquo;a pas pu \u00eatre photographi\u00e9e<\/figcaption><\/figure>\n\n\n\n<p>La juge donne la parole \u00e0 Mark Summers. Celui se l\u00e8ve et commence sa plaidoirie d&rsquo;abord d&rsquo;une voix forte, puis finit malheureusement par baisser le ton et la fin de son discours n\u2019est plus audible du public. Il explique que ce proc\u00e8s a une haute importance politique et ses cons\u00e9quences vont affecter tous les lanceurs d\u2019alerte et les journalistes d\u2019investigation. Il parle de libert\u00e9 d&rsquo;expression d&rsquo;une belle fa\u00e7on mais je ne sais pas si son \u00e9loquence apporte quelque chose de nouveau. Il \u00e9voque les \u00ab\u00a0spanish contractors&nbsp;\u00bb, l\u2019entreprise de s\u00e9curit\u00e9 priv\u00e9e qui a espionn\u00e9 Julian Assange dans les locaux de l&rsquo;Equateur et le proc\u00e8s qui est en cours pour obtenir ces enregistrements afin de demander un d\u00e9lai suppl\u00e9mentaire pour les preuves. (Je suis toujours irrit\u00e9e quand les avocats s\u2019indignent que leur relation avec Julian Assange ait pu \u00eatre espionn\u00e9e mais jamais ils ne parlent que sa vie priv\u00e9e \u00e0 lui a \u00e9t\u00e9 viol\u00e9e, que son intimit\u00e9 a \u00e9t\u00e9 expos\u00e9e\u2026 il y a t -il un proc\u00e8s en cours contre \u00e7a&nbsp;?) Il parle de Chelsea Manning et des contacts n\u00e9cessaires avec les avocats am\u00e9ricains. Il veut avoir 3 ou 4 mois de plus, mais il ne cite qu&rsquo;une date, le 18 d\u00e9cembre, aucune en f\u00e9vrier, mars ou avril&#8230; Or si le juge ne lui accorde que deux mois pour d\u00e9poser les preuves de la d\u00e9fense, le reste du timing se d\u00e9roulera comme il \u00e9tait pr\u00e9vu par l\u2019accusation et le \u00ab\u00a0full extradition hearing&nbsp;\u00bb aura bien lieu en f\u00e9vrier 2020.<\/p>\n\n\n\n<p>La juge reformule \u00e0 voix haute&nbsp;: \u00a0\u00bb application for more time for evidence\u00a0\u00bb &#8211; requ\u00eate pour plus de temps pour d\u00e9poser les preuves. Julian Assange assiste \u00e0 cela le regard vide. Il semble mal \u00e0 l&rsquo;aise, absent. Puis il s&rsquo;anime quand la juge propose une pause pour qu&rsquo;il puisse parler \u00e0 sa d\u00e9fense. Mark Summers a effectivement \u00e9voqu\u00e9 la difficult\u00e9 de communiquer avec Julian Assange en prison. <strong>Mais pour autant il ne fait pas demande de lib\u00e9ration, ou un changement de prison pour Wandsworth <\/strong>(comme je sais d\u00e9sormais par mes avocats polonais qu\u2019il est possible et souhaitable de faire)<strong> ou un changement de r\u00e9gime carc\u00e9ral. On comprend vite que dans ce th\u00e9\u00e2tre un avocat en vue fait carri\u00e8re, il ne va pas risquer de demander des choses qui vont \u00eatre refus\u00e9s. Donc il ne demande rien. <\/strong>C\u2019est l\u00e0 o\u00f9 on s\u2019aper\u00e7oit que Julian Assange aurait peut-\u00eatre \u00e9t\u00e9 mieux d\u00e9fendu par des avocats moins connus qui n\u2019ont pas \u00e0 perdre une r\u00e9putation ou une carri\u00e8re.<\/p>\n\n\n\n<p>Alors la pause a lieu. La juge part, on se l\u00e8ve. Alors, le petit monde de Greekemmy ne s&rsquo;occupe plus que de lui&nbsp;: les uns vont boire, d&rsquo;autres aux toilettes, ils se parlent; sortent faire leur communication avec les journalistes. Peu de gens restent pour Julian. Moi \u00e9videment je reste. Je le regarde, je lui souris, j&rsquo;essaye de lui transmettre notre message mentalement, de faire comme si les murs et les vitres n\u2019existaient pas et que je pouvais lui transmettre mes paroles par la pens\u00e9e, par les yeux. Je le vois toujours assis s&rsquo;approcher de la vitre. Il parle d&rsquo;abord \u00e0 Summers et Peirce, puis \u00e0 Alistar Lyon, le collaborateur de Peirce. Lyon ne va pas s\u2019exprimer aujourd&rsquo;hui. Donc si Julian lui parle, c&rsquo;est pour pr\u00e9parer la suite.<\/p>\n\n\n\n<figure class=\"wp-block-image size-large\"><img loading=\"lazy\" width=\"460\" height=\"276\" src=\"http:\/\/monika-karbowska-liberte-pour-julian-assange.ovh\/wp-content\/uploads\/2021\/02\/1_4SS44hYW_raSwKJpHvAVZg.jpeg\" alt=\"\" class=\"wp-image-1230\" srcset=\"http:\/\/monika-karbowska-liberte-pour-julian-assange.ovh\/wp-content\/uploads\/2021\/02\/1_4SS44hYW_raSwKJpHvAVZg.jpeg 460w, http:\/\/monika-karbowska-liberte-pour-julian-assange.ovh\/wp-content\/uploads\/2021\/02\/1_4SS44hYW_raSwKJpHvAVZg-300x180.jpeg 300w\" sizes=\"(max-width: 460px) 100vw, 460px\" \/><figcaption>Julian Assange en 2010<\/figcaption><\/figure>\n\n\n\n<p>Quand Lyon se penche vers Julian pour lui parler, Julian est tourn\u00e9 vers le public. Alors je vois qu&rsquo;il me voit. Je vois bien ses yeux et j\u2019\u00e9tablis un contact visuel. Mais il reste triste et concentr\u00e9.C&rsquo;est fini, la juge revient. La bataille des dates continue. Le procureur r\u00e9clame un mois&nbsp;: \u00ab\u00a0it is very easy to say more time\u00a0\u00bb&lsquo;. Summers demande plus de temps, mais il est toujours question du 18 d\u00e9cembre, deux mois apr\u00e8s le 18 octobre. La juge dit qu&rsquo;il faut une n\u00e9gociation. Julian semble s&rsquo;animer et \u00e9couter, il se rapproche de la vitre. Mais il ne regarde toujours pas le public.&nbsp;Les protagonistes du \u00ab&nbsp;management&nbsp;\u00bb, de la \u00ab&nbsp;gestion du cas&nbsp;\u00bb sortent chacun leur agenda comme dans une rencontre commerciale. Si le d\u00e9p\u00f4t des preuves de la d\u00e9fense sera le 18 d\u00e9cembre, le 18 janvier la date limite des preuves de l&rsquo;accusation, le 1 f\u00e9vrier on liste les documents de la d\u00e9fense, le 18 f\u00e9vrier c&rsquo;est le \u00ab\u00a0prosecution hearing\u00a0\u00bb &nbsp;(l\u2019audience d\u2019accusation) et puis du 21 au 24 f\u00e9vrier aura lieu le \u00ab\u00a0full extradition hearing\u00a0\u00bb (l\u2019audience finale d\u2019extradition).<\/p>\n\n\n\n<figure class=\"wp-block-image size-large is-resized\"><img src=\"http:\/\/monika-karbowska-liberte-pour-julian-assange.ovh\/wp-content\/uploads\/2021\/02\/AustralianHouse_GroupZoom-1024x684.jpg\" alt=\"\" class=\"wp-image-1231\" width=\"800\" srcset=\"http:\/\/monika-karbowska-liberte-pour-julian-assange.ovh\/wp-content\/uploads\/2021\/02\/AustralianHouse_GroupZoom-1024x684.jpg 1024w, http:\/\/monika-karbowska-liberte-pour-julian-assange.ovh\/wp-content\/uploads\/2021\/02\/AustralianHouse_GroupZoom-300x200.jpg 300w, http:\/\/monika-karbowska-liberte-pour-julian-assange.ovh\/wp-content\/uploads\/2021\/02\/AustralianHouse_GroupZoom-768x513.jpg 768w, http:\/\/monika-karbowska-liberte-pour-julian-assange.ovh\/wp-content\/uploads\/2021\/02\/AustralianHouse_GroupZoom-1536x1025.jpg 1536w, http:\/\/monika-karbowska-liberte-pour-julian-assange.ovh\/wp-content\/uploads\/2021\/02\/AustralianHouse_GroupZoom-2048x1367.jpg 2048w, http:\/\/monika-karbowska-liberte-pour-julian-assange.ovh\/wp-content\/uploads\/2021\/02\/AustralianHouse_GroupZoom-1568x1047.jpg 1568w\" sizes=\"(max-width: 1024px) 100vw, 1024px\" \/><figcaption>Gilets Jaunes devant le High Governorate de l&rsquo;Australie<\/figcaption><\/figure>\n\n\n\n<p>C&rsquo;est ce qui est d\u00e9cid\u00e9. La juge repousse les demandes, que je trouve assez flous, de Mark Summers. Elle arr\u00eate ce calendrier. Elle se tourne vers Julian pour lui signifier sa d\u00e9cision. Elle lui dit qu&rsquo;il restera en d\u00e9tention et qu&rsquo;il doit comparaitre tous les 28 jours en video. La premi\u00e8re date de comparution pour prolongation de d\u00e9tention sera le 18 novembre. Elle se garde \u00e9videmment de dire que ces dates sont aussi des occasions pour la d\u00e9fense de formuler des requ\u00eate de remise en libert\u00e9, sous caution, pour raisons de sant\u00e9 ou raisons familiale. C\u2019est pourtant l\u00e9galement possible et cette bataille est le quotidien des avocats polonais que j\u2019ai vu lutter dans ces salles pour sortir leur client du centre de r\u00e9tention. Mais Baraitser ne risque pas d\u2019\u00eatre ennuy\u00e9e par l\u2019examen des demandes de lib\u00e9ration formul\u00e9es par Summers ou Peirce&nbsp;: elle sait qu\u2019il n\u2019y en aura pas. Elle continue tranquillement \u00e0 citer le 19 d\u00e9cembre en video pour le \u00ab&nbsp;case management hearing&nbsp;\u00bb, puis le 18 janvier (les 28 jours \u00e9coul\u00e9s), le 1 f\u00e9vrier, le 18 f\u00e9vrier, puis le final du 21 au 24 f\u00e9vrier. La fin aura lieu au tribunal de Belmarsh. Un murmure d&rsquo;horreur parcourt alors la partie de la salle d\u00e9vou\u00e9e \u00e0 Greekemmy. On comprend et pour le coup on se sent proche de Greekemmy\u2026<\/p>\n\n\n\n<figure class=\"wp-block-embed is-type-wp-embed is-provider-initiative-communiste wp-block-embed-initiative-communiste\"><div class=\"wp-block-embed__wrapper\">\nhttps:\/\/www.initiative-communiste.fr\/articles\/international\/assange-en-danger-sa-liberation-une-urgence\/\n<\/div><\/figure>\n\n\n\n<p>Alors la juge Baraitser permet \u00e0 Julian Assange de prendre la parole. <strong>Et c&rsquo;est l\u00e0 que le terrible, l\u2019extraordinaire se produit.<\/strong> Il se l\u00e8ve, essaye de parler. Il n&rsquo;arrive pas \u00e0 prononcer des phrases enti\u00e8res, elles sont h\u00e2ch\u00e9es, il parle bas, il b\u00e9guaye. On voit qu&rsquo;il est dans un sale \u00e9tat. Nous sommes tous suspendus \u00e0 ses l\u00e8vres en tentant de comprendre ce qu&rsquo;il dit. Pour la premi\u00e8re fois, on se sent uni avec tous ces gens hostiles&#8230; Il est au bord des larmes, pleure je crois, comme sur le balcon en mai 2017. Tout d\u2019abord Baraitser, tel un bourreau froid, lui demande s\u2019il a compris<strong>. Il r\u00e9pond que non&nbsp;!<\/strong> Elle lui dit de demander \u00e0 ses avocats, comme si un homme qui n\u2019est pas en \u00e9tat de comprendre devait \u00eatre d\u00e9pendant des autres, plut\u00f4t qu\u2019on le lib\u00e8re pour reprendre des forces et se battre lui-m\u00eame pour son sort. <strong>Mais Julian Assange ne se laisse pas remettre dans la case de la passivit\u00e9. Il lutte. Il dit que ce n&rsquo;est pas fair, que la puissance avait 10 ans pour pr\u00e9parer ce proc\u00e8s&#8230; Il \u00e9voque qu&rsquo;il n&rsquo;a pas ses documents&#8230; Dans les deux derni\u00e8res phrases, les plus terribles, je distingue \u00ab\u00a0interior life\u00a0\u00bb et \u00ab\u00a0&lsquo;children\u00a0\u00bb&#8230;<\/strong> Mais je ne comprends rien d&rsquo;autre. C&rsquo;est horrible. M\u00eame les Anglais ne comprennent rien. J&rsquo;interroge mon voisin, il n&rsquo;a pas entendu mieux que moi. (C\u2019est par la suite que nous aurons la transcription de ses paroles, minutieusement not\u00e9es et surement recoup\u00e9es par le journaliste du Guardian. C\u2019\u00e9tait possible pour les journalistes de mieux entendre que nous, puisqu\u2019ils se trouvaient \u00e0 10 m\u00e8tres de lui derri\u00e8re une vitre, nous \u00e0 30 et derri\u00e8res deux vitres\u2026-) \u2013 <strong>\u00ab&nbsp;Ils sont entr\u00e9s dans ma vie int\u00e9rieur avec les psychologues. Ils ont vol\u00e9 l\u2019ADN de mes enfants&nbsp;\u00bb.<\/strong> Quoi que ces mots veuillent dire, ils parlent de la torture que cet homme a subi et dont il nous avertit. La torture est un crime, que tout le monde se rappelle\u2026<\/p>\n\n\n\n<figure class=\"wp-block-embed is-type-video is-provider-youtube wp-block-embed-youtube wp-embed-aspect-16-9 wp-has-aspect-ratio\"><div class=\"wp-block-embed__wrapper\">\n<iframe title=\"Assange : \u00abIl est possible que Julian Assange soit extrad\u00e9 avant le Brexit\u00bb\" width=\"640\" height=\"360\" src=\"https:\/\/www.youtube.com\/embed\/9abaFepzXM0?feature=oembed\" frameborder=\"0\" allow=\"accelerometer; autoplay; clipboard-write; encrypted-media; gyroscope; picture-in-picture\" allowfullscreen><\/iframe>\n<\/div><\/figure>\n\n\n\n<p>C&rsquo;est fini. La juge part, Julian est parti, j\u2019avais baiss\u00e9 la t\u00eate et j&rsquo;ai loup\u00e9 le moment. Les agents de s\u00e9curit\u00e9 nous chassent et font sortir les judiciaires par la suite. Je passe mon temps \u00e0 pister les Am\u00e9ricains de l&rsquo;accusation pour leur demander leur nom puis \u00e0 tenter de parler \u00e0 Alistar Lyon. Clair Dobbin me salue en me reconnaissant. Dehors les autres font leur com alors que les Gilets Jaunes pourchassent le fourgon de police priv\u00e9e qui emm\u00e8ne Julian. Il n\u2019est plus seul, je suis sure qu\u2019il l\u2019a compris. Il nous a vu et il a entendu le peuple qui vient pour le lib\u00e9rer\u2026<\/p>\n\n\n\n<figure class=\"wp-block-image size-large is-resized\"><img src=\"http:\/\/monika-karbowska-liberte-pour-julian-assange.ovh\/wp-content\/uploads\/2021\/02\/DSC_4407-1024x684.jpg\" alt=\"\" class=\"wp-image-1232\" width=\"800\" srcset=\"http:\/\/monika-karbowska-liberte-pour-julian-assange.ovh\/wp-content\/uploads\/2021\/02\/DSC_4407-1024x684.jpg 1024w, http:\/\/monika-karbowska-liberte-pour-julian-assange.ovh\/wp-content\/uploads\/2021\/02\/DSC_4407-300x200.jpg 300w, http:\/\/monika-karbowska-liberte-pour-julian-assange.ovh\/wp-content\/uploads\/2021\/02\/DSC_4407-768x513.jpg 768w, http:\/\/monika-karbowska-liberte-pour-julian-assange.ovh\/wp-content\/uploads\/2021\/02\/DSC_4407-1536x1025.jpg 1536w, http:\/\/monika-karbowska-liberte-pour-julian-assange.ovh\/wp-content\/uploads\/2021\/02\/DSC_4407-2048x1367.jpg 2048w, http:\/\/monika-karbowska-liberte-pour-julian-assange.ovh\/wp-content\/uploads\/2021\/02\/DSC_4407-1568x1047.jpg 1568w\" sizes=\"(max-width: 1024px) 100vw, 1024px\" \/><\/figure>\n\n\n\n<figure class=\"wp-block-image size-large is-resized\"><img src=\"http:\/\/monika-karbowska-liberte-pour-julian-assange.ovh\/wp-content\/uploads\/2021\/02\/DSC_4367-1024x684.jpg\" alt=\"\" class=\"wp-image-1233\" width=\"800\" srcset=\"http:\/\/monika-karbowska-liberte-pour-julian-assange.ovh\/wp-content\/uploads\/2021\/02\/DSC_4367-1024x684.jpg 1024w, http:\/\/monika-karbowska-liberte-pour-julian-assange.ovh\/wp-content\/uploads\/2021\/02\/DSC_4367-300x200.jpg 300w, http:\/\/monika-karbowska-liberte-pour-julian-assange.ovh\/wp-content\/uploads\/2021\/02\/DSC_4367-768x513.jpg 768w, http:\/\/monika-karbowska-liberte-pour-julian-assange.ovh\/wp-content\/uploads\/2021\/02\/DSC_4367-1536x1025.jpg 1536w, http:\/\/monika-karbowska-liberte-pour-julian-assange.ovh\/wp-content\/uploads\/2021\/02\/DSC_4367-2048x1367.jpg 2048w, http:\/\/monika-karbowska-liberte-pour-julian-assange.ovh\/wp-content\/uploads\/2021\/02\/DSC_4367-1568x1047.jpg 1568w\" sizes=\"(max-width: 1024px) 100vw, 1024px\" \/><\/figure>\n\n\n\n<p>Alors je suis intrigu\u00e9e car je remarque Hrafnsonn, Pilger et Lockhart Smith sortir d&rsquo;une \u00ab&nbsp;consultation room 4&nbsp;\u00bb, salle normalement ferm\u00e9e car r\u00e9serv\u00e9 aux avocats. Ils ont l\u2019air contents d&rsquo;eux. <strong>Par la vitre de cette salle je vois aussi Juan Branco en conversation avec Renata Avila responsable dans l\u2019organisation Open Democracy financ\u00e9e par Goerges Soros et responsable politique dans le mouvement de Yanis Varoufakis Diem 25 ! &nbsp;<\/strong>Je suis \u00e9tonn\u00e9e qu\u2019un tribunal britannique aussi \u00e0 cheval sur les r\u00e8gles permette \u00e0 des mouvements politiques et des personnes priv\u00e9es d\u2019utiliser ses salles pour des r\u00e9unions.Car c\u2019est confirm\u00e9, ces salles sont r\u00e9serv\u00e9es aux avocats et \u00e0 leurs clients, certainement pour \u00e9viter les s\u00e9ances de travail dehors telle ce matin ma rencontre impromptue avec Gareth Peirce et Mark Summers au caf\u00e9 du coin.Dans cette affaire, le \u00ab&nbsp;client&nbsp;\u00bb est Julian Assange, il est adulte et n\u2019est pas sous curatelle (\u00e0 moins que&nbsp;?) et donc personne ne doit le repr\u00e9senter aupr\u00e8s de ses avocats, qui sont respectivement sollicitor Gareth Peirce et barrister Mark Summers. Tous les autres ont les m\u00eames droits que le public, que moi et ne devraient pas avoir d\u2019acc\u00e8s privil\u00e9gi\u00e9 \u00e0 ces lieux.<\/p>\n\n\n\n<p>Nous retrouvons nos amis dehors alors que les cam\u00e9ras s\u2019activent autour de la foule. Les Gilets Jaunes font la R\u00e9volution \u00e0 Londres. La lutte continue.<\/p>\n\n\n\n<figure class=\"wp-block-image size-large is-resized\"><img src=\"http:\/\/monika-karbowska-liberte-pour-julian-assange.ovh\/wp-content\/uploads\/2021\/02\/DSC_4314-1024x684.jpg\" alt=\"\" class=\"wp-image-1235\" width=\"800\" srcset=\"http:\/\/monika-karbowska-liberte-pour-julian-assange.ovh\/wp-content\/uploads\/2021\/02\/DSC_4314-1024x684.jpg 1024w, http:\/\/monika-karbowska-liberte-pour-julian-assange.ovh\/wp-content\/uploads\/2021\/02\/DSC_4314-300x200.jpg 300w, http:\/\/monika-karbowska-liberte-pour-julian-assange.ovh\/wp-content\/uploads\/2021\/02\/DSC_4314-768x513.jpg 768w, http:\/\/monika-karbowska-liberte-pour-julian-assange.ovh\/wp-content\/uploads\/2021\/02\/DSC_4314-1536x1025.jpg 1536w, http:\/\/monika-karbowska-liberte-pour-julian-assange.ovh\/wp-content\/uploads\/2021\/02\/DSC_4314-2048x1367.jpg 2048w, http:\/\/monika-karbowska-liberte-pour-julian-assange.ovh\/wp-content\/uploads\/2021\/02\/DSC_4314-1568x1047.jpg 1568w\" sizes=\"(max-width: 1024px) 100vw, 1024px\" \/><\/figure>\n","protected":false},"excerpt":{"rendered":"<p>Monika Karbowska https:\/\/www.linkedin.com\/pulse\/situation-report-1-political-prisoner-julian-assange-v%C3%A9ronique\/ Julian Assange SOS | LinkedIn Lorsqu\u2019en mai 2019 j\u2019ai commenc\u00e9 \u00e0 m\u2019occuper de \u00ab&nbsp;l\u2019affaire Assange&nbsp;\u00bb j\u2019avais l\u2019intention de d\u00e9monter la cabale embrouill\u00e9e des accusations su\u00e9doises mont\u00e9es contre lui. Mon but \u00e9tait surtout de nettoyer \u00ab&nbsp;mon&nbsp;\u00bb milieu f\u00e9ministe qui \u00e0 mon sens se laissait manipuler par des organisations douteuses et se fourvoyait dans [&hellip;]<\/p>\n","protected":false},"author":1,"featured_media":0,"comment_status":"open","ping_status":"open","sticky":false,"template":"","format":"standard","meta":[],"categories":[4],"tags":[],"_links":{"self":[{"href":"http:\/\/monika-karbowska-liberte-pour-julian-assange.ovh\/index.php?rest_route=\/wp\/v2\/posts\/1198"}],"collection":[{"href":"http:\/\/monika-karbowska-liberte-pour-julian-assange.ovh\/index.php?rest_route=\/wp\/v2\/posts"}],"about":[{"href":"http:\/\/monika-karbowska-liberte-pour-julian-assange.ovh\/index.php?rest_route=\/wp\/v2\/types\/post"}],"author":[{"embeddable":true,"href":"http:\/\/monika-karbowska-liberte-pour-julian-assange.ovh\/index.php?rest_route=\/wp\/v2\/users\/1"}],"replies":[{"embeddable":true,"href":"http:\/\/monika-karbowska-liberte-pour-julian-assange.ovh\/index.php?rest_route=%2Fwp%2Fv2%2Fcomments&post=1198"}],"version-history":[{"count":15,"href":"http:\/\/monika-karbowska-liberte-pour-julian-assange.ovh\/index.php?rest_route=\/wp\/v2\/posts\/1198\/revisions"}],"predecessor-version":[{"id":1264,"href":"http:\/\/monika-karbowska-liberte-pour-julian-assange.ovh\/index.php?rest_route=\/wp\/v2\/posts\/1198\/revisions\/1264"}],"wp:attachment":[{"href":"http:\/\/monika-karbowska-liberte-pour-julian-assange.ovh\/index.php?rest_route=%2Fwp%2Fv2%2Fmedia&parent=1198"}],"wp:term":[{"taxonomy":"category","embeddable":true,"href":"http:\/\/monika-karbowska-liberte-pour-julian-assange.ovh\/index.php?rest_route=%2Fwp%2Fv2%2Fcategories&post=1198"},{"taxonomy":"post_tag","embeddable":true,"href":"http:\/\/monika-karbowska-liberte-pour-julian-assange.ovh\/index.php?rest_route=%2Fwp%2Fv2%2Ftags&post=1198"}],"curies":[{"name":"wp","href":"https:\/\/api.w.org\/{rel}","templated":true}]}}